{"id":4318,"date":"2024-12-13T10:22:40","date_gmt":"2024-12-13T09:22:40","guid":{"rendered":"https:\/\/agora.xtec.cat\/iesllavaneres\/?p=4318"},"modified":"2024-12-16T12:41:44","modified_gmt":"2024-12-16T11:41:44","slug":"tancament-dels-tallers-sobre-educacio-afectivosexual","status":"publish","type":"post","link":"https:\/\/agora.xtec.cat\/iesllavaneres\/eso-1\/tancament-dels-tallers-sobre-educacio-afectivosexual\/","title":{"rendered":"Tancament dels tallers sobre educaci\u00f3 afectivosexual"},"content":{"rendered":"<p><a href=\"https:\/\/agora.xtec.cat\/iesllavaneres\/wp-content\/uploads\/usu2229\/2024\/12\/1733915971817-min-scaled.jpg\"><img loading=\"lazy\" decoding=\"async\" class=\"alignnone size-large wp-image-4321\" src=\"https:\/\/agora.xtec.cat\/iesllavaneres\/wp-content\/uploads\/usu2229\/2024\/12\/1733915971817-min-1024x766.jpg\" alt=\"\" width=\"1024\" height=\"766\" srcset=\"https:\/\/agora.xtec.cat\/iesllavaneres\/wp-content\/uploads\/usu2229\/2024\/12\/1733915971817-min-1024x766.jpg 1024w, https:\/\/agora.xtec.cat\/iesllavaneres\/wp-content\/uploads\/usu2229\/2024\/12\/1733915971817-min-300x224.jpg 300w, https:\/\/agora.xtec.cat\/iesllavaneres\/wp-content\/uploads\/usu2229\/2024\/12\/1733915971817-min-768x574.jpg 768w, https:\/\/agora.xtec.cat\/iesllavaneres\/wp-content\/uploads\/usu2229\/2024\/12\/1733915971817-min-1536x1149.jpg 1536w, https:\/\/agora.xtec.cat\/iesllavaneres\/wp-content\/uploads\/usu2229\/2024\/12\/1733915971817-min-2048x1532.jpg 2048w, https:\/\/agora.xtec.cat\/iesllavaneres\/wp-content\/uploads\/usu2229\/2024\/12\/1733915971817-min-200x150.jpg 200w\" sizes=\"auto, (max-width: 1024px) 100vw, 1024px\" \/><\/a>La Regidoria d&#8217;Igualtat de l&#8217;Ajuntament de Llavaneres financia, en col\u00b7laboraci\u00f3 amb la Diputaci\u00f3 de Barcelona, els tallers sobre educaci\u00f3 afectivosexual, impartits per l&#8217;entitat <a href=\"https:\/\/www.sidastudi.org\/\">SidaStudi<\/a>. S\u00f3n el resultat de la coordinaci\u00f3 en l&#8217;\u00e0mbit de la coeducaci\u00f3 triat entre els tres centres educatius de Llavaneres, les escoles de prim\u00e0ria Jaume Llull i Serena Vall i l&#8217;Institut de Llavaneres.<\/p>\n<p><span style=\"font-family: Arial, sans-serif;\"><span style=\"font-size: medium;\"><span style=\"color: #444444;\">Aquesta entitat ha facilitat un espai d\u2019educaci\u00f3 sexual per a l&#8217;alumnat de 1r d&#8217;ESO, prenent com a punts de partida el plaer, l\u2019afectivitat i els drets sexuals. Han treballat les principals dimensions de la sexualitat: la viv\u00e8ncia del cos i del plaer, els sentiments i les emocions, la presa de decisions i la cura de la salut sexual&#8230; posant especial \u00e8mfasi en els aspectes que atenen les sexualitat<\/span><span style=\"color: #444444;\">s<\/span><span style=\"color: #444444;\"> com a processos d\u2019aprenentatge i en l\u2019adquisici\u00f3 d\u2019habilitats de comunicaci\u00f3, presa de decisions i empatia. Aquests tallers aborden la perspectiva de g\u00e8nere reflexionant al voltant dels estereotips i les falses creences en l\u2019\u00e0mbit sexual i afectiu per tal de fomentar relacions igualit\u00e0ries i prevenir viol\u00e8ncies masclistes.<\/span> <\/span><\/span><\/p>\n<p>S&#8217;han portat a terme formacions a tres nivells: les fam\u00edlies, al juny, el professorat, al novembre, i els alumnes, al desembre. A les escoles de prim\u00e0ria han fet la mateixa formaci\u00f3, adaptada a l&#8217;edat de l&#8217;alumnat. Amb els tallers d&#8217;aquesta setmana als alumnes de 1r d&#8217;ESO, s&#8217;acaba aquest projecte.<\/p>\n<p>Per al curs 2025\/2026, es preveu una acci\u00f3 similar, centrada en un altre tema relacionat amb la coeducaci\u00f3, que implicar\u00e0 igualment tots els membres de la comunitat educativa.<\/p>\n<p>M\u00edriam Rialp Bonet, COCOBE<\/p>\n<p>&nbsp;<\/p>\n","protected":false},"excerpt":{"rendered":"<p>La Regidoria d&#8217;Igualtat de l&#8217;Ajuntament de Llavaneres financia, en col\u00b7laboraci\u00f3 amb la Diputaci\u00f3 de Barcelona, els tallers sobre educaci\u00f3 afectivosexual, impartits per l&#8217;entitat SidaStudi. S\u00f3n el resultat de la coordinaci\u00f3 en l&#8217;\u00e0mbit de la coeducaci\u00f3 triat entre els tres centres educatius de Llavaneres, les escoles de prim\u00e0ria Jaume Llull i Serena Vall i l&#8217;Institut de [&hellip;]<\/p>\n","protected":false},"author":4,"featured_media":0,"comment_status":"open","ping_status":"closed","sticky":false,"template":"","format":"standard","meta":{"_bbp_topic_count":0,"_bbp_reply_count":0,"_bbp_total_topic_count":0,"_bbp_total_reply_count":0,"_bbp_voice_count":0,"_bbp_anonymous_reply_count":0,"_bbp_topic_count_hidden":0,"_bbp_reply_count_hidden":0,"_bbp_forum_subforum_count":0,"site-sidebar-layout":"default","site-content-layout":"","ast-site-content-layout":"","site-content-style":"default","site-sidebar-style":"default","ast-global-header-display":"","ast-banner-title-visibility":"","ast-main-header-display":"","ast-hfb-above-header-display":"","ast-hfb-below-header-display":"","ast-hfb-mobile-header-display":"","site-post-title":"","ast-breadcrumbs-content":"","ast-featured-img":"","footer-sml-layout":"","theme-transparent-header-meta":"","adv-header-id-meta":"","stick-header-meta":"","header-above-stick-meta":"","header-main-stick-meta":"","header-below-stick-meta":"","astra-migrate-meta-layouts":"default","ast-page-background-enabled":"default","ast-page-background-meta":{"desktop":{"background-color":"var(--ast-global-color-4)","background-image":"","background-repeat":"repeat","background-position":"center center","background-size":"auto","background-attachment":"scroll","background-type":"","background-media":"","overlay-type":"","overlay-color":"","overlay-opacity":"","overlay-gradient":""},"tablet":{"background-color":"","background-image":"","background-repeat":"repeat","background-position":"center center","background-size":"auto","background-attachment":"scroll","background-type":"","background-media":"","overlay-type":"","overlay-color":"","overlay-opacity":"","overlay-gradient":""},"mobile":{"background-color":"","background-image":"","background-repeat":"repeat","background-position":"center center","background-size":"auto","background-attachment":"scroll","background-type":"","background-media":"","overlay-type":"","overlay-color":"","overlay-opacity":"","overlay-gradient":""}},"ast-content-background-meta":{"desktop":{"background-color":"var(--ast-global-color-5)","background-image":"","background-repeat":"repeat","background-position":"center center","background-size":"auto","background-attachment":"scroll","background-type":"","background-media":"","overlay-type":"","overlay-color":"","overlay-opacity":"","overlay-gradient":""},"tablet":{"background-color":"var(--ast-global-color-5)","background-image":"","background-repeat":"repeat","background-position":"center center","background-size":"auto","background-attachment":"scroll","background-type":"","background-media":"","overlay-type":"","overlay-color":"","overlay-opacity":"","overlay-gradient":""},"mobile":{"background-color":"var(--ast-global-color-5)","background-image":"","background-repeat":"repeat","background-position":"center center","background-size":"auto","background-attachment":"scroll","background-type":"","background-media":"","overlay-type":"","overlay-color":"","overlay-opacity":"","overlay-gradient":""}},"footnotes":""},"categories":[4,29],"tags":[166,189,116],"class_list":["post-4318","post","type-post","status-publish","format-standard","hentry","category-eso-1","category-portada","tag-1r-deso","tag-activitats","tag-eso"],"post_mailing_queue_ids":[],"_links":{"self":[{"href":"https:\/\/agora.xtec.cat\/iesllavaneres\/wp-json\/wp\/v2\/posts\/4318","targetHints":{"allow":["GET"]}}],"collection":[{"href":"https:\/\/agora.xtec.cat\/iesllavaneres\/wp-json\/wp\/v2\/posts"}],"about":[{"href":"https:\/\/agora.xtec.cat\/iesllavaneres\/wp-json\/wp\/v2\/types\/post"}],"author":[{"embeddable":true,"href":"https:\/\/agora.xtec.cat\/iesllavaneres\/wp-json\/wp\/v2\/users\/4"}],"replies":[{"embeddable":true,"href":"https:\/\/agora.xtec.cat\/iesllavaneres\/wp-json\/wp\/v2\/comments?post=4318"}],"version-history":[{"count":3,"href":"https:\/\/agora.xtec.cat\/iesllavaneres\/wp-json\/wp\/v2\/posts\/4318\/revisions"}],"predecessor-version":[{"id":4324,"href":"https:\/\/agora.xtec.cat\/iesllavaneres\/wp-json\/wp\/v2\/posts\/4318\/revisions\/4324"}],"wp:attachment":[{"href":"https:\/\/agora.xtec.cat\/iesllavaneres\/wp-json\/wp\/v2\/media?parent=4318"}],"wp:term":[{"taxonomy":"category","embeddable":true,"href":"https:\/\/agora.xtec.cat\/iesllavaneres\/wp-json\/wp\/v2\/categories?post=4318"},{"taxonomy":"post_tag","embeddable":true,"href":"https:\/\/agora.xtec.cat\/iesllavaneres\/wp-json\/wp\/v2\/tags?post=4318"}],"curies":[{"name":"wp","href":"https:\/\/api.w.org\/{rel}","templated":true}]}}