{"id":4242,"date":"2024-11-29T14:32:24","date_gmt":"2024-11-29T13:32:24","guid":{"rendered":"https:\/\/agora.xtec.cat\/iesllavaneres\/?p=4242"},"modified":"2024-11-29T14:32:24","modified_gmt":"2024-11-29T13:32:24","slug":"linstitut-llavaneres-amb-la-marato-de-tv3","status":"publish","type":"post","link":"https:\/\/agora.xtec.cat\/iesllavaneres\/general\/linstitut-llavaneres-amb-la-marato-de-tv3\/","title":{"rendered":"L&#8217;Institut Llavaneres, amb la Marat\u00f3 de TV3"},"content":{"rendered":"<p><a href=\"https:\/\/agora.xtec.cat\/iesllavaneres\/wp-content\/uploads\/usu2229\/2024\/11\/La-Marato_1-min.jpg\"><img loading=\"lazy\" decoding=\"async\" class=\"wp-image-4243 alignright\" src=\"https:\/\/agora.xtec.cat\/iesllavaneres\/wp-content\/uploads\/usu2229\/2024\/11\/La-Marato_1-min.jpg\" alt=\"\" width=\"539\" height=\"425\" \/><\/a>\u00a0Al llarg d&#8217;aquesta setmana, Elisabet Giner, farmac\u00e8utica, ha realitzat confer\u00e8ncies a tots els grups d&#8217;ESO i de Batxillerat del centre sobre el tema d&#8217;enguany de la <a href=\"https:\/\/www.3cat.cat\/tv3\/marato\/\">Marat\u00f3 de TV3<\/a>, les malalties respirat\u00f2ries: asma, bronquitis, pneum\u00f2nia, MPOC (malaltia pulmonar obstructiva cr\u00f2nica), discin\u00e8sia ciliar, fibrosi pulmonar&#8230;<\/p>\n<p>S&#8217;ha posat l&#8217;accent en les malalties respirat\u00f2ries, cr\u00f2niques o no, majorit\u00e0ries o minorit\u00e0ries, i en les dificultats en la medicaci\u00f3. El tractament d&#8217;aquestes malalties, com en molts d&#8217;altres casos, deriva cap a una farmacologia menys qu\u00edmica i m\u00e9s biol\u00f2gica, per\u00f2 aix\u00f2 implica necess\u00e0riament investigaci\u00f3, per a la qual falten recursos econ\u00f2mics. L&#8217;objectiu de la Marat\u00f3 de TV3 \u00e9s aconseguir diners per finan\u00e7ar projectes d&#8217;investigaci\u00f3.<\/p>\n<p>Els alumnes poden participar activament en aquest recapte, ja sigui amb una aportaci\u00f3 econ\u00f2mica directa o col\u00b7laborant en les activitats que a Llavaneres s&#8217;organitzen per a la Marat\u00f3 2024. La forma m\u00e9s directa \u00e9s en el mateix institut, participant en la Marat\u00f3 de Talents que celebrarem el dia 20 de desembre. A m\u00e9s, tamb\u00e9 poden rebre un premi de la Fundaci\u00f3 si participen en el concurs que valora la creativitat al voltant del tema de la Marat\u00f3 de TV3: un cap de setmana en un alberg de la Generalitat amb totes les despeses pagades, incl\u00f2s el transport.<\/p>\n<p>Elisabet Giner ha fet unes xerrades molt did\u00e0ctiques i reflexives a partir de la visualitzaci\u00f3 de v\u00eddeos en qu\u00e8 joves que pateixen malalties respirat\u00f2ries diverses expliquen les seves experi\u00e8ncies al respecte.<\/p>\n<p>Podeu seguir el fil d&#8217;aquests v\u00eddeos a partir del que aqu\u00ed us mostrem:<br \/>\n<iframe loading=\"lazy\" title=\"YouTube video player\" src=\"https:\/\/www.youtube.com\/embed\/mlUic0zkW4c?si=gjtpSwCNR33LZvNx\" width=\"560\" height=\"315\" frameborder=\"0\" allowfullscreen=\"allowfullscreen\"><\/iframe><\/p>\n","protected":false},"excerpt":{"rendered":"<p>\u00a0Al llarg d&#8217;aquesta setmana, Elisabet Giner, farmac\u00e8utica, ha realitzat confer\u00e8ncies a tots els grups d&#8217;ESO i de Batxillerat del centre sobre el tema d&#8217;enguany de la Marat\u00f3 de TV3, les malalties respirat\u00f2ries: asma, bronquitis, pneum\u00f2nia, MPOC (malaltia pulmonar obstructiva cr\u00f2nica), discin\u00e8sia ciliar, fibrosi pulmonar&#8230; S&#8217;ha posat l&#8217;accent en les malalties respirat\u00f2ries, cr\u00f2niques o no, majorit\u00e0ries [&hellip;]<\/p>\n","protected":false},"author":4,"featured_media":4246,"comment_status":"open","ping_status":"closed","sticky":false,"template":"","format":"standard","meta":{"_bbp_topic_count":0,"_bbp_reply_count":0,"_bbp_total_topic_count":0,"_bbp_total_reply_count":0,"_bbp_voice_count":0,"_bbp_anonymous_reply_count":0,"_bbp_topic_count_hidden":0,"_bbp_reply_count_hidden":0,"_bbp_forum_subforum_count":0,"site-sidebar-layout":"default","site-content-layout":"","ast-site-content-layout":"","site-content-style":"default","site-sidebar-style":"default","ast-global-header-display":"","ast-banner-title-visibility":"","ast-main-header-display":"","ast-hfb-above-header-display":"","ast-hfb-below-header-display":"","ast-hfb-mobile-header-display":"","site-post-title":"","ast-breadcrumbs-content":"","ast-featured-img":"","footer-sml-layout":"","theme-transparent-header-meta":"","adv-header-id-meta":"","stick-header-meta":"","header-above-stick-meta":"","header-main-stick-meta":"","header-below-stick-meta":"","astra-migrate-meta-layouts":"default","ast-page-background-enabled":"default","ast-page-background-meta":{"desktop":{"background-color":"var(--ast-global-color-4)","background-image":"","background-repeat":"repeat","background-position":"center center","background-size":"auto","background-attachment":"scroll","background-type":"","background-media":"","overlay-type":"","overlay-color":"","overlay-opacity":"","overlay-gradient":""},"tablet":{"background-color":"","background-image":"","background-repeat":"repeat","background-position":"center center","background-size":"auto","background-attachment":"scroll","background-type":"","background-media":"","overlay-type":"","overlay-color":"","overlay-opacity":"","overlay-gradient":""},"mobile":{"background-color":"","background-image":"","background-repeat":"repeat","background-position":"center center","background-size":"auto","background-attachment":"scroll","background-type":"","background-media":"","overlay-type":"","overlay-color":"","overlay-opacity":"","overlay-gradient":""}},"ast-content-background-meta":{"desktop":{"background-color":"var(--ast-global-color-5)","background-image":"","background-repeat":"repeat","background-position":"center center","background-size":"auto","background-attachment":"scroll","background-type":"","background-media":"","overlay-type":"","overlay-color":"","overlay-opacity":"","overlay-gradient":""},"tablet":{"background-color":"var(--ast-global-color-5)","background-image":"","background-repeat":"repeat","background-position":"center center","background-size":"auto","background-attachment":"scroll","background-type":"","background-media":"","overlay-type":"","overlay-color":"","overlay-opacity":"","overlay-gradient":""},"mobile":{"background-color":"var(--ast-global-color-5)","background-image":"","background-repeat":"repeat","background-position":"center center","background-size":"auto","background-attachment":"scroll","background-type":"","background-media":"","overlay-type":"","overlay-color":"","overlay-opacity":"","overlay-gradient":""}},"footnotes":""},"categories":[8,4,5,6,7,1,29],"tags":[189,117,116],"class_list":["post-4242","post","type-post","status-publish","format-standard","has-post-thumbnail","hentry","category-batxillerat","category-eso-1","category-eso-2","category-eso-3","category-eso-4","category-general","category-portada","tag-activitats","tag-batxillerat","tag-eso"],"post_mailing_queue_ids":[],"_links":{"self":[{"href":"https:\/\/agora.xtec.cat\/iesllavaneres\/wp-json\/wp\/v2\/posts\/4242","targetHints":{"allow":["GET"]}}],"collection":[{"href":"https:\/\/agora.xtec.cat\/iesllavaneres\/wp-json\/wp\/v2\/posts"}],"about":[{"href":"https:\/\/agora.xtec.cat\/iesllavaneres\/wp-json\/wp\/v2\/types\/post"}],"author":[{"embeddable":true,"href":"https:\/\/agora.xtec.cat\/iesllavaneres\/wp-json\/wp\/v2\/users\/4"}],"replies":[{"embeddable":true,"href":"https:\/\/agora.xtec.cat\/iesllavaneres\/wp-json\/wp\/v2\/comments?post=4242"}],"version-history":[{"count":3,"href":"https:\/\/agora.xtec.cat\/iesllavaneres\/wp-json\/wp\/v2\/posts\/4242\/revisions"}],"predecessor-version":[{"id":4247,"href":"https:\/\/agora.xtec.cat\/iesllavaneres\/wp-json\/wp\/v2\/posts\/4242\/revisions\/4247"}],"wp:featuredmedia":[{"embeddable":true,"href":"https:\/\/agora.xtec.cat\/iesllavaneres\/wp-json\/wp\/v2\/media\/4246"}],"wp:attachment":[{"href":"https:\/\/agora.xtec.cat\/iesllavaneres\/wp-json\/wp\/v2\/media?parent=4242"}],"wp:term":[{"taxonomy":"category","embeddable":true,"href":"https:\/\/agora.xtec.cat\/iesllavaneres\/wp-json\/wp\/v2\/categories?post=4242"},{"taxonomy":"post_tag","embeddable":true,"href":"https:\/\/agora.xtec.cat\/iesllavaneres\/wp-json\/wp\/v2\/tags?post=4242"}],"curies":[{"name":"wp","href":"https:\/\/api.w.org\/{rel}","templated":true}]}}