{"id":4227,"date":"2024-11-26T11:29:14","date_gmt":"2024-11-26T10:29:14","guid":{"rendered":"https:\/\/agora.xtec.cat\/iesllavaneres\/?p=4227"},"modified":"2024-11-28T09:42:09","modified_gmt":"2024-11-28T08:42:09","slug":"en-contra-de-la-violencia-vers-les-dones","status":"publish","type":"post","link":"https:\/\/agora.xtec.cat\/iesllavaneres\/general\/en-contra-de-la-violencia-vers-les-dones\/","title":{"rendered":"En contra de la viol\u00e8ncia vers les dones"},"content":{"rendered":"\r\n\t<div class=\"slideshow_container slideshow_container_style-light\" style=\"height: 300px; \" data-slideshow-id=\"4230\" data-style-name=\"style-light\" data-style-version=\"2.3.1\" >\r\n\r\n\t\t\t\t\t<div class=\"slideshow_loading_icon\"><\/div>\r\n\t\t\r\n\t\t<div class=\"slideshow_content\" style=\"display: none;\">\r\n\r\n\t\t\t<div class=\"slideshow_view\">\r\n\t\t\t\t<div class=\"slideshow_slide slideshow_slide_image\">\r\n\t\t\t\t\t\t\t\t\t\t\t<img src=\"https:\/\/agora.xtec.cat\/iesllavaneres\/wp-content\/uploads\/usu2229\/2024\/11\/IMG_20241125_111020-min-scaled.jpg\" alt=\"IMG_20241125_111020-min\" width=\"2560\" height=\"1922\" \/>\r\n\t\t\t\t\t\t\t\t\t\t<div class=\"slideshow_description_box slideshow_transparent\">\r\n\t\t\t\t\t\t<div class=\"slideshow_title\">IMG_20241125_111020-min<\/div>\t\t\t\t\t\t\t\t\t\t\t<\/div>\r\n\t\t\t\t<\/div>\r\n\r\n\t\t\t\t\t\t<div style=\"clear: both;\"><\/div><\/div><div class=\"slideshow_view\">\r\n\t\t\t\t<div class=\"slideshow_slide slideshow_slide_image\">\r\n\t\t\t\t\t\t\t\t\t\t\t<img src=\"https:\/\/agora.xtec.cat\/iesllavaneres\/wp-content\/uploads\/usu2229\/2024\/11\/IMG_20241125_110705-min-scaled.jpg\" alt=\"IMG_20241125_110705-min\" width=\"2560\" height=\"1915\" \/>\r\n\t\t\t\t\t\t\t\t\t\t<div class=\"slideshow_description_box slideshow_transparent\">\r\n\t\t\t\t\t\t<div class=\"slideshow_title\">IMG_20241125_110705-min<\/div>\t\t\t\t\t\t\t\t\t\t\t<\/div>\r\n\t\t\t\t<\/div>\r\n\r\n\t\t\t\t\t\t<div style=\"clear: both;\"><\/div><\/div><div class=\"slideshow_view\">\r\n\t\t\t\t<div class=\"slideshow_slide slideshow_slide_image\">\r\n\t\t\t\t\t\t\t\t\t\t\t<img src=\"https:\/\/agora.xtec.cat\/iesllavaneres\/wp-content\/uploads\/usu2229\/2024\/11\/IMG_20241125_110536-min-scaled.jpg\" alt=\"IMG_20241125_110536-min\" width=\"2560\" height=\"1915\" \/>\r\n\t\t\t\t\t\t\t\t\t\t<div class=\"slideshow_description_box slideshow_transparent\">\r\n\t\t\t\t\t\t<div class=\"slideshow_title\">IMG_20241125_110536-min<\/div>\t\t\t\t\t\t\t\t\t\t\t<\/div>\r\n\t\t\t\t<\/div>\r\n\r\n\t\t\t\t\t\t<div style=\"clear: both;\"><\/div><\/div><div class=\"slideshow_view\">\r\n\t\t\t\t<div class=\"slideshow_slide slideshow_slide_image\">\r\n\t\t\t\t\t\t\t\t\t\t\t<img src=\"https:\/\/agora.xtec.cat\/iesllavaneres\/wp-content\/uploads\/usu2229\/2024\/11\/IMG_20241125_110441-min-scaled.jpg\" alt=\"IMG_20241125_110441-min\" width=\"2560\" height=\"1915\" \/>\r\n\t\t\t\t\t\t\t\t\t\t<div class=\"slideshow_description_box slideshow_transparent\">\r\n\t\t\t\t\t\t<div class=\"slideshow_title\">IMG_20241125_110441-min<\/div>\t\t\t\t\t\t\t\t\t\t\t<\/div>\r\n\t\t\t\t<\/div>\r\n\r\n\t\t\t\t\t\t<div style=\"clear: both;\"><\/div><\/div><div class=\"slideshow_view\">\r\n\t\t\t\t<div class=\"slideshow_slide slideshow_slide_image\">\r\n\t\t\t\t\t\t\t\t\t\t\t<img src=\"https:\/\/agora.xtec.cat\/iesllavaneres\/wp-content\/uploads\/usu2229\/2024\/11\/IMG_20241125_121218-min-scaled.jpg\" alt=\"IMG_20241125_121218-min\" width=\"2560\" height=\"1922\" \/>\r\n\t\t\t\t\t\t\t\t\t\t<div class=\"slideshow_description_box slideshow_transparent\">\r\n\t\t\t\t\t\t<div class=\"slideshow_title\">IMG_20241125_121218-min<\/div>\t\t\t\t\t\t\t\t\t\t\t<\/div>\r\n\t\t\t\t<\/div>\r\n\r\n\t\t\t\t\t\t<div style=\"clear: both;\"><\/div><\/div><div class=\"slideshow_view\">\r\n\t\t\t\t<div class=\"slideshow_slide slideshow_slide_image\">\r\n\t\t\t\t\t\t\t\t\t\t\t<img src=\"https:\/\/agora.xtec.cat\/iesllavaneres\/wp-content\/uploads\/usu2229\/2024\/11\/1732518912020-min.jpg\" alt=\"1732518912020-min\" width=\"1600\" height=\"793\" \/>\r\n\t\t\t\t\t\t\t\t\t\t<div class=\"slideshow_description_box slideshow_transparent\">\r\n\t\t\t\t\t\t<div class=\"slideshow_title\">1732518912020-min<\/div>\t\t\t\t\t\t\t\t\t\t\t<\/div>\r\n\t\t\t\t<\/div>\r\n\r\n\t\t\t\t\t\t<div style=\"clear: both;\"><\/div><\/div>\r\n\t\t<\/div>\r\n\r\n\t\t<div class=\"slideshow_controlPanel slideshow_transparent\" style=\"display: none;\"><ul><li class=\"slideshow_togglePlay\" data-play-text=\"Visualitza\" data-pause-text=\"Pausa\"><\/li><\/ul><\/div>\r\n\r\n\t\t<div class=\"slideshow_button slideshow_previous slideshow_transparent\" role=\"button\" data-previous-text=\"Anterior\" style=\"display: none;\"><\/div>\r\n\t\t<div class=\"slideshow_button slideshow_next slideshow_transparent\" role=\"button\" data-next-text=\"Seg\u00fcent\" style=\"display: none;\"><\/div>\r\n\r\n\t\t<div class=\"slideshow_pagination\" style=\"display: none;\" data-go-to-text=\"V\u00e9s a la diapositiva\"><div class=\"slideshow_pagination_center\"><\/div><\/div>\r\n\r\n\t\t<!-- WordPress Slideshow Version 2.3.1 -->\r\n\r\n\t\t\t<\/div>\r\n\r\n\n<p>Tot i que dilluns 25 vam publicar una breu ressenya de les activitats que l&#8217;Institut Llavaneres va realitzar al voltant del 25N, avui us volem mostrar el detall d&#8217;aquestes accions:<\/p>\n<p>Els dies 21 i 22 de novembre els alumnes de 3r d&#8217;ESO van participar en els tallers sobre viol\u00e8ncies masclistes digitals que ens van proporcionar l&#8217;Ajuntament de Llavaneres i la Diputaci\u00f3 de Barcelona.<\/p>\n<p>Des de divendres 22 de novembre, al vest\u00edbul del centre podem gaudir d&#8217;una exposici\u00f3 dels r\u00e8tols que els alumnes de 3r d&#8217;ESO han elaborat a les classes de Dibuix, amb l&#8217;objectiu que tots ens sensibilitzem sobre qu\u00e8 \u00e9s la viol\u00e8ncia de g\u00e8nere, que no ens passi desapercebuda i que puguem evitar-la.<\/p>\n<p>Dissabte 23 de novembre, una part de l&#8217;alumnat de 4t d&#8217;ESO de l&#8217;Institut Llavaneres va participar en la II Marxa popular contra la viol\u00e8ncia vers les dones, ajudant en l&#8217;organitzaci\u00f3 de l&#8217;activitat i oferint marxandatge representatiu de la diada que s&#8217;havia elaborat a la mat\u00e8ria de Creaci\u00f3 art\u00edstica. Els beneficis d&#8217;aquesta venda es destinaran a la sortida que aquests alumnes faran a Madrid, on tenen previst visitar els museus Reina Sof\u00eda, El Prado i el Centro de Creaci\u00f3n contemporania Matadero.<\/p>\n<p>Per tancar els actes al voltant del 25N, aquest dilluns passat, Dia internacional per a l&#8217;erradicaci\u00f3 de la viol\u00e8ncia contra les dones, es van fer dues lectures del Manifest que l&#8217;Ajuntament de Llavaneres ens havia fet arribar al respecte i que enguany fa refer\u00e8ncia a la import\u00e0ncia de poder disposar d&#8217;espais p\u00fablics segurs per a tothom. Els encarregar de fer la lectura a l&#8217;institut van ser alguns alumnes de 4t: Anouk Binternagel (4t d&#8217;ESO A), Mart\u00ed Sobrado Mas (4t d&#8217;ESO B), Judit P\u00e9rez \u00c1lvarez (4t d&#8217;ESO B) i Jan Barrionuevo (4t d&#8217;ESO D). Els alumnes de 3r que es van traslladar a la Pla\u00e7a de l&#8217;Ajuntament per llegir el Manifest, juntament amb representants de l&#8217;associaci\u00f3 S\u00ed Dona, van ser: Blanca Mir\u00f3 (3r d&#8217;ESO A), Aina S\u00e1nchez (3r d&#8217;ESO B), Carla Santamaria (3r d&#8217;ESO C) i Sofia Barlotti (3r d&#8217;ESO D).<\/p>\n<p>Totes aquestes accions van ser organitzades des del Departament de Dibuix i Creaci\u00f3 art\u00edstica i la responsable COCOBE i van tenir la col\u00b7laboraci\u00f3 puntual dels departaments de Catal\u00e0 i de Castell\u00e0.<\/p>\n","protected":false},"excerpt":{"rendered":"<p>Tot i que dilluns 25 vam publicar una breu ressenya de les activitats que l&#8217;Institut Llavaneres va realitzar al voltant del 25N, avui us volem mostrar el detall d&#8217;aquestes accions: Els dies 21 i 22 de novembre els alumnes de 3r d&#8217;ESO van participar en els tallers sobre viol\u00e8ncies masclistes digitals que ens van proporcionar [&hellip;]<\/p>\n","protected":false},"author":4,"featured_media":0,"comment_status":"open","ping_status":"closed","sticky":false,"template":"","format":"standard","meta":{"_bbp_topic_count":0,"_bbp_reply_count":0,"_bbp_total_topic_count":0,"_bbp_total_reply_count":0,"_bbp_voice_count":0,"_bbp_anonymous_reply_count":0,"_bbp_topic_count_hidden":0,"_bbp_reply_count_hidden":0,"_bbp_forum_subforum_count":0,"site-sidebar-layout":"default","site-content-layout":"","ast-site-content-layout":"","site-content-style":"default","site-sidebar-style":"default","ast-global-header-display":"","ast-banner-title-visibility":"","ast-main-header-display":"","ast-hfb-above-header-display":"","ast-hfb-below-header-display":"","ast-hfb-mobile-header-display":"","site-post-title":"","ast-breadcrumbs-content":"","ast-featured-img":"","footer-sml-layout":"","theme-transparent-header-meta":"","adv-header-id-meta":"","stick-header-meta":"","header-above-stick-meta":"","header-main-stick-meta":"","header-below-stick-meta":"","astra-migrate-meta-layouts":"default","ast-page-background-enabled":"default","ast-page-background-meta":{"desktop":{"background-color":"var(--ast-global-color-4)","background-image":"","background-repeat":"repeat","background-position":"center center","background-size":"auto","background-attachment":"scroll","background-type":"","background-media":"","overlay-type":"","overlay-color":"","overlay-opacity":"","overlay-gradient":""},"tablet":{"background-color":"","background-image":"","background-repeat":"repeat","background-position":"center center","background-size":"auto","background-attachment":"scroll","background-type":"","background-media":"","overlay-type":"","overlay-color":"","overlay-opacity":"","overlay-gradient":""},"mobile":{"background-color":"","background-image":"","background-repeat":"repeat","background-position":"center center","background-size":"auto","background-attachment":"scroll","background-type":"","background-media":"","overlay-type":"","overlay-color":"","overlay-opacity":"","overlay-gradient":""}},"ast-content-background-meta":{"desktop":{"background-color":"var(--ast-global-color-5)","background-image":"","background-repeat":"repeat","background-position":"center center","background-size":"auto","background-attachment":"scroll","background-type":"","background-media":"","overlay-type":"","overlay-color":"","overlay-opacity":"","overlay-gradient":""},"tablet":{"background-color":"var(--ast-global-color-5)","background-image":"","background-repeat":"repeat","background-position":"center center","background-size":"auto","background-attachment":"scroll","background-type":"","background-media":"","overlay-type":"","overlay-color":"","overlay-opacity":"","overlay-gradient":""},"mobile":{"background-color":"var(--ast-global-color-5)","background-image":"","background-repeat":"repeat","background-position":"center center","background-size":"auto","background-attachment":"scroll","background-type":"","background-media":"","overlay-type":"","overlay-color":"","overlay-opacity":"","overlay-gradient":""}},"footnotes":""},"categories":[8,4,5,6,7,1,29],"tags":[136,120,189,117,192,116],"class_list":["post-4227","post","type-post","status-publish","format-standard","hentry","category-batxillerat","category-eso-1","category-eso-2","category-eso-3","category-eso-4","category-general","category-portada","tag-3r-deso","tag-4t-deso","tag-activitats","tag-batxillerat","tag-creacio-artistica","tag-eso"],"post_mailing_queue_ids":[],"_links":{"self":[{"href":"https:\/\/agora.xtec.cat\/iesllavaneres\/wp-json\/wp\/v2\/posts\/4227","targetHints":{"allow":["GET"]}}],"collection":[{"href":"https:\/\/agora.xtec.cat\/iesllavaneres\/wp-json\/wp\/v2\/posts"}],"about":[{"href":"https:\/\/agora.xtec.cat\/iesllavaneres\/wp-json\/wp\/v2\/types\/post"}],"author":[{"embeddable":true,"href":"https:\/\/agora.xtec.cat\/iesllavaneres\/wp-json\/wp\/v2\/users\/4"}],"replies":[{"embeddable":true,"href":"https:\/\/agora.xtec.cat\/iesllavaneres\/wp-json\/wp\/v2\/comments?post=4227"}],"version-history":[{"count":6,"href":"https:\/\/agora.xtec.cat\/iesllavaneres\/wp-json\/wp\/v2\/posts\/4227\/revisions"}],"predecessor-version":[{"id":4241,"href":"https:\/\/agora.xtec.cat\/iesllavaneres\/wp-json\/wp\/v2\/posts\/4227\/revisions\/4241"}],"wp:attachment":[{"href":"https:\/\/agora.xtec.cat\/iesllavaneres\/wp-json\/wp\/v2\/media?parent=4227"}],"wp:term":[{"taxonomy":"category","embeddable":true,"href":"https:\/\/agora.xtec.cat\/iesllavaneres\/wp-json\/wp\/v2\/categories?post=4227"},{"taxonomy":"post_tag","embeddable":true,"href":"https:\/\/agora.xtec.cat\/iesllavaneres\/wp-json\/wp\/v2\/tags?post=4227"}],"curies":[{"name":"wp","href":"https:\/\/api.w.org\/{rel}","templated":true}]}}