{"id":4222,"date":"2024-11-25T08:27:19","date_gmt":"2024-11-25T07:27:19","guid":{"rendered":"https:\/\/agora.xtec.cat\/iesllavaneres\/?p=4222"},"modified":"2024-11-25T08:41:39","modified_gmt":"2024-11-25T07:41:39","slug":"linstitut-amb-el-25-n","status":"publish","type":"post","link":"https:\/\/agora.xtec.cat\/iesllavaneres\/eso-1\/linstitut-amb-el-25-n\/","title":{"rendered":"L&#8217;Institut amb el 25 N"},"content":{"rendered":"<p><a href=\"https:\/\/agora.xtec.cat\/iesllavaneres\/wp-content\/uploads\/usu2229\/2024\/11\/1732518911983.jpg\"><img loading=\"lazy\" decoding=\"async\" class=\"alignnone size-large wp-image-4223\" src=\"https:\/\/agora.xtec.cat\/iesllavaneres\/wp-content\/uploads\/usu2229\/2024\/11\/1732518911983-1024x577.jpg\" alt=\"\" width=\"1024\" height=\"577\" srcset=\"https:\/\/agora.xtec.cat\/iesllavaneres\/wp-content\/uploads\/usu2229\/2024\/11\/1732518911983-1024x577.jpg 1024w, https:\/\/agora.xtec.cat\/iesllavaneres\/wp-content\/uploads\/usu2229\/2024\/11\/1732518911983-300x169.jpg 300w, https:\/\/agora.xtec.cat\/iesllavaneres\/wp-content\/uploads\/usu2229\/2024\/11\/1732518911983-768x432.jpg 768w, https:\/\/agora.xtec.cat\/iesllavaneres\/wp-content\/uploads\/usu2229\/2024\/11\/1732518911983-1536x865.jpg 1536w, https:\/\/agora.xtec.cat\/iesllavaneres\/wp-content\/uploads\/usu2229\/2024\/11\/1732518911983.jpg 1600w\" sizes=\"auto, (max-width: 1024px) 100vw, 1024px\" \/><\/a><\/p>\n<p>L&#8217;Institut Llavaneres participa activament en els actes que es fan a la poblaci\u00f3 en el Dia internacional per l&#8217;erradicaci\u00f3 de la viol\u00e8ncia vers les dones.<\/p>\n<p>Divendres dia 22 alumnes de 3r d&#8217;ESO van muntar al vest\u00edbul del centre una exposici\u00f3 de cartells contra les viol\u00e8ncies vers les dones. L&#8217;endem\u00e0 dissabte, estudiants de 4t d&#8217;ESO van ser presents a la cursa que es va celebrar a la poblaci\u00f3. I avui dilluns, 25N, l&#8217;Institut Llavaneres participar\u00e0 en dues lectures del Manifest que l&#8217;Ajuntament de Llavaneres ens ha fet arribar: Uns quants alumnes de 3r el llegiran a la Pla\u00e7a de la Vila, juntament amb representants de l&#8217;associaci\u00f3 S\u00ed Dona, i alguns alumnes de 4t ho faran al vest\u00edbul de l&#8217;institut, a l&#8217;hora del pati.<\/p>\n<p>Aquesta activitat s&#8217;ha preparat des del Departament de Dibuix i Expressi\u00f3 art\u00edstica i hi han col\u00b7laborat els departaments de catal\u00e0 i de castell\u00e0.<\/p>\n","protected":false},"excerpt":{"rendered":"<p>L&#8217;Institut Llavaneres participa activament en els actes que es fan a la poblaci\u00f3 en el Dia internacional per l&#8217;erradicaci\u00f3 de la viol\u00e8ncia vers les dones. Divendres dia 22 alumnes de 3r d&#8217;ESO van muntar al vest\u00edbul del centre una exposici\u00f3 de cartells contra les viol\u00e8ncies vers les dones. L&#8217;endem\u00e0 dissabte, estudiants de 4t d&#8217;ESO van [&hellip;]<\/p>\n","protected":false},"author":4,"featured_media":0,"comment_status":"open","ping_status":"closed","sticky":false,"template":"","format":"standard","meta":{"_bbp_topic_count":0,"_bbp_reply_count":0,"_bbp_total_topic_count":0,"_bbp_total_reply_count":0,"_bbp_voice_count":0,"_bbp_anonymous_reply_count":0,"_bbp_topic_count_hidden":0,"_bbp_reply_count_hidden":0,"_bbp_forum_subforum_count":0,"site-sidebar-layout":"default","site-content-layout":"","ast-site-content-layout":"","site-content-style":"default","site-sidebar-style":"default","ast-global-header-display":"","ast-banner-title-visibility":"","ast-main-header-display":"","ast-hfb-above-header-display":"","ast-hfb-below-header-display":"","ast-hfb-mobile-header-display":"","site-post-title":"","ast-breadcrumbs-content":"","ast-featured-img":"","footer-sml-layout":"","theme-transparent-header-meta":"","adv-header-id-meta":"","stick-header-meta":"","header-above-stick-meta":"","header-main-stick-meta":"","header-below-stick-meta":"","astra-migrate-meta-layouts":"default","ast-page-background-enabled":"default","ast-page-background-meta":{"desktop":{"background-color":"var(--ast-global-color-4)","background-image":"","background-repeat":"repeat","background-position":"center center","background-size":"auto","background-attachment":"scroll","background-type":"","background-media":"","overlay-type":"","overlay-color":"","overlay-opacity":"","overlay-gradient":""},"tablet":{"background-color":"","background-image":"","background-repeat":"repeat","background-position":"center center","background-size":"auto","background-attachment":"scroll","background-type":"","background-media":"","overlay-type":"","overlay-color":"","overlay-opacity":"","overlay-gradient":""},"mobile":{"background-color":"","background-image":"","background-repeat":"repeat","background-position":"center center","background-size":"auto","background-attachment":"scroll","background-type":"","background-media":"","overlay-type":"","overlay-color":"","overlay-opacity":"","overlay-gradient":""}},"ast-content-background-meta":{"desktop":{"background-color":"var(--ast-global-color-5)","background-image":"","background-repeat":"repeat","background-position":"center center","background-size":"auto","background-attachment":"scroll","background-type":"","background-media":"","overlay-type":"","overlay-color":"","overlay-opacity":"","overlay-gradient":""},"tablet":{"background-color":"var(--ast-global-color-5)","background-image":"","background-repeat":"repeat","background-position":"center center","background-size":"auto","background-attachment":"scroll","background-type":"","background-media":"","overlay-type":"","overlay-color":"","overlay-opacity":"","overlay-gradient":""},"mobile":{"background-color":"var(--ast-global-color-5)","background-image":"","background-repeat":"repeat","background-position":"center center","background-size":"auto","background-attachment":"scroll","background-type":"","background-media":"","overlay-type":"","overlay-color":"","overlay-opacity":"","overlay-gradient":""}},"footnotes":""},"categories":[4,5,6,7,29],"tags":[189,192,116],"class_list":["post-4222","post","type-post","status-publish","format-standard","hentry","category-eso-1","category-eso-2","category-eso-3","category-eso-4","category-portada","tag-activitats","tag-creacio-artistica","tag-eso"],"post_mailing_queue_ids":[],"_links":{"self":[{"href":"https:\/\/agora.xtec.cat\/iesllavaneres\/wp-json\/wp\/v2\/posts\/4222","targetHints":{"allow":["GET"]}}],"collection":[{"href":"https:\/\/agora.xtec.cat\/iesllavaneres\/wp-json\/wp\/v2\/posts"}],"about":[{"href":"https:\/\/agora.xtec.cat\/iesllavaneres\/wp-json\/wp\/v2\/types\/post"}],"author":[{"embeddable":true,"href":"https:\/\/agora.xtec.cat\/iesllavaneres\/wp-json\/wp\/v2\/users\/4"}],"replies":[{"embeddable":true,"href":"https:\/\/agora.xtec.cat\/iesllavaneres\/wp-json\/wp\/v2\/comments?post=4222"}],"version-history":[{"count":2,"href":"https:\/\/agora.xtec.cat\/iesllavaneres\/wp-json\/wp\/v2\/posts\/4222\/revisions"}],"predecessor-version":[{"id":4225,"href":"https:\/\/agora.xtec.cat\/iesllavaneres\/wp-json\/wp\/v2\/posts\/4222\/revisions\/4225"}],"wp:attachment":[{"href":"https:\/\/agora.xtec.cat\/iesllavaneres\/wp-json\/wp\/v2\/media?parent=4222"}],"wp:term":[{"taxonomy":"category","embeddable":true,"href":"https:\/\/agora.xtec.cat\/iesllavaneres\/wp-json\/wp\/v2\/categories?post=4222"},{"taxonomy":"post_tag","embeddable":true,"href":"https:\/\/agora.xtec.cat\/iesllavaneres\/wp-json\/wp\/v2\/tags?post=4222"}],"curies":[{"name":"wp","href":"https:\/\/api.w.org\/{rel}","templated":true}]}}