{"id":4191,"date":"2024-11-18T09:00:37","date_gmt":"2024-11-18T08:00:37","guid":{"rendered":"https:\/\/agora.xtec.cat\/iesllavaneres\/?p=4191"},"modified":"2024-11-14T09:57:36","modified_gmt":"2024-11-14T08:57:36","slug":"creativitat-dels-alumnes-de-2n-deso-la-voz-de-matek","status":"publish","type":"post","link":"https:\/\/agora.xtec.cat\/iesllavaneres\/eso-2\/creativitat-dels-alumnes-de-2n-deso-la-voz-de-matek\/","title":{"rendered":"Creativitat dels alumnes de 2n d&#8217;ESO: La voz de Matek"},"content":{"rendered":"<p align=\"center\"><span style=\"color: #000000;\"><span style=\"font-family: Arial, sans-serif;\"><span style=\"font-size: x-large;\"><i><u><b>La Voz de Matek<\/b><\/u><\/i><\/span><\/span><\/span><\/p>\n<p align=\"justify\"><span style=\"color: #000000;\"><span style=\"font-family: Arial, sans-serif;\"><span style=\"font-size: medium;\"> Hab\u00eda una vez una diosa peque\u00f1a llamada Matek: era la diosa de la voz. Ten\u00eda 127 a\u00f1os, pero en su mundo, eso era considerado joven, ya que los dioses pod\u00edan vivir hasta millones de a\u00f1os. Ten\u00eda aspecto de una humana adolescente; pelo marr\u00f3n y largo, estatura media, y pupilas rojas.\u00a0<\/span><\/span><\/span><\/p>\n<p align=\"justify\"><span style=\"color: #000000;\"><span style=\"font-family: Arial, sans-serif;\"><span style=\"font-size: medium;\"> Matek estaba en un grupo grande con otros dioses malvados y poderosos que estaban en contra de la humanidad. Un d\u00eda, el dios de la guerra (el jefe del grupo) ide\u00f3 un plan entre los otros dioses para librar una batalla contra los humanos y extinguir as\u00ed la raza. A Matek no le pareci\u00f3 l\u00f3gica esa idea, porque sin los humanos, los dioses se empezar\u00edan a aburrir y pelear entre ellos. Entonces, unos d\u00edas antes de la guerra, Matek se escap\u00f3 de su mundo por un portal para ir al de los humanos, y empez\u00f3 a hacer su camino hacia sus civilizaciones.<\/span><\/span><\/span><\/p>\n<p align=\"justify\"><span style=\"color: #000000;\"><span style=\"font-family: Arial, sans-serif;\"><span style=\"font-size: medium;\"> Despu\u00e9s de un largo viaje, se dirigi\u00f3 al rey y la reina para advertirles de los planes malvados del emperador de todos los dioses. Al principio no la creyeron y estuvieron a punto de matarla por ser parte de sus enemigos, pero despu\u00e9s de una larga explicaci\u00f3n, decidieron creerla y dejarla en su equipo.\u00a0<\/span><\/span><\/span><\/p>\n<p align=\"justify\"><span style=\"color: #000000;\"><span style=\"font-family: Arial, sans-serif;\"><span style=\"font-size: medium;\"> Lleg\u00f3 el d\u00eda de la guerra, y cuando aparecieron los dioses, Matek junto a las personas empezaron a defender y atacar al mismo tiempo.<\/span><\/span><\/span><\/p>\n<p align=\"justify\"><span style=\"color: #000000;\"><span style=\"font-family: Arial, sans-serif;\"><span style=\"font-size: medium;\"> Al final de la guerra, despu\u00e9s de muchas horas de estr\u00e9s y ansiedad, los humanos con la gran ayuda de Matek ganaron. Mientras las personas celebraban su triunfo, Matek se dio cuenta de que los otros dioses fallecieron en el combate. Su coraz\u00f3n par\u00f3 de latir por algunos segundos al ver sus amigos, su equipo y su familia muertos.<\/span><\/span><\/span><\/p>\n<p align=\"justify\"><span style=\"color: #000000;\"><span style=\"font-family: Arial, sans-serif;\"><span style=\"font-size: medium;\"> Agarr\u00f3 sus pertenencias y entr\u00f3 en el bosque sin ning\u00fan aviso, y <\/span><\/span><\/span><span style=\"color: #000000;\"><span style=\"font-family: Arial, sans-serif;\"><span style=\"font-size: medium;\">ya<\/span><\/span><\/span><span style=\"color: #000000;\"><span style=\"font-family: Arial, sans-serif;\"><span style=\"font-size: medium;\"> nunca m\u00e1s nadie la vio.<\/span><\/span><\/span><\/p>\n<p><span style=\"color: #000000;\"><span style=\"font-family: Arial, sans-serif;\"><span style=\"font-size: large;\"><i><u><b>FIN<\/b><\/u><\/i><\/span><\/span><\/span><\/p>\n<p align=\"center\"><span style=\"color: #000000;\"><span style=\"font-family: Arial, sans-serif;\"><span style=\"font-size: large;\"><i><u><b>-Iris Maya Calin, 2 ESO D-<\/b><\/u><\/i><\/span><\/span><\/span><\/p>\n","protected":false},"excerpt":{"rendered":"<p>La Voz de Matek Hab\u00eda una vez una diosa peque\u00f1a llamada Matek: era la diosa de la voz. Ten\u00eda 127 a\u00f1os, pero en su mundo, eso era considerado joven, ya que los dioses pod\u00edan vivir hasta millones de a\u00f1os. Ten\u00eda aspecto de una humana adolescente; pelo marr\u00f3n y largo, estatura media, y pupilas rojas.\u00a0 Matek [&hellip;]<\/p>\n","protected":false},"author":4,"featured_media":0,"comment_status":"open","ping_status":"closed","sticky":false,"template":"","format":"standard","meta":{"_bbp_topic_count":0,"_bbp_reply_count":0,"_bbp_total_topic_count":0,"_bbp_total_reply_count":0,"_bbp_voice_count":0,"_bbp_anonymous_reply_count":0,"_bbp_topic_count_hidden":0,"_bbp_reply_count_hidden":0,"_bbp_forum_subforum_count":0,"site-sidebar-layout":"default","site-content-layout":"","ast-site-content-layout":"","site-content-style":"default","site-sidebar-style":"default","ast-global-header-display":"","ast-banner-title-visibility":"","ast-main-header-display":"","ast-hfb-above-header-display":"","ast-hfb-below-header-display":"","ast-hfb-mobile-header-display":"","site-post-title":"","ast-breadcrumbs-content":"","ast-featured-img":"","footer-sml-layout":"","theme-transparent-header-meta":"","adv-header-id-meta":"","stick-header-meta":"","header-above-stick-meta":"","header-main-stick-meta":"","header-below-stick-meta":"","astra-migrate-meta-layouts":"default","ast-page-background-enabled":"default","ast-page-background-meta":{"desktop":{"background-color":"var(--ast-global-color-4)","background-image":"","background-repeat":"repeat","background-position":"center center","background-size":"auto","background-attachment":"scroll","background-type":"","background-media":"","overlay-type":"","overlay-color":"","overlay-opacity":"","overlay-gradient":""},"tablet":{"background-color":"","background-image":"","background-repeat":"repeat","background-position":"center center","background-size":"auto","background-attachment":"scroll","background-type":"","background-media":"","overlay-type":"","overlay-color":"","overlay-opacity":"","overlay-gradient":""},"mobile":{"background-color":"","background-image":"","background-repeat":"repeat","background-position":"center center","background-size":"auto","background-attachment":"scroll","background-type":"","background-media":"","overlay-type":"","overlay-color":"","overlay-opacity":"","overlay-gradient":""}},"ast-content-background-meta":{"desktop":{"background-color":"var(--ast-global-color-5)","background-image":"","background-repeat":"repeat","background-position":"center center","background-size":"auto","background-attachment":"scroll","background-type":"","background-media":"","overlay-type":"","overlay-color":"","overlay-opacity":"","overlay-gradient":""},"tablet":{"background-color":"var(--ast-global-color-5)","background-image":"","background-repeat":"repeat","background-position":"center center","background-size":"auto","background-attachment":"scroll","background-type":"","background-media":"","overlay-type":"","overlay-color":"","overlay-opacity":"","overlay-gradient":""},"mobile":{"background-color":"var(--ast-global-color-5)","background-image":"","background-repeat":"repeat","background-position":"center center","background-size":"auto","background-attachment":"scroll","background-type":"","background-media":"","overlay-type":"","overlay-color":"","overlay-opacity":"","overlay-gradient":""}},"footnotes":""},"categories":[5,29],"tags":[132,192,116,209],"class_list":["post-4191","post","type-post","status-publish","format-standard","hentry","category-eso-2","category-portada","tag-2n-deso","tag-creacio-artistica","tag-eso","tag-reconeixement-alumnes"],"post_mailing_queue_ids":[],"_links":{"self":[{"href":"https:\/\/agora.xtec.cat\/iesllavaneres\/wp-json\/wp\/v2\/posts\/4191","targetHints":{"allow":["GET"]}}],"collection":[{"href":"https:\/\/agora.xtec.cat\/iesllavaneres\/wp-json\/wp\/v2\/posts"}],"about":[{"href":"https:\/\/agora.xtec.cat\/iesllavaneres\/wp-json\/wp\/v2\/types\/post"}],"author":[{"embeddable":true,"href":"https:\/\/agora.xtec.cat\/iesllavaneres\/wp-json\/wp\/v2\/users\/4"}],"replies":[{"embeddable":true,"href":"https:\/\/agora.xtec.cat\/iesllavaneres\/wp-json\/wp\/v2\/comments?post=4191"}],"version-history":[{"count":1,"href":"https:\/\/agora.xtec.cat\/iesllavaneres\/wp-json\/wp\/v2\/posts\/4191\/revisions"}],"predecessor-version":[{"id":4192,"href":"https:\/\/agora.xtec.cat\/iesllavaneres\/wp-json\/wp\/v2\/posts\/4191\/revisions\/4192"}],"wp:attachment":[{"href":"https:\/\/agora.xtec.cat\/iesllavaneres\/wp-json\/wp\/v2\/media?parent=4191"}],"wp:term":[{"taxonomy":"category","embeddable":true,"href":"https:\/\/agora.xtec.cat\/iesllavaneres\/wp-json\/wp\/v2\/categories?post=4191"},{"taxonomy":"post_tag","embeddable":true,"href":"https:\/\/agora.xtec.cat\/iesllavaneres\/wp-json\/wp\/v2\/tags?post=4191"}],"curies":[{"name":"wp","href":"https:\/\/api.w.org\/{rel}","templated":true}]}}