{"id":4181,"date":"2024-11-12T17:39:22","date_gmt":"2024-11-12T16:39:22","guid":{"rendered":"https:\/\/agora.xtec.cat\/iesllavaneres\/?p=4181"},"modified":"2024-11-12T17:39:22","modified_gmt":"2024-11-12T16:39:22","slug":"mobils-aplicacio-de-la-normativa-a-linstitut-llavaneres","status":"publish","type":"post","link":"https:\/\/agora.xtec.cat\/iesllavaneres\/general\/mobils-aplicacio-de-la-normativa-a-linstitut-llavaneres\/","title":{"rendered":"M\u00f2bils: aplicaci\u00f3 de la normativa a l&#8217;Institut Llavaneres"},"content":{"rendered":"<p>Dos mesos d&#8217;haver iniciat el curs, fem una valoraci\u00f3 de la normativa que fa refer\u00e8ncia a l&#8217;\u00fas de la telefonia m\u00f2bil al centre. En el v\u00eddeo seg\u00fcent, gravat i editat pel professor de M\u00fasica de l&#8217;Institut Llavaneres, podreu sentir l&#8217;opini\u00f3 de diferents membres de la comunitat educativa:<\/p>\n<p style=\"text-align: center;\">\u00a0<iframe loading=\"lazy\" title=\"YouTube video player\" src=\"https:\/\/www.youtube.com\/embed\/JiJ3VoXfkSM?si=pGUG3gU_HUjIuQ-9\" width=\"560\" height=\"315\" frameborder=\"0\" allowfullscreen=\"allowfullscreen\"><\/iframe><\/p>\n<p>El paper de les noves tecnologies a l&#8217;aula \u00e9s una q\u00fcesti\u00f3 fonamental del sistema eductiu catal\u00e0, en un moment en qu\u00e8 s&#8217;utilitzen ordinadors, projectors, pissarres t\u00e0ctils, tauletes i tamb\u00e9 m\u00f2bils en les activitats docents. Cal, doncs, una reflexi\u00f3 al respecte, tal com proposa el Departament d&#8217;Educaci\u00f3, ja que \u00e9s demostrat que l&#8217;\u00fas abusiu de dispositius digitals afecta negativament el rendiment acad\u00e8mic i pot generar problemes d&#8217;atenci\u00f3 i de conducta dels alumnes.<\/p>\n<p>A Catalunya, els centres educatius poden decidir en quin grau s&#8217;usa el m\u00f2bil dins dels espais escolars i l&#8217;Institut Llavaneres, despr\u00e9s d&#8217;un treball de reflexi\u00f3 que implicava tot el professorat, va modificar les Normes de Funcionament de Centre que feien refer\u00e8ncia a aquest punt:<\/p>\n<p>&#8220;<em>L&#8217;Institut Llavaneres s&#8217;ha adherit a les recomanacions del Departament d&#8217;Educaci\u00f3 per a prendre les seg\u00fcents mesures:<\/em><\/p>\n<p><i>a) No es pot fer \u00fas del tel\u00e8fon m\u00f2bil en tot l\u2019horari escolar. Per tant, no cal portar-lo al centre.<\/i><\/p>\n<p><i>b) En el cas que un\/a alumne\/a d\u2019ESO l\u2019hagi de portar [&#8230;] cada dia l\u2019haur\u00e0 de dipositar, obligat\u00f2riament, a la maleta de classe que restar\u00e0 custodiada al magatzem del Centre. El lliurar\u00e0 a les 8h i li ser\u00e0 retornat a les 14:30h.<\/i><\/p>\n<p><i>e) Al Batxillerat, no s\u2019utilitzaran les maletes de dip\u00f2sit dels dispositius per\u00f2 la normativa \u00e9s exactament la mateixa que a l\u2019ESO. Per tant, l\u2019alumnat no pot fer \u00fas del m\u00f2bil al centre educatiu. [&#8230;] <\/i><\/p>\n<p><i>f) El centre no es fa responsable, en cap cas, de la cust\u00f2dia, desperfectes o robatori d\u2019aquests aparells.<\/i><\/p>\n<p><em>g) En cas d\u2019infracci\u00f3 de la normativa anterior, el m\u00f2bil ser\u00e0 confiscat pel professor\/a i dipositat a Prefectura d\u2019Estudis. Els tutors legals (pare, mare, tutor\/a) l\u2019hauran de recollir al centre. L\u2019alumne\/a ser\u00e0 sancionat, segons disposi aquesta mateixa normativa, amb la qualificaci\u00f3 de falta greu. [&#8230;]&#8221;<\/em><\/p>\n<p>Podeu consultar la normativa sencera <a href=\"http:\/\/chrome-extension:\/\/efaidnbmnnnibpcajpcglclefindmkaj\/https:\/\/agora.xtec.cat\/iesllavaneres\/wp-content\/uploads\/usu2229\/2024\/09\/NOFC.-Institut-Llavaneres.-Curs-2024-25-1.pdf\">aqu\u00ed<\/a> , de la qual totes les fam\u00edlies van ser informades convenientment a inici de curs.<\/p>\n<p>&nbsp;<\/p>\n","protected":false},"excerpt":{"rendered":"<p>Dos mesos d&#8217;haver iniciat el curs, fem una valoraci\u00f3 de la normativa que fa refer\u00e8ncia a l&#8217;\u00fas de la telefonia m\u00f2bil al centre. En el v\u00eddeo seg\u00fcent, gravat i editat pel professor de M\u00fasica de l&#8217;Institut Llavaneres, podreu sentir l&#8217;opini\u00f3 de diferents membres de la comunitat educativa: \u00a0 El paper de les noves tecnologies a [&hellip;]<\/p>\n","protected":false},"author":4,"featured_media":4187,"comment_status":"open","ping_status":"closed","sticky":false,"template":"","format":"standard","meta":{"_bbp_topic_count":0,"_bbp_reply_count":0,"_bbp_total_topic_count":0,"_bbp_total_reply_count":0,"_bbp_voice_count":0,"_bbp_anonymous_reply_count":0,"_bbp_topic_count_hidden":0,"_bbp_reply_count_hidden":0,"_bbp_forum_subforum_count":0,"site-sidebar-layout":"default","site-content-layout":"","ast-site-content-layout":"","site-content-style":"default","site-sidebar-style":"default","ast-global-header-display":"","ast-banner-title-visibility":"","ast-main-header-display":"","ast-hfb-above-header-display":"","ast-hfb-below-header-display":"","ast-hfb-mobile-header-display":"","site-post-title":"","ast-breadcrumbs-content":"","ast-featured-img":"","footer-sml-layout":"","theme-transparent-header-meta":"","adv-header-id-meta":"","stick-header-meta":"","header-above-stick-meta":"","header-main-stick-meta":"","header-below-stick-meta":"","astra-migrate-meta-layouts":"default","ast-page-background-enabled":"default","ast-page-background-meta":{"desktop":{"background-color":"var(--ast-global-color-4)","background-image":"","background-repeat":"repeat","background-position":"center center","background-size":"auto","background-attachment":"scroll","background-type":"","background-media":"","overlay-type":"","overlay-color":"","overlay-opacity":"","overlay-gradient":""},"tablet":{"background-color":"","background-image":"","background-repeat":"repeat","background-position":"center center","background-size":"auto","background-attachment":"scroll","background-type":"","background-media":"","overlay-type":"","overlay-color":"","overlay-opacity":"","overlay-gradient":""},"mobile":{"background-color":"","background-image":"","background-repeat":"repeat","background-position":"center center","background-size":"auto","background-attachment":"scroll","background-type":"","background-media":"","overlay-type":"","overlay-color":"","overlay-opacity":"","overlay-gradient":""}},"ast-content-background-meta":{"desktop":{"background-color":"var(--ast-global-color-5)","background-image":"","background-repeat":"repeat","background-position":"center center","background-size":"auto","background-attachment":"scroll","background-type":"","background-media":"","overlay-type":"","overlay-color":"","overlay-opacity":"","overlay-gradient":""},"tablet":{"background-color":"var(--ast-global-color-5)","background-image":"","background-repeat":"repeat","background-position":"center center","background-size":"auto","background-attachment":"scroll","background-type":"","background-media":"","overlay-type":"","overlay-color":"","overlay-opacity":"","overlay-gradient":""},"mobile":{"background-color":"var(--ast-global-color-5)","background-image":"","background-repeat":"repeat","background-position":"center center","background-size":"auto","background-attachment":"scroll","background-type":"","background-media":"","overlay-type":"","overlay-color":"","overlay-opacity":"","overlay-gradient":""}},"footnotes":""},"categories":[8,4,5,6,7,1,29],"tags":[117,116],"class_list":["post-4181","post","type-post","status-publish","format-standard","has-post-thumbnail","hentry","category-batxillerat","category-eso-1","category-eso-2","category-eso-3","category-eso-4","category-general","category-portada","tag-batxillerat","tag-eso"],"post_mailing_queue_ids":[],"_links":{"self":[{"href":"https:\/\/agora.xtec.cat\/iesllavaneres\/wp-json\/wp\/v2\/posts\/4181","targetHints":{"allow":["GET"]}}],"collection":[{"href":"https:\/\/agora.xtec.cat\/iesllavaneres\/wp-json\/wp\/v2\/posts"}],"about":[{"href":"https:\/\/agora.xtec.cat\/iesllavaneres\/wp-json\/wp\/v2\/types\/post"}],"author":[{"embeddable":true,"href":"https:\/\/agora.xtec.cat\/iesllavaneres\/wp-json\/wp\/v2\/users\/4"}],"replies":[{"embeddable":true,"href":"https:\/\/agora.xtec.cat\/iesllavaneres\/wp-json\/wp\/v2\/comments?post=4181"}],"version-history":[{"count":2,"href":"https:\/\/agora.xtec.cat\/iesllavaneres\/wp-json\/wp\/v2\/posts\/4181\/revisions"}],"predecessor-version":[{"id":4186,"href":"https:\/\/agora.xtec.cat\/iesllavaneres\/wp-json\/wp\/v2\/posts\/4181\/revisions\/4186"}],"wp:featuredmedia":[{"embeddable":true,"href":"https:\/\/agora.xtec.cat\/iesllavaneres\/wp-json\/wp\/v2\/media\/4187"}],"wp:attachment":[{"href":"https:\/\/agora.xtec.cat\/iesllavaneres\/wp-json\/wp\/v2\/media?parent=4181"}],"wp:term":[{"taxonomy":"category","embeddable":true,"href":"https:\/\/agora.xtec.cat\/iesllavaneres\/wp-json\/wp\/v2\/categories?post=4181"},{"taxonomy":"post_tag","embeddable":true,"href":"https:\/\/agora.xtec.cat\/iesllavaneres\/wp-json\/wp\/v2\/tags?post=4181"}],"curies":[{"name":"wp","href":"https:\/\/api.w.org\/{rel}","templated":true}]}}