{"id":4153,"date":"2024-10-28T11:17:56","date_gmt":"2024-10-28T10:17:56","guid":{"rendered":"https:\/\/agora.xtec.cat\/iesllavaneres\/?p=4153"},"modified":"2024-10-28T11:17:56","modified_gmt":"2024-10-28T10:17:56","slug":"els-nostres-locus-amoenus","status":"publish","type":"post","link":"https:\/\/agora.xtec.cat\/iesllavaneres\/batxillerat\/els-nostres-locus-amoenus\/","title":{"rendered":"Els nostres LOCUS AMOENUS"},"content":{"rendered":"<p>Els alumnes de 1r de Batxillerat han estat treballant aquest t\u00f2pic literari a classe de Llengua catalana i literatura. Havien de descriure el seu lloc ideal per a unes vacances, una segona resid\u00e8ncia, una cita amorosa&#8230;<\/p>\n<p>A continuaci\u00f3, podeu llegir dues de les redaccions que han fet:<\/p>\n<p><span style=\"color: #000000;\"><span style=\"font-family: Merriweather, serif;\"><span style=\"font-size: small;\"><i><b>ALLUNYADA DE TOT, A PROP DE MI<\/b><\/i><\/span><\/span><\/span><\/p>\n<p align=\"justify\"><i><span style=\"color: #000000;\"><span style=\"font-family: Merriweather, serif;\"><span style=\"font-size: small;\">En un rac\u00f3 amagat del m\u00f3n, lluny del bullici i de la pressa, existeix un lloc on regna la calma. Un espai id\u00edl\u00b7lic per reflexionar.<\/span><\/span><\/span><\/i><\/p>\n<p align=\"justify\"><i><span style=\"color: #000000;\"><span style=\"font-family: Merriweather, serif;\"><span style=\"font-size: small;\">Un prat verd s\u2019est\u00e9n fins a l\u2019infinit, sense l\u00edmits a la vista. L\u2019herba es balanceja i les flors dansen al comp\u00e0s del subtil aire. Els arbres, unes altes torres verdes, acaronen el cel; els ocells, xiuxiuejant les fulles, creen una melodia serena. L\u2019olor de terra humida i de flors salvatges s\u2019entrellacen, creant una frag\u00e0ncia dol\u00e7a i lleugera que embriaga tots els sentits.<\/span><\/span><\/span><\/i><\/p>\n<p align=\"justify\"><i><span style=\"color: #000000;\"><span style=\"font-family: Merriweather, serif;\"><span style=\"font-size: small;\">A la dist\u00e0ncia, un riu amb les aig\u00fces clares com cristalls serpenteja l\u2019espai.<\/span><\/span><\/span> <span style=\"color: #000000;\"><span style=\"font-family: Merriweather, serif;\"><span style=\"font-size: small;\">El sol brilla, il\u00b7luminant-ho tot amb tons que semblen d\u2019or. A l\u2019ombra d\u2019un majestu\u00f3s arbre, els conills, amb el seu suau pelatge, el m\u00e9s suau que jo havia vist mai, salten d\u2019un costat a l\u2019altre.<\/span><\/span><\/span><\/i><\/p>\n<p align=\"justify\"><i><span style=\"color: #000000;\"><span style=\"font-family: Merriweather, serif;\"><span style=\"font-size: small;\">Aqu\u00ed, en aquest espai, on el vent \u00e9s lleuger i amb gust d\u2019harmonia, trobo la s\u00edntesi de la tranquil\u00b7litat.<\/span><\/span><\/span><\/i><\/p>\n<p align=\"justify\"><span style=\"color: #000000;\"><span style=\"font-family: Merriweather, serif;\"><span style=\"font-size: small;\"><b>Carolina Terri, 1r d\u2019ESO A<\/b><\/span><\/span><\/span><\/p>\n<p align=\"justify\"><a name=\"docs-internal-guid-645ae041-7fff-bc1d-7177-c73f1e5c8e9e\"><\/a> <span style=\"color: #000000;\"><span style=\"font-family: Arial, sans-serif;\"><span style=\"font-size: medium;\"><i><b>UN ESPAI ID\u00cdL\u00b7LIC<\/b><\/i><\/span><\/span><\/span><\/p>\n<p align=\"justify\"><span style=\"font-family: Arial, sans-serif;\"><i><span style=\"color: #000000;\"><span style=\"font-size: medium;\">No havia vist mai un espai com aquest. Des del primer instant que els meus ulls van contemplar unes vistes tan glorioses que fins i tot em deixen sense al\u00e8, vaig saber que aquest seria un lloc id\u00edl\u00b7lic per establir la meva segona resid\u00e8ncia, <\/span><\/span><span style=\"color: #000000;\"><span style=\"font-size: medium;\">a causa de <\/span><\/span><span style=\"color: #000000;\"><span style=\"font-size: medium;\">la calma i serenitat que transmet.<\/span><\/span><\/i><\/span><\/p>\n<p align=\"justify\"><span style=\"font-family: Arial, sans-serif;\"><i><span style=\"color: #000000;\"><span style=\"font-size: medium;\">El que m\u00e9s destaca d\u2019aquest lloc \u00e9s un immens prat verd, tan gran que podries estar-<\/span><\/span><span style=\"color: #000000;\"><span style=\"font-size: medium;\">hi<\/span><\/span> <span style=\"color: #000000;\"><span style=\"font-size: medium;\">caminant durant dies i mai arribaries a un final. Per sobre del prat, travessa un riu cabal\u00f3s i d\u2019aigua transparent com el vidre d\u2019una finestra, que em transmet una forta sensaci\u00f3 de puresa. Darrere del riu trobem un petit tur\u00f3, on hi ha una gran abund\u00e0ncia d\u2019arbres frondosos i de color rogenc que contrasten amb el cel blav\u00f3s i els n\u00favols blancs, que de tant en tant es posen a plorar. Entre aquests n\u00favols de cot\u00f3, sobrevolen uns petits ocells de colors vius que piulen sense parar. El seu piular \u00e9s tan dol\u00e7 que provoca que la meva o\u00efda es torni addicta <\/span><\/span><span style=\"color: #000000;\"><span style=\"font-size: medium;\">a <\/span><\/span><span style=\"color: #000000;\"><span style=\"font-size: medium;\">aquesta melodia harmoniosa.<\/span><\/span><\/i><\/span><\/p>\n<p align=\"justify\"><span style=\"font-family: Arial, sans-serif;\"><i><span style=\"color: #000000;\"><span style=\"font-size: medium;\">Estic ben segura que aquest espai tan natural i aut\u00e8ntic romandr\u00e0 amb mi per sempre. El nivell de tranquil\u00b7litat i l\u2019olor <\/span><\/span><span style=\"color: #000000;\"><span style=\"font-size: medium;\">de<\/span><\/span><span style=\"color: #000000;\"><span style=\"font-size: medium;\"> frescor<\/span><\/span> <span style=\"color: #000000;\"><span style=\"font-size: medium;\">intensa d\u2019aquest rac\u00f3 <\/span><\/span><span style=\"color: #000000;\"><span style=\"font-size: medium;\">m\u2019aporta<\/span><\/span> <span style=\"color: #000000;\"><span style=\"font-size: medium;\">un benestar que fa que no pari d\u2019imaginar-me la meva caseta al costat del riu, escoltant-<\/span><\/span><span style=\"color: #000000;\"><span style=\"font-size: medium;\">ne<\/span><\/span><span style=\"color: #000000;\"><span style=\"font-size: medium;\"> el s<\/span><\/span><span style=\"color: #000000;\"><span style=\"font-size: medium;\">o<\/span><\/span> <span style=\"color: #000000;\"><span style=\"font-size: medium;\">i despertant una gran quantitat de sensacions sensorials que connecten amb l\u2019entorn.<\/span><\/span><\/i><\/span><\/p>\n<p align=\"justify\"><span style=\"font-family: Arial, sans-serif;\"><b><span style=\"color: #000000;\"><span style=\"font-size: medium;\">J\u00falia Garcia Albertus, 1r de Batxillerat B<\/span><\/span><\/b><\/span><\/p>\n","protected":false},"excerpt":{"rendered":"<p>Els alumnes de 1r de Batxillerat han estat treballant aquest t\u00f2pic literari a classe de Llengua catalana i literatura. Havien de descriure el seu lloc ideal per a unes vacances, una segona resid\u00e8ncia, una cita amorosa&#8230; A continuaci\u00f3, podeu llegir dues de les redaccions que han fet: ALLUNYADA DE TOT, A PROP DE MI En [&hellip;]<\/p>\n","protected":false},"author":4,"featured_media":0,"comment_status":"open","ping_status":"closed","sticky":false,"template":"","format":"standard","meta":{"_bbp_topic_count":0,"_bbp_reply_count":0,"_bbp_total_topic_count":0,"_bbp_total_reply_count":0,"_bbp_voice_count":0,"_bbp_anonymous_reply_count":0,"_bbp_topic_count_hidden":0,"_bbp_reply_count_hidden":0,"_bbp_forum_subforum_count":0,"site-sidebar-layout":"default","site-content-layout":"","ast-site-content-layout":"","site-content-style":"default","site-sidebar-style":"default","ast-global-header-display":"","ast-banner-title-visibility":"","ast-main-header-display":"","ast-hfb-above-header-display":"","ast-hfb-below-header-display":"","ast-hfb-mobile-header-display":"","site-post-title":"","ast-breadcrumbs-content":"","ast-featured-img":"","footer-sml-layout":"","theme-transparent-header-meta":"","adv-header-id-meta":"","stick-header-meta":"","header-above-stick-meta":"","header-main-stick-meta":"","header-below-stick-meta":"","astra-migrate-meta-layouts":"default","ast-page-background-enabled":"default","ast-page-background-meta":{"desktop":{"background-color":"var(--ast-global-color-4)","background-image":"","background-repeat":"repeat","background-position":"center center","background-size":"auto","background-attachment":"scroll","background-type":"","background-media":"","overlay-type":"","overlay-color":"","overlay-opacity":"","overlay-gradient":""},"tablet":{"background-color":"","background-image":"","background-repeat":"repeat","background-position":"center center","background-size":"auto","background-attachment":"scroll","background-type":"","background-media":"","overlay-type":"","overlay-color":"","overlay-opacity":"","overlay-gradient":""},"mobile":{"background-color":"","background-image":"","background-repeat":"repeat","background-position":"center center","background-size":"auto","background-attachment":"scroll","background-type":"","background-media":"","overlay-type":"","overlay-color":"","overlay-opacity":"","overlay-gradient":""}},"ast-content-background-meta":{"desktop":{"background-color":"var(--ast-global-color-5)","background-image":"","background-repeat":"repeat","background-position":"center center","background-size":"auto","background-attachment":"scroll","background-type":"","background-media":"","overlay-type":"","overlay-color":"","overlay-opacity":"","overlay-gradient":""},"tablet":{"background-color":"var(--ast-global-color-5)","background-image":"","background-repeat":"repeat","background-position":"center center","background-size":"auto","background-attachment":"scroll","background-type":"","background-media":"","overlay-type":"","overlay-color":"","overlay-opacity":"","overlay-gradient":""},"mobile":{"background-color":"var(--ast-global-color-5)","background-image":"","background-repeat":"repeat","background-position":"center center","background-size":"auto","background-attachment":"scroll","background-type":"","background-media":"","overlay-type":"","overlay-color":"","overlay-opacity":"","overlay-gradient":""}},"footnotes":""},"categories":[8,29],"tags":[138,117,192,209],"class_list":["post-4153","post","type-post","status-publish","format-standard","hentry","category-batxillerat","category-portada","tag-1r-de-batxillerat","tag-batxillerat","tag-creacio-artistica","tag-reconeixement-alumnes"],"post_mailing_queue_ids":[],"_links":{"self":[{"href":"https:\/\/agora.xtec.cat\/iesllavaneres\/wp-json\/wp\/v2\/posts\/4153","targetHints":{"allow":["GET"]}}],"collection":[{"href":"https:\/\/agora.xtec.cat\/iesllavaneres\/wp-json\/wp\/v2\/posts"}],"about":[{"href":"https:\/\/agora.xtec.cat\/iesllavaneres\/wp-json\/wp\/v2\/types\/post"}],"author":[{"embeddable":true,"href":"https:\/\/agora.xtec.cat\/iesllavaneres\/wp-json\/wp\/v2\/users\/4"}],"replies":[{"embeddable":true,"href":"https:\/\/agora.xtec.cat\/iesllavaneres\/wp-json\/wp\/v2\/comments?post=4153"}],"version-history":[{"count":1,"href":"https:\/\/agora.xtec.cat\/iesllavaneres\/wp-json\/wp\/v2\/posts\/4153\/revisions"}],"predecessor-version":[{"id":4154,"href":"https:\/\/agora.xtec.cat\/iesllavaneres\/wp-json\/wp\/v2\/posts\/4153\/revisions\/4154"}],"wp:attachment":[{"href":"https:\/\/agora.xtec.cat\/iesllavaneres\/wp-json\/wp\/v2\/media?parent=4153"}],"wp:term":[{"taxonomy":"category","embeddable":true,"href":"https:\/\/agora.xtec.cat\/iesllavaneres\/wp-json\/wp\/v2\/categories?post=4153"},{"taxonomy":"post_tag","embeddable":true,"href":"https:\/\/agora.xtec.cat\/iesllavaneres\/wp-json\/wp\/v2\/tags?post=4153"}],"curies":[{"name":"wp","href":"https:\/\/api.w.org\/{rel}","templated":true}]}}