{"id":4119,"date":"2024-10-18T08:26:32","date_gmt":"2024-10-18T06:26:32","guid":{"rendered":"https:\/\/agora.xtec.cat\/iesllavaneres\/?p=4119"},"modified":"2024-10-05T14:26:59","modified_gmt":"2024-10-05T12:26:59","slug":"exit-de-la-sortida-de-llengua-castellana-al-teatre-de-4t-deso","status":"publish","type":"post","link":"https:\/\/agora.xtec.cat\/iesllavaneres\/general\/exit-de-la-sortida-de-llengua-castellana-al-teatre-de-4t-deso\/","title":{"rendered":"\u00c8xit de la sortida de Llengua castellana al teatre de 4t d&#8217;ESO"},"content":{"rendered":"\r\n\t<div class=\"slideshow_container slideshow_container_style-light\" style=\"height: 300px; \" data-slideshow-id=\"4121\" data-style-name=\"style-light\" data-style-version=\"2.3.1\" >\r\n\r\n\t\t\t\t\t<div class=\"slideshow_loading_icon\"><\/div>\r\n\t\t\r\n\t\t<div class=\"slideshow_content\" style=\"display: none;\">\r\n\r\n\t\t\t<div class=\"slideshow_view\">\r\n\t\t\t\t<div class=\"slideshow_slide slideshow_slide_image\">\r\n\t\t\t\t\t\t\t\t\t\t\t<img src=\"https:\/\/agora.xtec.cat\/iesllavaneres\/wp-content\/uploads\/usu2229\/2024\/10\/1728130624085-min-scaled.jpg\" alt=\"1728130624085-min\" width=\"2560\" height=\"1915\" \/>\r\n\t\t\t\t\t\t\t\t\t\t<div class=\"slideshow_description_box slideshow_transparent\">\r\n\t\t\t\t\t\t<div class=\"slideshow_title\">1728130624085-min<\/div>\t\t\t\t\t\t\t\t\t\t\t<\/div>\r\n\t\t\t\t<\/div>\r\n\r\n\t\t\t\t\t\t<div style=\"clear: both;\"><\/div><\/div><div class=\"slideshow_view\">\r\n\t\t\t\t<div class=\"slideshow_slide slideshow_slide_image\">\r\n\t\t\t\t\t\t\t\t\t\t\t<img src=\"https:\/\/agora.xtec.cat\/iesllavaneres\/wp-content\/uploads\/usu2229\/2024\/10\/1728130624112-min-scaled.jpg\" alt=\"1728130624112-min\" width=\"2560\" height=\"1915\" \/>\r\n\t\t\t\t\t\t\t\t\t\t<div class=\"slideshow_description_box slideshow_transparent\">\r\n\t\t\t\t\t\t<div class=\"slideshow_title\">1728130624112-min<\/div>\t\t\t\t\t\t\t\t\t\t\t<\/div>\r\n\t\t\t\t<\/div>\r\n\r\n\t\t\t\t\t\t<div style=\"clear: both;\"><\/div><\/div><div class=\"slideshow_view\">\r\n\t\t\t\t<div class=\"slideshow_slide slideshow_slide_image\">\r\n\t\t\t\t\t\t\t\t\t\t\t<img src=\"https:\/\/agora.xtec.cat\/iesllavaneres\/wp-content\/uploads\/usu2229\/2024\/10\/1728130624571-min-scaled.jpg\" alt=\"1728130624571-min\" width=\"2560\" height=\"1915\" \/>\r\n\t\t\t\t\t\t\t\t\t\t<div class=\"slideshow_description_box slideshow_transparent\">\r\n\t\t\t\t\t\t<div class=\"slideshow_title\">1728130624571-min<\/div>\t\t\t\t\t\t\t\t\t\t\t<\/div>\r\n\t\t\t\t<\/div>\r\n\r\n\t\t\t\t\t\t<div style=\"clear: both;\"><\/div><\/div>\r\n\t\t<\/div>\r\n\r\n\t\t<div class=\"slideshow_controlPanel slideshow_transparent\" style=\"display: none;\"><ul><li class=\"slideshow_togglePlay\" data-play-text=\"Visualitza\" data-pause-text=\"Pausa\"><\/li><\/ul><\/div>\r\n\r\n\t\t<div class=\"slideshow_button slideshow_previous slideshow_transparent\" role=\"button\" data-previous-text=\"Anterior\" style=\"display: none;\"><\/div>\r\n\t\t<div class=\"slideshow_button slideshow_next slideshow_transparent\" role=\"button\" data-next-text=\"Seg\u00fcent\" style=\"display: none;\"><\/div>\r\n\r\n\t\t<div class=\"slideshow_pagination\" style=\"display: none;\" data-go-to-text=\"V\u00e9s a la diapositiva\"><div class=\"slideshow_pagination_center\"><\/div><\/div>\r\n\r\n\t\t<!-- WordPress Slideshow Version 2.3.1 -->\r\n\r\n\t\t\t<\/div>\r\n\r\n\n<p style=\"background: white; margin: 12.0pt 0cm 6.0pt 0cm;\"><span style=\"font-family: 'Arial',sans-serif; color: #222222;\">Aquest mes d\u2019octubre l\u2019alumnat de 4t d\u2019ESO ha assistit a la representaci\u00f3 de l\u2019obra <a href=\"https:\/\/www.youtube.com\/watch?v=meNv_9Lj-nY\"><i>Jaur\u00eda<\/i><\/a> al Teatre Goya de Barcelona, les entrades per a la qual s&#8217;han exhaurit r\u00e0pidament tant per a les funcions escolars com per a les funcions generals. Els nostres alumnes hi han assistit en dues tongades, el dia 3 i el dia 17 d&#8217;octubre.<\/span><\/p>\n<p style=\"background: white; font-variant-ligatures: normal; font-variant-caps: normal; orphans: 2; text-align: start; widows: 2; -webkit-text-stroke-width: 0px; text-decoration-thickness: initial; text-decoration-style: initial; text-decoration-color: initial; font-stretch: normal; font-size-adjust: none; font-kerning: auto; font-variant-alternates: normal; font-variant-numeric: normal; font-variant-east-asian: normal; font-feature-settings: normal; min-height: 22px; word-spacing: 0px; margin: 12.0pt 0cm 6.0pt 0cm;\"><span style=\"font-family: 'Arial',sans-serif; color: #222222;\">El muntatge, escrit per Jordi Casanovas i interpretat pels actors Artur Busquets, Francesc Cu\u00e9llar, Quim \u00c0vila, Carlos Cuevas \/ Adri\u00e1n de N\u00fa\u00f1ez i l\u2019actriu \u00c1ngela Cervantes, \u00e9s una ficci\u00f3 documental basada en les declaracions del judici dels cinc agressors i la v\u00edctima en el cas de \u2018\u2019La Manada\u2019\u2019 del 2016. Recordem que el judici d&#8217;aquest cas va provocar el canvi en la llei espanyola sobre les agressions sexuals.<\/span><\/p>\n<p style=\"background: white; font-variant-ligatures: normal; font-variant-caps: normal; orphans: 2; text-align: start; widows: 2; -webkit-text-stroke-width: 0px; text-decoration-thickness: initial; text-decoration-style: initial; text-decoration-color: initial; font-stretch: normal; font-size-adjust: none; font-kerning: auto; font-variant-alternates: normal; font-variant-numeric: normal; font-variant-east-asian: normal; font-feature-settings: normal; min-height: 22px; word-spacing: 0px; margin: 12.0pt 0cm 6.0pt 0cm;\"><span style=\"font-family: 'Arial',sans-serif; color: #222222;\">Despr\u00e9s de la representaci\u00f3, l\u2019alumnat va poder gaudir d\u2019un petit col\u00b7loqui a c\u00e0rrec de la companyia, els autors de la qual van agrair als estudiants assistents a la funci\u00f3 (l<\/span>a platea era plena), l&#8217;atenci\u00f3 i el silenci amb qu\u00e8 van seguir tota la representaci\u00f3.<\/p>\n<p>Recentment, el muntatge ha estat guardonat pels VII Premis de Teatre de Barcelona, el jurat del qual l&#8217;ha considerat el millor espectacle teatral i la millor autoria original.<\/p>\n<p>Laura Vesa, Departament de Llengua castellana i literatura<\/p>\n","protected":false},"excerpt":{"rendered":"<p>Aquest mes d\u2019octubre l\u2019alumnat de 4t d\u2019ESO ha assistit a la representaci\u00f3 de l\u2019obra Jaur\u00eda al Teatre Goya de Barcelona, les entrades per a la qual s&#8217;han exhaurit r\u00e0pidament tant per a les funcions escolars com per a les funcions generals. Els nostres alumnes hi han assistit en dues tongades, el dia 3 i el [&hellip;]<\/p>\n","protected":false},"author":4,"featured_media":0,"comment_status":"open","ping_status":"closed","sticky":false,"template":"","format":"standard","meta":{"_bbp_topic_count":0,"_bbp_reply_count":0,"_bbp_total_topic_count":0,"_bbp_total_reply_count":0,"_bbp_voice_count":0,"_bbp_anonymous_reply_count":0,"_bbp_topic_count_hidden":0,"_bbp_reply_count_hidden":0,"_bbp_forum_subforum_count":0,"site-sidebar-layout":"default","site-content-layout":"","ast-site-content-layout":"","site-content-style":"default","site-sidebar-style":"default","ast-global-header-display":"","ast-banner-title-visibility":"","ast-main-header-display":"","ast-hfb-above-header-display":"","ast-hfb-below-header-display":"","ast-hfb-mobile-header-display":"","site-post-title":"","ast-breadcrumbs-content":"","ast-featured-img":"","footer-sml-layout":"","theme-transparent-header-meta":"","adv-header-id-meta":"","stick-header-meta":"","header-above-stick-meta":"","header-main-stick-meta":"","header-below-stick-meta":"","astra-migrate-meta-layouts":"default","ast-page-background-enabled":"default","ast-page-background-meta":{"desktop":{"background-color":"var(--ast-global-color-4)","background-image":"","background-repeat":"repeat","background-position":"center center","background-size":"auto","background-attachment":"scroll","background-type":"","background-media":"","overlay-type":"","overlay-color":"","overlay-opacity":"","overlay-gradient":""},"tablet":{"background-color":"","background-image":"","background-repeat":"repeat","background-position":"center center","background-size":"auto","background-attachment":"scroll","background-type":"","background-media":"","overlay-type":"","overlay-color":"","overlay-opacity":"","overlay-gradient":""},"mobile":{"background-color":"","background-image":"","background-repeat":"repeat","background-position":"center center","background-size":"auto","background-attachment":"scroll","background-type":"","background-media":"","overlay-type":"","overlay-color":"","overlay-opacity":"","overlay-gradient":""}},"ast-content-background-meta":{"desktop":{"background-color":"var(--ast-global-color-5)","background-image":"","background-repeat":"repeat","background-position":"center center","background-size":"auto","background-attachment":"scroll","background-type":"","background-media":"","overlay-type":"","overlay-color":"","overlay-opacity":"","overlay-gradient":""},"tablet":{"background-color":"var(--ast-global-color-5)","background-image":"","background-repeat":"repeat","background-position":"center center","background-size":"auto","background-attachment":"scroll","background-type":"","background-media":"","overlay-type":"","overlay-color":"","overlay-opacity":"","overlay-gradient":""},"mobile":{"background-color":"var(--ast-global-color-5)","background-image":"","background-repeat":"repeat","background-position":"center center","background-size":"auto","background-attachment":"scroll","background-type":"","background-media":"","overlay-type":"","overlay-color":"","overlay-opacity":"","overlay-gradient":""}},"footnotes":""},"categories":[7,1,29],"tags":[120,189,39],"class_list":["post-4119","post","type-post","status-publish","format-standard","hentry","category-eso-4","category-general","category-portada","tag-4t-deso","tag-activitats","tag-sortides"],"post_mailing_queue_ids":[],"_links":{"self":[{"href":"https:\/\/agora.xtec.cat\/iesllavaneres\/wp-json\/wp\/v2\/posts\/4119","targetHints":{"allow":["GET"]}}],"collection":[{"href":"https:\/\/agora.xtec.cat\/iesllavaneres\/wp-json\/wp\/v2\/posts"}],"about":[{"href":"https:\/\/agora.xtec.cat\/iesllavaneres\/wp-json\/wp\/v2\/types\/post"}],"author":[{"embeddable":true,"href":"https:\/\/agora.xtec.cat\/iesllavaneres\/wp-json\/wp\/v2\/users\/4"}],"replies":[{"embeddable":true,"href":"https:\/\/agora.xtec.cat\/iesllavaneres\/wp-json\/wp\/v2\/comments?post=4119"}],"version-history":[{"count":3,"href":"https:\/\/agora.xtec.cat\/iesllavaneres\/wp-json\/wp\/v2\/posts\/4119\/revisions"}],"predecessor-version":[{"id":4126,"href":"https:\/\/agora.xtec.cat\/iesllavaneres\/wp-json\/wp\/v2\/posts\/4119\/revisions\/4126"}],"wp:attachment":[{"href":"https:\/\/agora.xtec.cat\/iesllavaneres\/wp-json\/wp\/v2\/media?parent=4119"}],"wp:term":[{"taxonomy":"category","embeddable":true,"href":"https:\/\/agora.xtec.cat\/iesllavaneres\/wp-json\/wp\/v2\/categories?post=4119"},{"taxonomy":"post_tag","embeddable":true,"href":"https:\/\/agora.xtec.cat\/iesllavaneres\/wp-json\/wp\/v2\/tags?post=4119"}],"curies":[{"name":"wp","href":"https:\/\/api.w.org\/{rel}","templated":true}]}}