{"id":4098,"date":"2024-10-04T11:24:48","date_gmt":"2024-10-04T09:24:48","guid":{"rendered":"https:\/\/agora.xtec.cat\/iesllavaneres\/?p=4098"},"modified":"2024-10-04T11:24:48","modified_gmt":"2024-10-04T09:24:48","slug":"mati-de-recerca-a-la-universitat-autonoma-de-barcelona","status":"publish","type":"post","link":"https:\/\/agora.xtec.cat\/iesllavaneres\/batxillerat\/mati-de-recerca-a-la-universitat-autonoma-de-barcelona\/","title":{"rendered":"Mat\u00ed de recerca a la Universitat Aut\u00f2noma de Barcelona"},"content":{"rendered":"<blockquote>\r\n\t<div class=\"slideshow_container slideshow_container_style-light\" style=\"height: 300px; \" data-slideshow-id=\"4106\" data-style-name=\"style-light\" data-style-version=\"2.3.1\" >\r\n\r\n\t\t\t\t\t<div class=\"slideshow_loading_icon\"><\/div>\r\n\t\t\r\n\t\t<div class=\"slideshow_content\" style=\"display: none;\">\r\n\r\n\t\t\t<div class=\"slideshow_view\">\r\n\t\t\t\t<div class=\"slideshow_slide slideshow_slide_image\">\r\n\t\t\t\t\t\t\t\t\t\t\t<img src=\"https:\/\/agora.xtec.cat\/iesllavaneres\/wp-content\/uploads\/usu2229\/2024\/10\/20240927_123222-min-scaled.jpg\" alt=\"20240927_123222-min\" width=\"2560\" height=\"1920\" \/>\r\n\t\t\t\t\t\t\t\t\t\t<div class=\"slideshow_description_box slideshow_transparent\">\r\n\t\t\t\t\t\t<div class=\"slideshow_title\">20240927_123222-min<\/div>\t\t\t\t\t\t\t\t\t\t\t<\/div>\r\n\t\t\t\t<\/div>\r\n\r\n\t\t\t\t\t\t<div style=\"clear: both;\"><\/div><\/div><div class=\"slideshow_view\">\r\n\t\t\t\t<div class=\"slideshow_slide slideshow_slide_image\">\r\n\t\t\t\t\t\t\t\t\t\t\t<img src=\"https:\/\/agora.xtec.cat\/iesllavaneres\/wp-content\/uploads\/usu2229\/2024\/10\/20240927_105900-min-scaled.jpg\" alt=\"20240927_105900-min\" width=\"2560\" height=\"1920\" \/>\r\n\t\t\t\t\t\t\t\t\t\t<div class=\"slideshow_description_box slideshow_transparent\">\r\n\t\t\t\t\t\t<div class=\"slideshow_title\">20240927_105900-min<\/div>\t\t\t\t\t\t\t\t\t\t\t<\/div>\r\n\t\t\t\t<\/div>\r\n\r\n\t\t\t\t\t\t<div style=\"clear: both;\"><\/div><\/div><div class=\"slideshow_view\">\r\n\t\t\t\t<div class=\"slideshow_slide slideshow_slide_image\">\r\n\t\t\t\t\t\t\t\t\t\t\t<img src=\"https:\/\/agora.xtec.cat\/iesllavaneres\/wp-content\/uploads\/usu2229\/2024\/10\/20240927_120932-min-scaled.jpg\" alt=\"20240927_120932-min\" width=\"2560\" height=\"1920\" \/>\r\n\t\t\t\t\t\t\t\t\t\t<div class=\"slideshow_description_box slideshow_transparent\">\r\n\t\t\t\t\t\t<div class=\"slideshow_title\">20240927_120932-min<\/div>\t\t\t\t\t\t\t\t\t\t\t<\/div>\r\n\t\t\t\t<\/div>\r\n\r\n\t\t\t\t\t\t<div style=\"clear: both;\"><\/div><\/div>\r\n\t\t<\/div>\r\n\r\n\t\t<div class=\"slideshow_controlPanel slideshow_transparent\" style=\"display: none;\"><ul><li class=\"slideshow_togglePlay\" data-play-text=\"Visualitza\" data-pause-text=\"Pausa\"><\/li><\/ul><\/div>\r\n\r\n\t\t<div class=\"slideshow_button slideshow_previous slideshow_transparent\" role=\"button\" data-previous-text=\"Anterior\" style=\"display: none;\"><\/div>\r\n\t\t<div class=\"slideshow_button slideshow_next slideshow_transparent\" role=\"button\" data-next-text=\"Seg\u00fcent\" style=\"display: none;\"><\/div>\r\n\r\n\t\t<div class=\"slideshow_pagination\" style=\"display: none;\" data-go-to-text=\"V\u00e9s a la diapositiva\"><div class=\"slideshow_pagination_center\"><\/div><\/div>\r\n\r\n\t\t<!-- WordPress Slideshow Version 2.3.1 -->\r\n\r\n\t\t\t<\/div>\r\n\r\n\n<p>El passat divendres 27 de setembre, els estudiants de 2n de batxillerat que cursem Biologia vam fer una visita a la Universitat Aut\u00f2noma de Barcelona dins del <a href=\"https:\/\/www.uab.cat\/ca\/ice\/mati-recerca-uab\"><b>Mat\u00ed de la Recerca<\/b><\/a> organitzat per l&#8217;Institut de Ci\u00e8ncies de l&#8217;Educaci\u00f3 (@ice.uab).<\/p>\n<p><span style=\"font-family: inherit; font-size: 1em; color: #222222;\">Quan hi vam arribar, vam trobar davant de les portes dos contenidors i un grup d&#8217;estudiant custodiant-les. Al principi no ens volien deixar entrar perqu\u00e8 estaven de vaga pel conflicte de Palestina, per\u00f2 finalment, ho van permetre. Vam accedir-hi i vam passejar per les instal\u00b7lacions del campus de bioci\u00e8ncies (cafeteria, biblioteca, aules, jardins, espais d&#8217;estudi&#8230;).<\/span><\/p><\/blockquote>\n<blockquote><p>A l&#8217;hora indicada, vam dirigir-nos a la Sala de Graus, on el professor i investigador Daniel Yero va fer una confer\u00e8ncia titulada &#8220;<b>De qu\u00e8 parlen els bacteris<\/b>?&#8221;, en qu\u00e8 ens explicava com aquests organismes (i altres com les plantes o els insectes), es comuniquen qu\u00edmicament i provoquen diferents fen\u00f2mens (bioluminesc\u00e8ncia, cooperaci\u00f3 entre organismes, etc.).<\/p><\/blockquote>\n<blockquote><p>Despr\u00e9s vam passar a la segona part de la visita. Primer vam separar-nos en grups i vam fer diferents activitats organitzades pel <b>Consell d&#8217;Estudiants de Bioci\u00e8ncies<\/b> (@cebiouab). La primera va ser una pr\u00e0ctica d&#8217;histologia en qu\u00e8 vam observar pel microscopi teixits vegetals (com tiges) i animals (terminacions nervioses, una pota d&#8217;un mosquit, teixit muscular&#8230;). Els estudiants que ens van acompanyar en aquest proc\u00e9s van ser molt amables i aclaridors. Ens van explicar qu\u00e8 era i quina funci\u00f3 tenia tot el que v\u00e8iem pel microscopi i ens van donar molta informaci\u00f3.<\/p><\/blockquote>\n<blockquote><p>Quan vam passar al segon taller, una exalumna de la universitat ens va convidar a posar en pr\u00e0ctica un joc de cartes sobre els virus que havia estat el seu TFG (Treball de Final de Grau). Ens ho vam passar molt b\u00e9; el joc era molt entretingut i la noia molt agradable.<\/p><\/blockquote>\n<blockquote><p>La tercera activitat va consistir a barrejar vinagre amb sosa c\u00e0ustica l\u00edquida per neutralitzar l&#8217;\u00e0cid, que adquiria un color rosa. I l\u2019\u00faltima activitat va ser crear un fluid no newtoni\u00e0 (un fluid que es torna s\u00f2lid quan se li aplica for\u00e7a) a partir d&#8217;aigua i de farina de blat de moro (Maizena). Despr\u00e9s el vam ficar en un globus per poder endur-nos-els a casa.<\/p><\/blockquote>\n<blockquote><p>Vam dedicar l&#8217;\u00faltima hora a preguntar als estudiants sobre els graus que m\u00e9s ens interessaven. Tots van ser superamables, educats i de molt\u00edssima ajuda. A m\u00e9s, ens van facilitar uns tr\u00edptics molt interessants i ens van explicar el seu pas per la universitat.<\/p><\/blockquote>\n<blockquote><p>En conclusi\u00f3, la sortida va ser una experi\u00e8ncia agradable i de molta ajuda.<\/p><\/blockquote>\n<blockquote><p>Aurora God\u00e0s &#8211; alumna de Biologia, 2n de Batxillerat<\/p><\/blockquote>\n","protected":false},"excerpt":{"rendered":"<p>El passat divendres 27 de setembre, els estudiants de 2n de batxillerat que cursem Biologia vam fer una visita a la Universitat Aut\u00f2noma de Barcelona dins del Mat\u00ed de la Recerca organitzat per l&#8217;Institut de Ci\u00e8ncies de l&#8217;Educaci\u00f3 (@ice.uab). Quan hi vam arribar, vam trobar davant de les portes dos contenidors i un grup d&#8217;estudiant [&hellip;]<\/p>\n","protected":false},"author":4,"featured_media":0,"comment_status":"open","ping_status":"closed","sticky":false,"template":"","format":"standard","meta":{"_bbp_topic_count":0,"_bbp_reply_count":0,"_bbp_total_topic_count":0,"_bbp_total_reply_count":0,"_bbp_voice_count":0,"_bbp_anonymous_reply_count":0,"_bbp_topic_count_hidden":0,"_bbp_reply_count_hidden":0,"_bbp_forum_subforum_count":0,"site-sidebar-layout":"default","site-content-layout":"","ast-site-content-layout":"","site-content-style":"default","site-sidebar-style":"default","ast-global-header-display":"","ast-banner-title-visibility":"","ast-main-header-display":"","ast-hfb-above-header-display":"","ast-hfb-below-header-display":"","ast-hfb-mobile-header-display":"","site-post-title":"","ast-breadcrumbs-content":"","ast-featured-img":"","footer-sml-layout":"","theme-transparent-header-meta":"","adv-header-id-meta":"","stick-header-meta":"","header-above-stick-meta":"","header-main-stick-meta":"","header-below-stick-meta":"","astra-migrate-meta-layouts":"default","ast-page-background-enabled":"default","ast-page-background-meta":{"desktop":{"background-color":"var(--ast-global-color-4)","background-image":"","background-repeat":"repeat","background-position":"center center","background-size":"auto","background-attachment":"scroll","background-type":"","background-media":"","overlay-type":"","overlay-color":"","overlay-opacity":"","overlay-gradient":""},"tablet":{"background-color":"","background-image":"","background-repeat":"repeat","background-position":"center center","background-size":"auto","background-attachment":"scroll","background-type":"","background-media":"","overlay-type":"","overlay-color":"","overlay-opacity":"","overlay-gradient":""},"mobile":{"background-color":"","background-image":"","background-repeat":"repeat","background-position":"center center","background-size":"auto","background-attachment":"scroll","background-type":"","background-media":"","overlay-type":"","overlay-color":"","overlay-opacity":"","overlay-gradient":""}},"ast-content-background-meta":{"desktop":{"background-color":"var(--ast-global-color-5)","background-image":"","background-repeat":"repeat","background-position":"center center","background-size":"auto","background-attachment":"scroll","background-type":"","background-media":"","overlay-type":"","overlay-color":"","overlay-opacity":"","overlay-gradient":""},"tablet":{"background-color":"var(--ast-global-color-5)","background-image":"","background-repeat":"repeat","background-position":"center center","background-size":"auto","background-attachment":"scroll","background-type":"","background-media":"","overlay-type":"","overlay-color":"","overlay-opacity":"","overlay-gradient":""},"mobile":{"background-color":"var(--ast-global-color-5)","background-image":"","background-repeat":"repeat","background-position":"center center","background-size":"auto","background-attachment":"scroll","background-type":"","background-media":"","overlay-type":"","overlay-color":"","overlay-opacity":"","overlay-gradient":""}},"footnotes":""},"categories":[8,29],"tags":[],"class_list":["post-4098","post","type-post","status-publish","format-standard","hentry","category-batxillerat","category-portada"],"post_mailing_queue_ids":[],"_links":{"self":[{"href":"https:\/\/agora.xtec.cat\/iesllavaneres\/wp-json\/wp\/v2\/posts\/4098","targetHints":{"allow":["GET"]}}],"collection":[{"href":"https:\/\/agora.xtec.cat\/iesllavaneres\/wp-json\/wp\/v2\/posts"}],"about":[{"href":"https:\/\/agora.xtec.cat\/iesllavaneres\/wp-json\/wp\/v2\/types\/post"}],"author":[{"embeddable":true,"href":"https:\/\/agora.xtec.cat\/iesllavaneres\/wp-json\/wp\/v2\/users\/4"}],"replies":[{"embeddable":true,"href":"https:\/\/agora.xtec.cat\/iesllavaneres\/wp-json\/wp\/v2\/comments?post=4098"}],"version-history":[{"count":3,"href":"https:\/\/agora.xtec.cat\/iesllavaneres\/wp-json\/wp\/v2\/posts\/4098\/revisions"}],"predecessor-version":[{"id":4110,"href":"https:\/\/agora.xtec.cat\/iesllavaneres\/wp-json\/wp\/v2\/posts\/4098\/revisions\/4110"}],"wp:attachment":[{"href":"https:\/\/agora.xtec.cat\/iesllavaneres\/wp-json\/wp\/v2\/media?parent=4098"}],"wp:term":[{"taxonomy":"category","embeddable":true,"href":"https:\/\/agora.xtec.cat\/iesllavaneres\/wp-json\/wp\/v2\/categories?post=4098"},{"taxonomy":"post_tag","embeddable":true,"href":"https:\/\/agora.xtec.cat\/iesllavaneres\/wp-json\/wp\/v2\/tags?post=4098"}],"curies":[{"name":"wp","href":"https:\/\/api.w.org\/{rel}","templated":true}]}}