{"id":3753,"date":"2024-06-21T19:48:14","date_gmt":"2024-06-21T17:48:14","guid":{"rendered":"https:\/\/agora.xtec.cat\/iesllavaneres\/?p=3753"},"modified":"2024-06-21T19:48:14","modified_gmt":"2024-06-21T17:48:14","slug":"exit-de-linstitut-llavaneres-en-les-proves-cangur-de-matematiques","status":"publish","type":"post","link":"https:\/\/agora.xtec.cat\/iesllavaneres\/eso-1\/exit-de-linstitut-llavaneres-en-les-proves-cangur-de-matematiques\/","title":{"rendered":"\u00c8xit de l&#8217;Institut Llavaneres en les Proves Cangur de Matem\u00e0tiques"},"content":{"rendered":"<p><span style=\"color: #222222;\"><span style=\"font-family: Arial, sans-serif;\"><span style=\"font-size: medium;\"><a href=\"https:\/\/agora.xtec.cat\/iesllavaneres\/wp-content\/uploads\/usu2229\/2024\/06\/1718991568382-min-scaled.jpg\"><img loading=\"lazy\" decoding=\"async\" class=\"alignnone wp-image-3755 size-large\" src=\"https:\/\/agora.xtec.cat\/iesllavaneres\/wp-content\/uploads\/usu2229\/2024\/06\/1718991568382-min-scaled-e1718992076155-1024x815.jpg\" alt=\"\" width=\"1024\" height=\"815\" srcset=\"https:\/\/agora.xtec.cat\/iesllavaneres\/wp-content\/uploads\/usu2229\/2024\/06\/1718991568382-min-scaled-e1718992076155-1024x815.jpg 1024w, https:\/\/agora.xtec.cat\/iesllavaneres\/wp-content\/uploads\/usu2229\/2024\/06\/1718991568382-min-scaled-e1718992076155-300x239.jpg 300w, https:\/\/agora.xtec.cat\/iesllavaneres\/wp-content\/uploads\/usu2229\/2024\/06\/1718991568382-min-scaled-e1718992076155-768x611.jpg 768w, https:\/\/agora.xtec.cat\/iesllavaneres\/wp-content\/uploads\/usu2229\/2024\/06\/1718991568382-min-scaled-e1718992076155-1536x1222.jpg 1536w, https:\/\/agora.xtec.cat\/iesllavaneres\/wp-content\/uploads\/usu2229\/2024\/06\/1718991568382-min-scaled-e1718992076155.jpg 1962w\" sizes=\"auto, (max-width: 1024px) 100vw, 1024px\" \/><\/a>El passat 21 de mar\u00e7, com \u00e9s tradici\u00f3 al nostre centre, els alumnes amb ganes de posar-se a prova, van participar en les <a href=\"https:\/\/www.cangur.org\/cang2024\/\"><strong>proves Cangur de matem\u00e0tiques<\/strong><\/a>. De 1r d&#8217;ESO, hi van participar 18 alumnes; de 2n d&#8217;ESO, 44; de 3r d&#8217;ESO, 13; de 4t d&#8217;ESO, 27 i de 2n de Batxillerat; 7 alumnes. La prova va coincidir amb el viatge de 1r de Batxillerat i per aix\u00f2 no hi va haver participaci\u00f3 en aquest nivell. Dels 109 que es van presentar en total, el 39,45% van ser noies. Val a dir, per\u00f2, que a 1r i a 4t d&#8217;ESO les noies han representat el 50% dels participants.<\/span><\/span><\/span><\/p>\n<p><span style=\"color: #222222;\"><span style=\"font-family: Arial, sans-serif;\"><span style=\"font-size: medium;\">A tota Catalunya els participants en la prova de 1r d&#8217;ESO han estat 23.578; de 2n d&#8217;ESO, 21.268; de 3r d&#8217;ESO, 17.871; de 4t d&#8217;ESO, 14.167 i de 2n de Batxillerat, 3.246.\u00a0<\/span><\/span><\/span><\/p>\n<p><span style=\"color: #222222;\"><span style=\"font-family: Arial, sans-serif;\"><span style=\"font-size: medium;\">6 dels alumnes del nostre centre que han participat en les proves Cangur 2024 es troben dins del 4% dels millors de la seva categoria.<\/span><\/span><\/span><\/p>\n<p><span style=\"color: #222222;\"><span style=\"font-family: Arial, sans-serif;\"><span style=\"font-size: medium;\">El passat dimarts 18 de juny els professors del Departament de Matem\u00e0tiques de l&#8217;Institut Llavaneres van fer el lliurament de premis als 3 millors classificats de cada nivell. <\/span><\/span><\/span><span style=\"color: #222222;\"><span style=\"font-family: Arial, sans-serif;\"><span style=\"font-size: medium;\">Els guanyadors d&#8217;aquest curs han estat els seg\u00fcents:<\/span><\/span><\/span><\/p>\n<p><span style=\"color: #222222;\"><span style=\"font-family: Arial, sans-serif;\"><span style=\"font-size: medium;\"><strong>1r d&#8217;ESO:<\/strong><\/span><\/span><\/span><\/p>\n<ul>\n<li><span style=\"color: #222222;\"><span style=\"font-family: Arial, sans-serif;\"><span style=\"font-size: medium;\">1a posici\u00f3: Asier Linares Mir-Mir<\/span><\/span><\/span><\/li>\n<li><span style=\"color: #222222;\"><span style=\"font-family: Arial, sans-serif;\"><span style=\"font-size: medium;\">2a posici\u00f3: Noa Gandulfo Abaunz<\/span><\/span><\/span><\/li>\n<li><span style=\"color: #222222;\"><span style=\"font-family: Arial, sans-serif;\"><span style=\"font-size: medium;\">3a posici\u00f3: Marc Jim\u00e9nez Cantero<\/span><\/span><\/span><\/li>\n<\/ul>\n<p><strong><span style=\"color: #222222;\"><span style=\"font-family: Arial, sans-serif;\"><span style=\"font-size: medium;\">2n d&#8217;ESO:<\/span><\/span><\/span><\/strong><\/p>\n<ul>\n<li>1a posici\u00f3: Oscar Prats Mart\u00ed<\/li>\n<li>2a posici\u00f3: Jordi Cabot\u00ed Bertran<\/li>\n<li>3a posici\u00f3: Alvaro Param\u00e9s Llad\u00f3<\/li>\n<\/ul>\n<p><strong>3r d&#8217;ESO:<\/strong><\/p>\n<ul>\n<li>1a posici\u00f3: Nel Petitfaux S\u00e1nchez<\/li>\n<li>2a posici\u00f3: Marc Alcoriza Mart\u00ed<\/li>\n<li>3a posici\u00f3: Ona Barrionuevo Cols<\/li>\n<\/ul>\n<p><strong>4t d&#8217;ESO:<\/strong><\/p>\n<ul>\n<li>1a posici\u00f3: Carla Calvo Jofra<\/li>\n<li>2a posici\u00f3: Martina Pe\u00f1uela Hern\u00e1ndez<\/li>\n<li>3a posici\u00f3: Carla Moreno Ant\u00fanez<\/li>\n<\/ul>\n<p><strong>2n de Batxillerat:<\/strong><\/p>\n<ul>\n<li>1a posici\u00f3: Carlos Gutierrez Rodriguez<\/li>\n<li>2a posici\u00f3: Aleix Campuzano Cabot<\/li>\n<li>3a posici\u00f3: Aleix Perellon Morancho<\/li>\n<\/ul>\n<p><span style=\"color: #222222;\"><span style=\"font-family: Arial, sans-serif;\"><span style=\"font-size: medium;\">Volem fer <strong>menci\u00f3 especial<\/strong> a l&#8217;alumne de 2n d&#8217;ESO Nel Petitfaux S\u00e1nchez, ja que ha aconseguit la posici\u00f3 157 entre 21.268 alumnes, \u00e9s a dir, es troba dins del 0,88% dels millors de la seva categoria.<\/span><\/span><\/span><\/p>\n<p><span style=\"color: #222222;\"><span style=\"font-family: Arial, sans-serif;\"><span style=\"font-size: medium;\">Enhorabona a tots els participants i desitgem que el curs vinent siguin m\u00e9s els valents i les valentes que s&#8217;animin a fer les Proves Cangur. Us hi esperem!!<\/span><\/span><\/span><\/p>\n<p><span style=\"color: #222222;\"><span style=\"font-family: Arial, sans-serif;\"><span style=\"font-size: medium;\">Departament de matem\u00e0tiques.<\/span><\/span><\/span><\/p>\n","protected":false},"excerpt":{"rendered":"<p>El passat 21 de mar\u00e7, com \u00e9s tradici\u00f3 al nostre centre, els alumnes amb ganes de posar-se a prova, van participar en les proves Cangur de matem\u00e0tiques. De 1r d&#8217;ESO, hi van participar 18 alumnes; de 2n d&#8217;ESO, 44; de 3r d&#8217;ESO, 13; de 4t d&#8217;ESO, 27 i de 2n de Batxillerat; 7 alumnes. La [&hellip;]<\/p>\n","protected":false},"author":4,"featured_media":0,"comment_status":"open","ping_status":"closed","sticky":false,"template":"","format":"standard","meta":{"_bbp_topic_count":0,"_bbp_reply_count":0,"_bbp_total_topic_count":0,"_bbp_total_reply_count":0,"_bbp_voice_count":0,"_bbp_anonymous_reply_count":0,"_bbp_topic_count_hidden":0,"_bbp_reply_count_hidden":0,"_bbp_forum_subforum_count":0,"site-sidebar-layout":"default","site-content-layout":"","ast-site-content-layout":"","site-content-style":"default","site-sidebar-style":"default","ast-global-header-display":"","ast-banner-title-visibility":"","ast-main-header-display":"","ast-hfb-above-header-display":"","ast-hfb-below-header-display":"","ast-hfb-mobile-header-display":"","site-post-title":"","ast-breadcrumbs-content":"","ast-featured-img":"","footer-sml-layout":"","theme-transparent-header-meta":"","adv-header-id-meta":"","stick-header-meta":"","header-above-stick-meta":"","header-main-stick-meta":"","header-below-stick-meta":"","astra-migrate-meta-layouts":"default","ast-page-background-enabled":"default","ast-page-background-meta":{"desktop":{"background-color":"var(--ast-global-color-4)","background-image":"","background-repeat":"repeat","background-position":"center center","background-size":"auto","background-attachment":"scroll","background-type":"","background-media":"","overlay-type":"","overlay-color":"","overlay-opacity":"","overlay-gradient":""},"tablet":{"background-color":"","background-image":"","background-repeat":"repeat","background-position":"center center","background-size":"auto","background-attachment":"scroll","background-type":"","background-media":"","overlay-type":"","overlay-color":"","overlay-opacity":"","overlay-gradient":""},"mobile":{"background-color":"","background-image":"","background-repeat":"repeat","background-position":"center center","background-size":"auto","background-attachment":"scroll","background-type":"","background-media":"","overlay-type":"","overlay-color":"","overlay-opacity":"","overlay-gradient":""}},"ast-content-background-meta":{"desktop":{"background-color":"var(--ast-global-color-5)","background-image":"","background-repeat":"repeat","background-position":"center center","background-size":"auto","background-attachment":"scroll","background-type":"","background-media":"","overlay-type":"","overlay-color":"","overlay-opacity":"","overlay-gradient":""},"tablet":{"background-color":"var(--ast-global-color-5)","background-image":"","background-repeat":"repeat","background-position":"center center","background-size":"auto","background-attachment":"scroll","background-type":"","background-media":"","overlay-type":"","overlay-color":"","overlay-opacity":"","overlay-gradient":""},"mobile":{"background-color":"var(--ast-global-color-5)","background-image":"","background-repeat":"repeat","background-position":"center center","background-size":"auto","background-attachment":"scroll","background-type":"","background-media":"","overlay-type":"","overlay-color":"","overlay-opacity":"","overlay-gradient":""}},"footnotes":""},"categories":[8,4,5,6,7,29],"tags":[166,132,136,120,117,116,209],"class_list":["post-3753","post","type-post","status-publish","format-standard","hentry","category-batxillerat","category-eso-1","category-eso-2","category-eso-3","category-eso-4","category-portada","tag-1r-deso","tag-2n-deso","tag-3r-deso","tag-4t-deso","tag-batxillerat","tag-eso","tag-reconeixement-alumnes"],"post_mailing_queue_ids":[],"_links":{"self":[{"href":"https:\/\/agora.xtec.cat\/iesllavaneres\/wp-json\/wp\/v2\/posts\/3753","targetHints":{"allow":["GET"]}}],"collection":[{"href":"https:\/\/agora.xtec.cat\/iesllavaneres\/wp-json\/wp\/v2\/posts"}],"about":[{"href":"https:\/\/agora.xtec.cat\/iesllavaneres\/wp-json\/wp\/v2\/types\/post"}],"author":[{"embeddable":true,"href":"https:\/\/agora.xtec.cat\/iesllavaneres\/wp-json\/wp\/v2\/users\/4"}],"replies":[{"embeddable":true,"href":"https:\/\/agora.xtec.cat\/iesllavaneres\/wp-json\/wp\/v2\/comments?post=3753"}],"version-history":[{"count":2,"href":"https:\/\/agora.xtec.cat\/iesllavaneres\/wp-json\/wp\/v2\/posts\/3753\/revisions"}],"predecessor-version":[{"id":3756,"href":"https:\/\/agora.xtec.cat\/iesllavaneres\/wp-json\/wp\/v2\/posts\/3753\/revisions\/3756"}],"wp:attachment":[{"href":"https:\/\/agora.xtec.cat\/iesllavaneres\/wp-json\/wp\/v2\/media?parent=3753"}],"wp:term":[{"taxonomy":"category","embeddable":true,"href":"https:\/\/agora.xtec.cat\/iesllavaneres\/wp-json\/wp\/v2\/categories?post=3753"},{"taxonomy":"post_tag","embeddable":true,"href":"https:\/\/agora.xtec.cat\/iesllavaneres\/wp-json\/wp\/v2\/tags?post=3753"}],"curies":[{"name":"wp","href":"https:\/\/api.w.org\/{rel}","templated":true}]}}