{"id":3726,"date":"2024-06-25T08:00:24","date_gmt":"2024-06-25T06:00:24","guid":{"rendered":"https:\/\/agora.xtec.cat\/iesllavaneres\/?p=3726"},"modified":"2024-06-20T13:34:00","modified_gmt":"2024-06-20T11:34:00","slug":"a-linstitut-fem-pellicules","status":"publish","type":"post","link":"https:\/\/agora.xtec.cat\/iesllavaneres\/eso-3\/a-linstitut-fem-pellicules\/","title":{"rendered":"A l&#8217;Institut, fem pel\u00b7l\u00edcules!"},"content":{"rendered":"\r\n\t<div class=\"slideshow_container slideshow_container_style-light\" style=\"height: 300px; \" data-slideshow-id=\"3729\" data-style-name=\"style-light\" data-style-version=\"2.3.1\" >\r\n\r\n\t\t\t\t\t<div class=\"slideshow_loading_icon\"><\/div>\r\n\t\t\r\n\t\t<div class=\"slideshow_content\" style=\"display: none;\">\r\n\r\n\t\t\t<div class=\"slideshow_view\">\r\n\t\t\t\t<div class=\"slideshow_slide slideshow_slide_image\">\r\n\t\t\t\t\t\t\t\t\t\t\t<img src=\"https:\/\/agora.xtec.cat\/iesllavaneres\/wp-content\/uploads\/usu2229\/2024\/06\/IMG_20240606_111516-min-scaled.jpg\" alt=\"IMG_20240606_111516-min\" width=\"2560\" height=\"1922\" \/>\r\n\t\t\t\t\t\t\t\t\t\t<div class=\"slideshow_description_box slideshow_transparent\">\r\n\t\t\t\t\t\t<div class=\"slideshow_title\">IMG_20240606_111516-min<\/div>\t\t\t\t\t\t\t\t\t\t\t<\/div>\r\n\t\t\t\t<\/div>\r\n\r\n\t\t\t\t\t\t<div style=\"clear: both;\"><\/div><\/div><div class=\"slideshow_view\">\r\n\t\t\t\t<div class=\"slideshow_slide slideshow_slide_image\">\r\n\t\t\t\t\t\t\t\t\t\t\t<img src=\"https:\/\/agora.xtec.cat\/iesllavaneres\/wp-content\/uploads\/usu2229\/2024\/06\/IMG_20240606_121042-min-scaled.jpg\" alt=\"IMG_20240606_121042-min\" width=\"2560\" height=\"1922\" \/>\r\n\t\t\t\t\t\t\t\t\t\t<div class=\"slideshow_description_box slideshow_transparent\">\r\n\t\t\t\t\t\t<div class=\"slideshow_title\">IMG_20240606_121042-min<\/div>\t\t\t\t\t\t\t\t\t\t\t<\/div>\r\n\t\t\t\t<\/div>\r\n\r\n\t\t\t\t\t\t<div style=\"clear: both;\"><\/div><\/div><div class=\"slideshow_view\">\r\n\t\t\t\t<div class=\"slideshow_slide slideshow_slide_image\">\r\n\t\t\t\t\t\t\t\t\t\t\t<img src=\"https:\/\/agora.xtec.cat\/iesllavaneres\/wp-content\/uploads\/usu2229\/2024\/06\/IMG_20240606_115130-min-scaled.jpg\" alt=\"IMG_20240606_115130-min\" width=\"2560\" height=\"1922\" \/>\r\n\t\t\t\t\t\t\t\t\t\t<div class=\"slideshow_description_box slideshow_transparent\">\r\n\t\t\t\t\t\t<div class=\"slideshow_title\">IMG_20240606_115130-min<\/div>\t\t\t\t\t\t\t\t\t\t\t<\/div>\r\n\t\t\t\t<\/div>\r\n\r\n\t\t\t\t\t\t<div style=\"clear: both;\"><\/div><\/div><div class=\"slideshow_view\">\r\n\t\t\t\t<div class=\"slideshow_slide slideshow_slide_image\">\r\n\t\t\t\t\t\t\t\t\t\t\t<img src=\"https:\/\/agora.xtec.cat\/iesllavaneres\/wp-content\/uploads\/usu2229\/2024\/06\/IMG_20240606_115243-min-scaled.jpg\" alt=\"IMG_20240606_115243-min\" width=\"2560\" height=\"1922\" \/>\r\n\t\t\t\t\t\t\t\t\t\t<div class=\"slideshow_description_box slideshow_transparent\">\r\n\t\t\t\t\t\t<div class=\"slideshow_title\">IMG_20240606_115243-min<\/div>\t\t\t\t\t\t\t\t\t\t\t<\/div>\r\n\t\t\t\t<\/div>\r\n\r\n\t\t\t\t\t\t<div style=\"clear: both;\"><\/div><\/div><div class=\"slideshow_view\">\r\n\t\t\t\t<div class=\"slideshow_slide slideshow_slide_image\">\r\n\t\t\t\t\t\t\t\t\t\t\t<img src=\"https:\/\/agora.xtec.cat\/iesllavaneres\/wp-content\/uploads\/usu2229\/2024\/06\/IMG_20240606_115316-min-scaled.jpg\" alt=\"IMG_20240606_115316-min\" width=\"2560\" height=\"1920\" \/>\r\n\t\t\t\t\t\t\t\t\t\t<div class=\"slideshow_description_box slideshow_transparent\">\r\n\t\t\t\t\t\t<div class=\"slideshow_title\">IMG_20240606_115316-min<\/div>\t\t\t\t\t\t\t\t\t\t\t<\/div>\r\n\t\t\t\t<\/div>\r\n\r\n\t\t\t\t\t\t<div style=\"clear: both;\"><\/div><\/div>\r\n\t\t<\/div>\r\n\r\n\t\t<div class=\"slideshow_controlPanel slideshow_transparent\" style=\"display: none;\"><ul><li class=\"slideshow_togglePlay\" data-play-text=\"Visualitza\" data-pause-text=\"Pausa\"><\/li><\/ul><\/div>\r\n\r\n\t\t<div class=\"slideshow_button slideshow_previous slideshow_transparent\" role=\"button\" data-previous-text=\"Anterior\" style=\"display: none;\"><\/div>\r\n\t\t<div class=\"slideshow_button slideshow_next slideshow_transparent\" role=\"button\" data-next-text=\"Seg\u00fcent\" style=\"display: none;\"><\/div>\r\n\r\n\t\t<div class=\"slideshow_pagination\" style=\"display: none;\" data-go-to-text=\"V\u00e9s a la diapositiva\"><div class=\"slideshow_pagination_center\"><\/div><\/div>\r\n\r\n\t\t<!-- WordPress Slideshow Version 2.3.1 -->\r\n\r\n\t\t\t<\/div>\r\n\r\n\n<p><span style=\"font-family: Arial, sans-serif;\">El Departament d&#8217;Expressi\u00f3, concretament les mat\u00e8ries d&#8217;Expressi\u00f3 Art\u00edstica del curs PONT i Comunicaci\u00f3 Audiovisual de 1r de Batxillerat, us presentem els 3 curtmetratges fets aquest curs escolar dins el <a href=\"https:\/\/tallerdecinema.com\/project\/reacciona\/3\">Projecte Reacciona<\/a>.<br \/>\nEl Projecte Reacciona, finan\u00e7at per l&#8217;Ajuntament de Llavaneres, \u00e9s un taller de cinema que mitjan\u00e7ant la pr\u00e0ctica audiovisual treballa la sensibilitzaci\u00f3 en tem\u00e0tiques com la cooperaci\u00f3 i la solidaritat, el medi ambient, la cultura de pau o la perspectiva de g\u00e8nere.<br \/>\nEl llenguatge audiovisual \u00e9s idoni per treballar projectes de sensibilitzaci\u00f3 perqu\u00e8 \u00e9s estimulant. Fomenta el treball en grup, la participaci\u00f3 i l&#8217;experimentaci\u00f3 d&#8217;emocions, ja que t&#8217;obliga a posar-te &#8220;en la pell de l&#8217;altre&#8221;. L&#8217;alumnat ha investigat sobre la tem\u00e0tica escollida amb l&#8217;ajuda de l&#8217;organitzaci\u00f3 participant i despr\u00e9s ha creat el gui\u00f3 literari i t\u00e8cnic per a la gravaci\u00f3 del curtmetratge. <\/span><span style=\"font-family: Arial, sans-serif;\">Finalment, s&#8217;han dut a terme la gravaci\u00f3 de les escenes i el muntatge final.<br \/>\nTant el professorat com l&#8217;alumnat hem gaudit d&#8217;aquesta experi\u00e8ncia que ens ha aportat un aprenentatge significatiu i real dels recursos cinematogr\u00e0fics, a m\u00e9s a m\u00e9s hem pogut aportar el nostre granet de sorra en una problem\u00e0tica actual.<\/span><\/p>\n<p><span style=\"font-family: Arial, sans-serif;\">Les imatges corresponen a l&#8217;acte que es va fer al <a href=\"https:\/\/caixaforum.org\/ca\/barcelona\">Caixaforum<\/a> el 6 de juny, quan es va fer el lliurament dels curtmetratges. I, a continuaci\u00f3, podreu veure els 3 curtmetratges dels alumnes de l&#8217;Institut Llavaneres. Esperem que gaudiu dels nostres treballs.<\/span><\/p>\n<p>M\u00edriam Rialp, Departament d&#8217;Expressi\u00f3 art\u00edstica i Dibuix<\/p>\n<p><iframe loading=\"lazy\" src=\"https:\/\/player.vimeo.com\/video\/950533473?h=86af87ac3a&amp;color=c9ff23&amp;byline=0&amp;portrait=0\" width=\"640\" height=\"360\" frameborder=\"0\" allowfullscreen=\"allowfullscreen\"><\/iframe><\/p>\n<p><a href=\"https:\/\/vimeo.com\/950533473\">&#8220;Ella&#8221; INS Llavaneres, 1r Batx A, 2023-24, Sant Andreu de Llavaneres<\/a> from <a href=\"https:\/\/vimeo.com\/tallerdecinema\">Taller de Cinema<\/a> on <a href=\"https:\/\/vimeo.com\">Vimeo<\/a>.<\/p>\n<p><iframe loading=\"lazy\" src=\"https:\/\/player.vimeo.com\/video\/950534116?h=212f4651b6&amp;color=c9ff23&amp;byline=0&amp;portrait=0\" width=\"640\" height=\"360\" frameborder=\"0\" allowfullscreen=\"allowfullscreen\"><\/iframe><\/p>\n<p><a href=\"https:\/\/vimeo.com\/950534116\">&#8220;L&#8217;altra cara de la poma&#8221; INS Llavaneres 1r Batx B, 2023-24, Sant Andreu de Llavaneres<\/a> from <a href=\"https:\/\/vimeo.com\/tallerdecinema\">Taller de Cinema<\/a> on <a href=\"https:\/\/vimeo.com\">Vimeo<\/a>.<\/p>\n<p><iframe loading=\"lazy\" src=\"https:\/\/player.vimeo.com\/video\/925862355?h=ed02e738db&amp;color=c9ff23&amp;byline=0&amp;portrait=0\" width=\"640\" height=\"360\" frameborder=\"0\" allowfullscreen=\"allowfullscreen\"><\/iframe><\/p>\n<p><a href=\"https:\/\/vimeo.com\/925862355\">&#8220;Impacte social&#8221; 3r-4t ESO Curs Pont 2023-24, INS Llavaneres<\/a> from <a href=\"https:\/\/vimeo.com\/tallerdecinema\">Taller de Cinema<\/a> on <a href=\"https:\/\/vimeo.com\">Vimeo<\/a>.<\/p>\n","protected":false},"excerpt":{"rendered":"<p>El Departament d&#8217;Expressi\u00f3, concretament les mat\u00e8ries d&#8217;Expressi\u00f3 Art\u00edstica del curs PONT i Comunicaci\u00f3 Audiovisual de 1r de Batxillerat, us presentem els 3 curtmetratges fets aquest curs escolar dins el Projecte Reacciona. El Projecte Reacciona, finan\u00e7at per l&#8217;Ajuntament de Llavaneres, \u00e9s un taller de cinema que mitjan\u00e7ant la pr\u00e0ctica audiovisual treballa la sensibilitzaci\u00f3 en tem\u00e0tiques com [&hellip;]<\/p>\n","protected":false},"author":4,"featured_media":0,"comment_status":"open","ping_status":"closed","sticky":false,"template":"","format":"standard","meta":{"_bbp_topic_count":0,"_bbp_reply_count":0,"_bbp_total_topic_count":0,"_bbp_total_reply_count":0,"_bbp_voice_count":0,"_bbp_anonymous_reply_count":0,"_bbp_topic_count_hidden":0,"_bbp_reply_count_hidden":0,"_bbp_forum_subforum_count":0,"site-sidebar-layout":"default","site-content-layout":"","ast-site-content-layout":"","site-content-style":"default","site-sidebar-style":"default","ast-global-header-display":"","ast-banner-title-visibility":"","ast-main-header-display":"","ast-hfb-above-header-display":"","ast-hfb-below-header-display":"","ast-hfb-mobile-header-display":"","site-post-title":"","ast-breadcrumbs-content":"","ast-featured-img":"","footer-sml-layout":"","theme-transparent-header-meta":"","adv-header-id-meta":"","stick-header-meta":"","header-above-stick-meta":"","header-main-stick-meta":"","header-below-stick-meta":"","astra-migrate-meta-layouts":"default","ast-page-background-enabled":"default","ast-page-background-meta":{"desktop":{"background-color":"var(--ast-global-color-4)","background-image":"","background-repeat":"repeat","background-position":"center center","background-size":"auto","background-attachment":"scroll","background-type":"","background-media":"","overlay-type":"","overlay-color":"","overlay-opacity":"","overlay-gradient":""},"tablet":{"background-color":"","background-image":"","background-repeat":"repeat","background-position":"center center","background-size":"auto","background-attachment":"scroll","background-type":"","background-media":"","overlay-type":"","overlay-color":"","overlay-opacity":"","overlay-gradient":""},"mobile":{"background-color":"","background-image":"","background-repeat":"repeat","background-position":"center center","background-size":"auto","background-attachment":"scroll","background-type":"","background-media":"","overlay-type":"","overlay-color":"","overlay-opacity":"","overlay-gradient":""}},"ast-content-background-meta":{"desktop":{"background-color":"var(--ast-global-color-5)","background-image":"","background-repeat":"repeat","background-position":"center center","background-size":"auto","background-attachment":"scroll","background-type":"","background-media":"","overlay-type":"","overlay-color":"","overlay-opacity":"","overlay-gradient":""},"tablet":{"background-color":"var(--ast-global-color-5)","background-image":"","background-repeat":"repeat","background-position":"center center","background-size":"auto","background-attachment":"scroll","background-type":"","background-media":"","overlay-type":"","overlay-color":"","overlay-opacity":"","overlay-gradient":""},"mobile":{"background-color":"var(--ast-global-color-5)","background-image":"","background-repeat":"repeat","background-position":"center center","background-size":"auto","background-attachment":"scroll","background-type":"","background-media":"","overlay-type":"","overlay-color":"","overlay-opacity":"","overlay-gradient":""}},"footnotes":""},"categories":[6,7,141,29],"tags":[138,136,120,189,117,152,192,116],"class_list":["post-3726","post","type-post","status-publish","format-standard","hentry","category-eso-3","category-eso-4","category-orientacio","category-portada","tag-1r-de-batxillerat","tag-3r-deso","tag-4t-deso","tag-activitats","tag-batxillerat","tag-comunicacio-audiovisual","tag-creacio-artistica","tag-eso"],"post_mailing_queue_ids":[],"_links":{"self":[{"href":"https:\/\/agora.xtec.cat\/iesllavaneres\/wp-json\/wp\/v2\/posts\/3726","targetHints":{"allow":["GET"]}}],"collection":[{"href":"https:\/\/agora.xtec.cat\/iesllavaneres\/wp-json\/wp\/v2\/posts"}],"about":[{"href":"https:\/\/agora.xtec.cat\/iesllavaneres\/wp-json\/wp\/v2\/types\/post"}],"author":[{"embeddable":true,"href":"https:\/\/agora.xtec.cat\/iesllavaneres\/wp-json\/wp\/v2\/users\/4"}],"replies":[{"embeddable":true,"href":"https:\/\/agora.xtec.cat\/iesllavaneres\/wp-json\/wp\/v2\/comments?post=3726"}],"version-history":[{"count":4,"href":"https:\/\/agora.xtec.cat\/iesllavaneres\/wp-json\/wp\/v2\/posts\/3726\/revisions"}],"predecessor-version":[{"id":3749,"href":"https:\/\/agora.xtec.cat\/iesllavaneres\/wp-json\/wp\/v2\/posts\/3726\/revisions\/3749"}],"wp:attachment":[{"href":"https:\/\/agora.xtec.cat\/iesllavaneres\/wp-json\/wp\/v2\/media?parent=3726"}],"wp:term":[{"taxonomy":"category","embeddable":true,"href":"https:\/\/agora.xtec.cat\/iesllavaneres\/wp-json\/wp\/v2\/categories?post=3726"},{"taxonomy":"post_tag","embeddable":true,"href":"https:\/\/agora.xtec.cat\/iesllavaneres\/wp-json\/wp\/v2\/tags?post=3726"}],"curies":[{"name":"wp","href":"https:\/\/api.w.org\/{rel}","templated":true}]}}