{"id":3709,"date":"2024-06-13T11:59:51","date_gmt":"2024-06-13T09:59:51","guid":{"rendered":"https:\/\/agora.xtec.cat\/iesllavaneres\/?p=3709"},"modified":"2024-06-13T11:59:51","modified_gmt":"2024-06-13T09:59:51","slug":"graduacio-de-2n-de-batxillerat","status":"publish","type":"post","link":"https:\/\/agora.xtec.cat\/iesllavaneres\/general\/graduacio-de-2n-de-batxillerat\/","title":{"rendered":"Graduaci\u00f3 de 2n de Batxillerat"},"content":{"rendered":"<p><a href=\"https:\/\/agora.xtec.cat\/iesllavaneres\/wp-content\/uploads\/usu2229\/2024\/06\/0324-49764-XS.jpg\"><img loading=\"lazy\" decoding=\"async\" class=\"size-full wp-image-3723 aligncenter\" src=\"https:\/\/agora.xtec.cat\/iesllavaneres\/wp-content\/uploads\/usu2229\/2024\/06\/0324-49764-XS.jpg\" alt=\"\" width=\"436\" height=\"290\" srcset=\"https:\/\/agora.xtec.cat\/iesllavaneres\/wp-content\/uploads\/usu2229\/2024\/06\/0324-49764-XS.jpg 436w, https:\/\/agora.xtec.cat\/iesllavaneres\/wp-content\/uploads\/usu2229\/2024\/06\/0324-49764-XS-300x200.jpg 300w\" sizes=\"auto, (max-width: 436px) 100vw, 436px\" \/><\/a><\/p>\n<p>Divendres dia 7 de juny els alumnes de 2n de Batxillerat de l&#8217;Institut Llavaneres van celebrar la Graduaci\u00f3 de la promoci\u00f3 2022-2024, juntament amb les fam\u00edlies i el professorat del centre.<\/p>\n<p>Va iniciar l&#8217;acte la directora, Eva Vil\u00e0, recordant moments del pas d&#8217;aquests alumnes per l&#8217;institut, assenyalant la diversificaci\u00f3 de talents i remarcant aquells aspectes que ajudaran els nois i les noies en la seva formaci\u00f3 futura.<\/p>\n<p>Despr\u00e9s va prendre la paraula el Regidor d&#8217;Educaci\u00f3, Joan Arnau, que va ressaltar la import\u00e0ncia i l&#8217;orgull que suposa per a la poblaci\u00f3 tenir joves ben preparats.<\/p>\n<p>Yolanda D\u00edaz, la presidenta de l&#8217;AFA, va tancar aquesta primera part m\u00e9s protocol\u00b7l\u00e0ria felicitant els alumnes pel tancament d&#8217;aquesta etapa formativa i desitjant-los molta sort en el futur.<\/p>\n<p>Acte seguit, les tutores de 2n de Batxillerat, Anna Navarro i Laura Luque, tamb\u00e9 van pujar a l&#8217;estrada per rememorar episodis del curs i per repartir orles i tasses commemoratives als alumnes de 2n de Batxillerat, que destacaven per l&#8217;eleg\u00e0ncia que llu\u00efen i la felicitat de deixar enrere aquest curs tan exigent.<\/p>\n<p>Els representants de l&#8217;alumnat, Pablo Gonz\u00e0lez, Bernat Rabassa i Montse Ibern van fer un discurs divertit &#8220;repassant&#8221; els professors del curs i agraint-los la dedicaci\u00f3 i l&#8217;esfor\u00e7.<\/p>\n<p>I, abans de la fotografia dels birrets als jardins del restaurant, les tutores van ser obsequiades per la representant de l&#8217;AFA, que va recon\u00e8ixer aix\u00ed tota la feina feta al llarg del curs.<\/p>\n<p>Posteriorment, va comen\u00e7ar la sessi\u00f3 fotogr\u00e0fica i, despr\u00e9s de compartir un brindis amb les fam\u00edlies, alumnes i professors van celebrar un sopar dist\u00e8s que va acabar amb la ballaruca de la matinada.<\/p>\n<p>Podeu descarregar les imatges de l&#8217;acte a <a href=\"https:\/\/www.buchfotografia.com\/lang\/ca\/area-de-clients\">Buch Fotografia<\/a>.<\/p>\n","protected":false},"excerpt":{"rendered":"<p>Divendres dia 7 de juny els alumnes de 2n de Batxillerat de l&#8217;Institut Llavaneres van celebrar la Graduaci\u00f3 de la promoci\u00f3 2022-2024, juntament amb les fam\u00edlies i el professorat del centre. Va iniciar l&#8217;acte la directora, Eva Vil\u00e0, recordant moments del pas d&#8217;aquests alumnes per l&#8217;institut, assenyalant la diversificaci\u00f3 de talents i remarcant aquells aspectes [&hellip;]<\/p>\n","protected":false},"author":4,"featured_media":0,"comment_status":"open","ping_status":"closed","sticky":false,"template":"","format":"standard","meta":{"_bbp_topic_count":0,"_bbp_reply_count":0,"_bbp_total_topic_count":0,"_bbp_total_reply_count":0,"_bbp_voice_count":0,"_bbp_anonymous_reply_count":0,"_bbp_topic_count_hidden":0,"_bbp_reply_count_hidden":0,"_bbp_forum_subforum_count":0,"site-sidebar-layout":"default","site-content-layout":"","ast-site-content-layout":"","site-content-style":"default","site-sidebar-style":"default","ast-global-header-display":"","ast-banner-title-visibility":"","ast-main-header-display":"","ast-hfb-above-header-display":"","ast-hfb-below-header-display":"","ast-hfb-mobile-header-display":"","site-post-title":"","ast-breadcrumbs-content":"","ast-featured-img":"","footer-sml-layout":"","theme-transparent-header-meta":"","adv-header-id-meta":"","stick-header-meta":"","header-above-stick-meta":"","header-main-stick-meta":"","header-below-stick-meta":"","astra-migrate-meta-layouts":"default","ast-page-background-enabled":"default","ast-page-background-meta":{"desktop":{"background-color":"var(--ast-global-color-4)","background-image":"","background-repeat":"repeat","background-position":"center center","background-size":"auto","background-attachment":"scroll","background-type":"","background-media":"","overlay-type":"","overlay-color":"","overlay-opacity":"","overlay-gradient":""},"tablet":{"background-color":"","background-image":"","background-repeat":"repeat","background-position":"center center","background-size":"auto","background-attachment":"scroll","background-type":"","background-media":"","overlay-type":"","overlay-color":"","overlay-opacity":"","overlay-gradient":""},"mobile":{"background-color":"","background-image":"","background-repeat":"repeat","background-position":"center center","background-size":"auto","background-attachment":"scroll","background-type":"","background-media":"","overlay-type":"","overlay-color":"","overlay-opacity":"","overlay-gradient":""}},"ast-content-background-meta":{"desktop":{"background-color":"var(--ast-global-color-5)","background-image":"","background-repeat":"repeat","background-position":"center center","background-size":"auto","background-attachment":"scroll","background-type":"","background-media":"","overlay-type":"","overlay-color":"","overlay-opacity":"","overlay-gradient":""},"tablet":{"background-color":"var(--ast-global-color-5)","background-image":"","background-repeat":"repeat","background-position":"center center","background-size":"auto","background-attachment":"scroll","background-type":"","background-media":"","overlay-type":"","overlay-color":"","overlay-opacity":"","overlay-gradient":""},"mobile":{"background-color":"var(--ast-global-color-5)","background-image":"","background-repeat":"repeat","background-position":"center center","background-size":"auto","background-attachment":"scroll","background-type":"","background-media":"","overlay-type":"","overlay-color":"","overlay-opacity":"","overlay-gradient":""}},"footnotes":""},"categories":[8,1,29],"tags":[144,117],"class_list":["post-3709","post","type-post","status-publish","format-standard","hentry","category-batxillerat","category-general","category-portada","tag-2n-batxillerat","tag-batxillerat"],"post_mailing_queue_ids":[],"_links":{"self":[{"href":"https:\/\/agora.xtec.cat\/iesllavaneres\/wp-json\/wp\/v2\/posts\/3709","targetHints":{"allow":["GET"]}}],"collection":[{"href":"https:\/\/agora.xtec.cat\/iesllavaneres\/wp-json\/wp\/v2\/posts"}],"about":[{"href":"https:\/\/agora.xtec.cat\/iesllavaneres\/wp-json\/wp\/v2\/types\/post"}],"author":[{"embeddable":true,"href":"https:\/\/agora.xtec.cat\/iesllavaneres\/wp-json\/wp\/v2\/users\/4"}],"replies":[{"embeddable":true,"href":"https:\/\/agora.xtec.cat\/iesllavaneres\/wp-json\/wp\/v2\/comments?post=3709"}],"version-history":[{"count":4,"href":"https:\/\/agora.xtec.cat\/iesllavaneres\/wp-json\/wp\/v2\/posts\/3709\/revisions"}],"predecessor-version":[{"id":3724,"href":"https:\/\/agora.xtec.cat\/iesllavaneres\/wp-json\/wp\/v2\/posts\/3709\/revisions\/3724"}],"wp:attachment":[{"href":"https:\/\/agora.xtec.cat\/iesllavaneres\/wp-json\/wp\/v2\/media?parent=3709"}],"wp:term":[{"taxonomy":"category","embeddable":true,"href":"https:\/\/agora.xtec.cat\/iesllavaneres\/wp-json\/wp\/v2\/categories?post=3709"},{"taxonomy":"post_tag","embeddable":true,"href":"https:\/\/agora.xtec.cat\/iesllavaneres\/wp-json\/wp\/v2\/tags?post=3709"}],"curies":[{"name":"wp","href":"https:\/\/api.w.org\/{rel}","templated":true}]}}