{"id":3679,"date":"2024-06-07T08:26:31","date_gmt":"2024-06-07T06:26:31","guid":{"rendered":"https:\/\/agora.xtec.cat\/iesllavaneres\/?p=3679"},"modified":"2024-06-07T08:26:31","modified_gmt":"2024-06-07T06:26:31","slug":"preparant-les-olimpiades-populars","status":"publish","type":"post","link":"https:\/\/agora.xtec.cat\/iesllavaneres\/general\/preparant-les-olimpiades-populars\/","title":{"rendered":"Preparant les Olimp\u00edades populars"},"content":{"rendered":"<p><a href=\"https:\/\/agora.xtec.cat\/iesllavaneres\/wp-content\/uploads\/usu2229\/2024\/06\/1717741141550.jpg\"><img loading=\"lazy\" decoding=\"async\" class=\"alignnone size-large wp-image-3681\" src=\"https:\/\/agora.xtec.cat\/iesllavaneres\/wp-content\/uploads\/usu2229\/2024\/06\/1717741141550-1024x768.jpg\" alt=\"\" width=\"1024\" height=\"768\" srcset=\"https:\/\/agora.xtec.cat\/iesllavaneres\/wp-content\/uploads\/usu2229\/2024\/06\/1717741141550-1024x768.jpg 1024w, https:\/\/agora.xtec.cat\/iesllavaneres\/wp-content\/uploads\/usu2229\/2024\/06\/1717741141550-300x225.jpg 300w, https:\/\/agora.xtec.cat\/iesllavaneres\/wp-content\/uploads\/usu2229\/2024\/06\/1717741141550-768x576.jpg 768w, https:\/\/agora.xtec.cat\/iesllavaneres\/wp-content\/uploads\/usu2229\/2024\/06\/1717741141550-1536x1152.jpg 1536w, https:\/\/agora.xtec.cat\/iesllavaneres\/wp-content\/uploads\/usu2229\/2024\/06\/1717741141550-200x150.jpg 200w, https:\/\/agora.xtec.cat\/iesllavaneres\/wp-content\/uploads\/usu2229\/2024\/06\/1717741141550.jpg 2048w\" sizes=\"auto, (max-width: 1024px) 100vw, 1024px\" \/><\/a><\/p>\n<p>Divendres 31 de maig van visitar les classes d&#8217;ESO <strong>Gemma Abad<\/strong>, T\u00e8cnica d&#8217;Esports de l&#8217;Ajuntament de Llavaneres, <strong>Nat\u00e0lia Rad\u00f3<\/strong>, en representaci\u00f3 de la Comissi\u00f3 de les Olimp\u00edades i <strong>Adriana Manau<\/strong>, destacada futbolista i entrenadora de futbol a Llavaneres.<\/p>\n<p>A la imatge, podeu veure la Nat\u00e0lia i l&#8217;Adriana davant de la pancarta promocional. La mascota que la decora va ser dissenyada per l&#8217;alumna del centre, Bianca Grossi, que va guanyar el concurs.<\/p>\n<p>Van animar els alumnes a inscriure&#8217;s en les Olimp\u00edades populars, que se celebren cada quatre anys a la poblaci\u00f3, coincidint amb la contesa ol\u00edmpica. Per a m\u00e9s informaci\u00f3, podeu consultar el <a href=\"https:\/\/ajllavaneres.cat\/21146\">web municipal<\/a>.<\/p>\n","protected":false},"excerpt":{"rendered":"<p>Divendres 31 de maig van visitar les classes d&#8217;ESO Gemma Abad, T\u00e8cnica d&#8217;Esports de l&#8217;Ajuntament de Llavaneres, Nat\u00e0lia Rad\u00f3, en representaci\u00f3 de la Comissi\u00f3 de les Olimp\u00edades i Adriana Manau, destacada futbolista i entrenadora de futbol a Llavaneres. A la imatge, podeu veure la Nat\u00e0lia i l&#8217;Adriana davant de la pancarta promocional. La mascota que [&hellip;]<\/p>\n","protected":false},"author":4,"featured_media":0,"comment_status":"open","ping_status":"closed","sticky":false,"template":"","format":"standard","meta":{"_bbp_topic_count":0,"_bbp_reply_count":0,"_bbp_total_topic_count":0,"_bbp_total_reply_count":0,"_bbp_voice_count":0,"_bbp_anonymous_reply_count":0,"_bbp_topic_count_hidden":0,"_bbp_reply_count_hidden":0,"_bbp_forum_subforum_count":0,"site-sidebar-layout":"default","site-content-layout":"","ast-site-content-layout":"","site-content-style":"default","site-sidebar-style":"default","ast-global-header-display":"","ast-banner-title-visibility":"","ast-main-header-display":"","ast-hfb-above-header-display":"","ast-hfb-below-header-display":"","ast-hfb-mobile-header-display":"","site-post-title":"","ast-breadcrumbs-content":"","ast-featured-img":"","footer-sml-layout":"","theme-transparent-header-meta":"","adv-header-id-meta":"","stick-header-meta":"","header-above-stick-meta":"","header-main-stick-meta":"","header-below-stick-meta":"","astra-migrate-meta-layouts":"default","ast-page-background-enabled":"default","ast-page-background-meta":{"desktop":{"background-color":"var(--ast-global-color-4)","background-image":"","background-repeat":"repeat","background-position":"center center","background-size":"auto","background-attachment":"scroll","background-type":"","background-media":"","overlay-type":"","overlay-color":"","overlay-opacity":"","overlay-gradient":""},"tablet":{"background-color":"","background-image":"","background-repeat":"repeat","background-position":"center center","background-size":"auto","background-attachment":"scroll","background-type":"","background-media":"","overlay-type":"","overlay-color":"","overlay-opacity":"","overlay-gradient":""},"mobile":{"background-color":"","background-image":"","background-repeat":"repeat","background-position":"center center","background-size":"auto","background-attachment":"scroll","background-type":"","background-media":"","overlay-type":"","overlay-color":"","overlay-opacity":"","overlay-gradient":""}},"ast-content-background-meta":{"desktop":{"background-color":"var(--ast-global-color-5)","background-image":"","background-repeat":"repeat","background-position":"center center","background-size":"auto","background-attachment":"scroll","background-type":"","background-media":"","overlay-type":"","overlay-color":"","overlay-opacity":"","overlay-gradient":""},"tablet":{"background-color":"var(--ast-global-color-5)","background-image":"","background-repeat":"repeat","background-position":"center center","background-size":"auto","background-attachment":"scroll","background-type":"","background-media":"","overlay-type":"","overlay-color":"","overlay-opacity":"","overlay-gradient":""},"mobile":{"background-color":"var(--ast-global-color-5)","background-image":"","background-repeat":"repeat","background-position":"center center","background-size":"auto","background-attachment":"scroll","background-type":"","background-media":"","overlay-type":"","overlay-color":"","overlay-opacity":"","overlay-gradient":""}},"footnotes":""},"categories":[1,29],"tags":[111,116],"class_list":["post-3679","post","type-post","status-publish","format-standard","hentry","category-general","category-portada","tag-educacio-fisica","tag-eso"],"post_mailing_queue_ids":[],"_links":{"self":[{"href":"https:\/\/agora.xtec.cat\/iesllavaneres\/wp-json\/wp\/v2\/posts\/3679","targetHints":{"allow":["GET"]}}],"collection":[{"href":"https:\/\/agora.xtec.cat\/iesllavaneres\/wp-json\/wp\/v2\/posts"}],"about":[{"href":"https:\/\/agora.xtec.cat\/iesllavaneres\/wp-json\/wp\/v2\/types\/post"}],"author":[{"embeddable":true,"href":"https:\/\/agora.xtec.cat\/iesllavaneres\/wp-json\/wp\/v2\/users\/4"}],"replies":[{"embeddable":true,"href":"https:\/\/agora.xtec.cat\/iesllavaneres\/wp-json\/wp\/v2\/comments?post=3679"}],"version-history":[{"count":2,"href":"https:\/\/agora.xtec.cat\/iesllavaneres\/wp-json\/wp\/v2\/posts\/3679\/revisions"}],"predecessor-version":[{"id":3682,"href":"https:\/\/agora.xtec.cat\/iesllavaneres\/wp-json\/wp\/v2\/posts\/3679\/revisions\/3682"}],"wp:attachment":[{"href":"https:\/\/agora.xtec.cat\/iesllavaneres\/wp-json\/wp\/v2\/media?parent=3679"}],"wp:term":[{"taxonomy":"category","embeddable":true,"href":"https:\/\/agora.xtec.cat\/iesllavaneres\/wp-json\/wp\/v2\/categories?post=3679"},{"taxonomy":"post_tag","embeddable":true,"href":"https:\/\/agora.xtec.cat\/iesllavaneres\/wp-json\/wp\/v2\/tags?post=3679"}],"curies":[{"name":"wp","href":"https:\/\/api.w.org\/{rel}","templated":true}]}}