{"id":3594,"date":"2024-05-23T13:04:25","date_gmt":"2024-05-23T11:04:25","guid":{"rendered":"https:\/\/agora.xtec.cat\/iesllavaneres\/?p=3594"},"modified":"2024-05-23T13:04:25","modified_gmt":"2024-05-23T11:04:25","slug":"jan-martin-marca-17-punts-en-la-final-del-campionat-de-catalunya","status":"publish","type":"post","link":"https:\/\/agora.xtec.cat\/iesllavaneres\/general\/jan-martin-marca-17-punts-en-la-final-del-campionat-de-catalunya\/","title":{"rendered":"Jan Mart\u00edn marca 17 punts en la final del Campionat de Catalunya"},"content":{"rendered":"<p><a href=\"https:\/\/agora.xtec.cat\/iesllavaneres\/wp-content\/uploads\/usu2229\/2024\/05\/1716366622212-2-min.jpg\"><img loading=\"lazy\" decoding=\"async\" class=\" wp-image-3596 alignleft\" src=\"https:\/\/agora.xtec.cat\/iesllavaneres\/wp-content\/uploads\/usu2229\/2024\/05\/1716366622212-2-min-404x1024.jpg\" alt=\"\" width=\"266\" height=\"688\" \/><\/a><\/p>\n<p>L&#8217;alumne de 2n d&#8217;ESO B <strong>Jan Mart\u00edn<\/strong> va disputar amb el Bar\u00e7a la <strong>Final a Quatre del Campionat de Catalunya U14 Infantil Mascul\u00ed Preferent<\/strong>\u00a0que se celebrava al Pavell\u00f3 Municipal de Martorell el passat cap de setmana, dies 18 i 19 de maig.<\/p>\n<p>El Bar\u00e7a es va declarar clarament campi\u00f3 despr\u00e9s de derrotar el Joventut per 84 a 42. En Jan Mart\u00edn, que ja ens acostuma a regalar grans \u00e8xits en aquest esport, va marcar 17 punts per al seu equip.<\/p>\n<p>Com a <strong>Campi\u00f3 de Catalunya<\/strong>, ara el Jan passar\u00e0 a jugar el Campionat Estatal de Clubs, que tindr\u00e0 lloc properament a Gal\u00edcia.<\/p>\n<p>Felicitats campi\u00f3 i molta sort en la propera contesa!<\/p>\n<p><a href=\"https:\/\/agora.xtec.cat\/iesllavaneres\/wp-content\/uploads\/usu2229\/2024\/05\/1716366622237-1-min.jpg\"><img loading=\"lazy\" decoding=\"async\" class=\" wp-image-3597 alignright\" src=\"https:\/\/agora.xtec.cat\/iesllavaneres\/wp-content\/uploads\/usu2229\/2024\/05\/1716366622237-1-min-1024x579.jpg\" alt=\"\" width=\"432\" height=\"252\" \/><\/a><\/p>\n","protected":false},"excerpt":{"rendered":"<p>L&#8217;alumne de 2n d&#8217;ESO B Jan Mart\u00edn va disputar amb el Bar\u00e7a la Final a Quatre del Campionat de Catalunya U14 Infantil Mascul\u00ed Preferent\u00a0que se celebrava al Pavell\u00f3 Municipal de Martorell el passat cap de setmana, dies 18 i 19 de maig. El Bar\u00e7a es va declarar clarament campi\u00f3 despr\u00e9s de derrotar el Joventut per [&hellip;]<\/p>\n","protected":false},"author":4,"featured_media":0,"comment_status":"open","ping_status":"closed","sticky":false,"template":"","format":"standard","meta":{"_bbp_topic_count":0,"_bbp_reply_count":0,"_bbp_total_topic_count":0,"_bbp_total_reply_count":0,"_bbp_voice_count":0,"_bbp_anonymous_reply_count":0,"_bbp_topic_count_hidden":0,"_bbp_reply_count_hidden":0,"_bbp_forum_subforum_count":0,"site-sidebar-layout":"default","site-content-layout":"","ast-site-content-layout":"","site-content-style":"default","site-sidebar-style":"default","ast-global-header-display":"","ast-banner-title-visibility":"","ast-main-header-display":"","ast-hfb-above-header-display":"","ast-hfb-below-header-display":"","ast-hfb-mobile-header-display":"","site-post-title":"","ast-breadcrumbs-content":"","ast-featured-img":"","footer-sml-layout":"","theme-transparent-header-meta":"","adv-header-id-meta":"","stick-header-meta":"","header-above-stick-meta":"","header-main-stick-meta":"","header-below-stick-meta":"","astra-migrate-meta-layouts":"default","ast-page-background-enabled":"default","ast-page-background-meta":{"desktop":{"background-color":"var(--ast-global-color-4)","background-image":"","background-repeat":"repeat","background-position":"center center","background-size":"auto","background-attachment":"scroll","background-type":"","background-media":"","overlay-type":"","overlay-color":"","overlay-opacity":"","overlay-gradient":""},"tablet":{"background-color":"","background-image":"","background-repeat":"repeat","background-position":"center center","background-size":"auto","background-attachment":"scroll","background-type":"","background-media":"","overlay-type":"","overlay-color":"","overlay-opacity":"","overlay-gradient":""},"mobile":{"background-color":"","background-image":"","background-repeat":"repeat","background-position":"center center","background-size":"auto","background-attachment":"scroll","background-type":"","background-media":"","overlay-type":"","overlay-color":"","overlay-opacity":"","overlay-gradient":""}},"ast-content-background-meta":{"desktop":{"background-color":"var(--ast-global-color-5)","background-image":"","background-repeat":"repeat","background-position":"center center","background-size":"auto","background-attachment":"scroll","background-type":"","background-media":"","overlay-type":"","overlay-color":"","overlay-opacity":"","overlay-gradient":""},"tablet":{"background-color":"var(--ast-global-color-5)","background-image":"","background-repeat":"repeat","background-position":"center center","background-size":"auto","background-attachment":"scroll","background-type":"","background-media":"","overlay-type":"","overlay-color":"","overlay-opacity":"","overlay-gradient":""},"mobile":{"background-color":"var(--ast-global-color-5)","background-image":"","background-repeat":"repeat","background-position":"center center","background-size":"auto","background-attachment":"scroll","background-type":"","background-media":"","overlay-type":"","overlay-color":"","overlay-opacity":"","overlay-gradient":""}},"footnotes":""},"categories":[5,1,29],"tags":[111,116],"class_list":["post-3594","post","type-post","status-publish","format-standard","hentry","category-eso-2","category-general","category-portada","tag-educacio-fisica","tag-eso"],"post_mailing_queue_ids":[],"_links":{"self":[{"href":"https:\/\/agora.xtec.cat\/iesllavaneres\/wp-json\/wp\/v2\/posts\/3594","targetHints":{"allow":["GET"]}}],"collection":[{"href":"https:\/\/agora.xtec.cat\/iesllavaneres\/wp-json\/wp\/v2\/posts"}],"about":[{"href":"https:\/\/agora.xtec.cat\/iesllavaneres\/wp-json\/wp\/v2\/types\/post"}],"author":[{"embeddable":true,"href":"https:\/\/agora.xtec.cat\/iesllavaneres\/wp-json\/wp\/v2\/users\/4"}],"replies":[{"embeddable":true,"href":"https:\/\/agora.xtec.cat\/iesllavaneres\/wp-json\/wp\/v2\/comments?post=3594"}],"version-history":[{"count":3,"href":"https:\/\/agora.xtec.cat\/iesllavaneres\/wp-json\/wp\/v2\/posts\/3594\/revisions"}],"predecessor-version":[{"id":3599,"href":"https:\/\/agora.xtec.cat\/iesllavaneres\/wp-json\/wp\/v2\/posts\/3594\/revisions\/3599"}],"wp:attachment":[{"href":"https:\/\/agora.xtec.cat\/iesllavaneres\/wp-json\/wp\/v2\/media?parent=3594"}],"wp:term":[{"taxonomy":"category","embeddable":true,"href":"https:\/\/agora.xtec.cat\/iesllavaneres\/wp-json\/wp\/v2\/categories?post=3594"},{"taxonomy":"post_tag","embeddable":true,"href":"https:\/\/agora.xtec.cat\/iesllavaneres\/wp-json\/wp\/v2\/tags?post=3594"}],"curies":[{"name":"wp","href":"https:\/\/api.w.org\/{rel}","templated":true}]}}