{"id":3576,"date":"2024-05-22T10:43:49","date_gmt":"2024-05-22T08:43:49","guid":{"rendered":"https:\/\/agora.xtec.cat\/iesllavaneres\/?p=3576"},"modified":"2024-05-22T10:50:07","modified_gmt":"2024-05-22T08:50:07","slug":"del-museu-a","status":"publish","type":"post","link":"https:\/\/agora.xtec.cat\/iesllavaneres\/eso-3\/del-museu-a\/","title":{"rendered":"Del Museu a l&#8217;aula"},"content":{"rendered":"<p><a href=\"https:\/\/agora.xtec.cat\/iesllavaneres\/wp-content\/uploads\/usu2229\/2024\/05\/1716363169357-min.jpg\"><img loading=\"lazy\" decoding=\"async\" class=\"alignnone wp-image-3581\" src=\"https:\/\/agora.xtec.cat\/iesllavaneres\/wp-content\/uploads\/usu2229\/2024\/05\/1716363169357-min-1024x769.jpg\" alt=\"\" width=\"670\" height=\"440\" \/><\/a> <a href=\"https:\/\/agora.xtec.cat\/iesllavaneres\/wp-content\/uploads\/usu2229\/2024\/05\/1716363169334-min.jpg\"><img loading=\"lazy\" decoding=\"async\" class=\"wp-image-3582 alignright\" src=\"https:\/\/agora.xtec.cat\/iesllavaneres\/wp-content\/uploads\/usu2229\/2024\/05\/1716363169334-min-1024x769.jpg\" alt=\"\" width=\"280\" height=\"408\" \/><\/a><\/p>\n<p>Dies enrere, els alumnes de 3r d&#8217;ESO van visitar el <a href=\"https:\/\/museuslocals.diba.cat\/museu\/7802\">Museu de l&#8217;Estampaci\u00f3 de Premi\u00e0 de Mar<\/a>. All\u00e0 van aprendre algunes t\u00e8cniques que ara, a l&#8217;aula, han aplicat al projecte que actualment decora el vest\u00edbul de l&#8217;institut.<\/p>\n<p>Partint de la construcci\u00f3 geom\u00e8trica d&#8217;un m\u00f2dul senzill i de la repetici\u00f3 d&#8217;aquest m\u00f2dul a trav\u00e9s de diferents moviments, l&#8217;alumnat de 3r d&#8217;ESO ha creat xarxes modulars complexes. Aquestes xarxes estan elaborades mitjan\u00e7ant la t\u00e8cnica d&#8217;estampaci\u00f3 apresa durant la visita al Museu de l&#8217;Estampaci\u00f3 i amb l&#8217;elaboraci\u00f3 de colors an\u00e0legs.<\/p>\n<p>Ara han decorat el vest\u00edbul amb el projecte que han elaborat i el resultat \u00e9s ben espectacular!<\/p>\n<p>M\u00edriam Rialp,\u00a0Departament de Pl\u00e0stica, Visual i Audiovisual<\/p>\n","protected":false},"excerpt":{"rendered":"<p>Dies enrere, els alumnes de 3r d&#8217;ESO van visitar el Museu de l&#8217;Estampaci\u00f3 de Premi\u00e0 de Mar. All\u00e0 van aprendre algunes t\u00e8cniques que ara, a l&#8217;aula, han aplicat al projecte que actualment decora el vest\u00edbul de l&#8217;institut. Partint de la construcci\u00f3 geom\u00e8trica d&#8217;un m\u00f2dul senzill i de la repetici\u00f3 d&#8217;aquest m\u00f2dul a trav\u00e9s de diferents [&hellip;]<\/p>\n","protected":false},"author":4,"featured_media":0,"comment_status":"open","ping_status":"closed","sticky":false,"template":"","format":"standard","meta":{"_bbp_topic_count":0,"_bbp_reply_count":0,"_bbp_total_topic_count":0,"_bbp_total_reply_count":0,"_bbp_voice_count":0,"_bbp_anonymous_reply_count":0,"_bbp_topic_count_hidden":0,"_bbp_reply_count_hidden":0,"_bbp_forum_subforum_count":0,"site-sidebar-layout":"default","site-content-layout":"","ast-site-content-layout":"","site-content-style":"default","site-sidebar-style":"default","ast-global-header-display":"","ast-banner-title-visibility":"","ast-main-header-display":"","ast-hfb-above-header-display":"","ast-hfb-below-header-display":"","ast-hfb-mobile-header-display":"","site-post-title":"","ast-breadcrumbs-content":"","ast-featured-img":"","footer-sml-layout":"","theme-transparent-header-meta":"","adv-header-id-meta":"","stick-header-meta":"","header-above-stick-meta":"","header-main-stick-meta":"","header-below-stick-meta":"","astra-migrate-meta-layouts":"default","ast-page-background-enabled":"default","ast-page-background-meta":{"desktop":{"background-color":"var(--ast-global-color-4)","background-image":"","background-repeat":"repeat","background-position":"center center","background-size":"auto","background-attachment":"scroll","background-type":"","background-media":"","overlay-type":"","overlay-color":"","overlay-opacity":"","overlay-gradient":""},"tablet":{"background-color":"","background-image":"","background-repeat":"repeat","background-position":"center center","background-size":"auto","background-attachment":"scroll","background-type":"","background-media":"","overlay-type":"","overlay-color":"","overlay-opacity":"","overlay-gradient":""},"mobile":{"background-color":"","background-image":"","background-repeat":"repeat","background-position":"center center","background-size":"auto","background-attachment":"scroll","background-type":"","background-media":"","overlay-type":"","overlay-color":"","overlay-opacity":"","overlay-gradient":""}},"ast-content-background-meta":{"desktop":{"background-color":"var(--ast-global-color-5)","background-image":"","background-repeat":"repeat","background-position":"center center","background-size":"auto","background-attachment":"scroll","background-type":"","background-media":"","overlay-type":"","overlay-color":"","overlay-opacity":"","overlay-gradient":""},"tablet":{"background-color":"var(--ast-global-color-5)","background-image":"","background-repeat":"repeat","background-position":"center center","background-size":"auto","background-attachment":"scroll","background-type":"","background-media":"","overlay-type":"","overlay-color":"","overlay-opacity":"","overlay-gradient":""},"mobile":{"background-color":"var(--ast-global-color-5)","background-image":"","background-repeat":"repeat","background-position":"center center","background-size":"auto","background-attachment":"scroll","background-type":"","background-media":"","overlay-type":"","overlay-color":"","overlay-opacity":"","overlay-gradient":""}},"footnotes":""},"categories":[6,29],"tags":[136,189,152,116,194],"class_list":["post-3576","post","type-post","status-publish","format-standard","hentry","category-eso-3","category-portada","tag-3r-deso","tag-activitats","tag-comunicacio-audiovisual","tag-eso","tag-expressio-artistica"],"post_mailing_queue_ids":[],"_links":{"self":[{"href":"https:\/\/agora.xtec.cat\/iesllavaneres\/wp-json\/wp\/v2\/posts\/3576","targetHints":{"allow":["GET"]}}],"collection":[{"href":"https:\/\/agora.xtec.cat\/iesllavaneres\/wp-json\/wp\/v2\/posts"}],"about":[{"href":"https:\/\/agora.xtec.cat\/iesllavaneres\/wp-json\/wp\/v2\/types\/post"}],"author":[{"embeddable":true,"href":"https:\/\/agora.xtec.cat\/iesllavaneres\/wp-json\/wp\/v2\/users\/4"}],"replies":[{"embeddable":true,"href":"https:\/\/agora.xtec.cat\/iesllavaneres\/wp-json\/wp\/v2\/comments?post=3576"}],"version-history":[{"count":5,"href":"https:\/\/agora.xtec.cat\/iesllavaneres\/wp-json\/wp\/v2\/posts\/3576\/revisions"}],"predecessor-version":[{"id":3585,"href":"https:\/\/agora.xtec.cat\/iesllavaneres\/wp-json\/wp\/v2\/posts\/3576\/revisions\/3585"}],"wp:attachment":[{"href":"https:\/\/agora.xtec.cat\/iesllavaneres\/wp-json\/wp\/v2\/media?parent=3576"}],"wp:term":[{"taxonomy":"category","embeddable":true,"href":"https:\/\/agora.xtec.cat\/iesllavaneres\/wp-json\/wp\/v2\/categories?post=3576"},{"taxonomy":"post_tag","embeddable":true,"href":"https:\/\/agora.xtec.cat\/iesllavaneres\/wp-json\/wp\/v2\/tags?post=3576"}],"curies":[{"name":"wp","href":"https:\/\/api.w.org\/{rel}","templated":true}]}}