{"id":3566,"date":"2024-05-21T10:51:06","date_gmt":"2024-05-21T08:51:06","guid":{"rendered":"https:\/\/agora.xtec.cat\/iesllavaneres\/?p=3566"},"modified":"2024-05-16T13:27:21","modified_gmt":"2024-05-16T11:27:21","slug":"inauguracio-de-lexposicio-qart-24","status":"publish","type":"post","link":"https:\/\/agora.xtec.cat\/iesllavaneres\/general\/inauguracio-de-lexposicio-qart-24\/","title":{"rendered":"Inauguraci\u00f3 de l&#8217;exposici\u00f3 QART 24"},"content":{"rendered":"<p><a href=\"https:\/\/agora.xtec.cat\/iesllavaneres\/wp-content\/uploads\/usu2229\/2024\/05\/Cartell-QART24-min.jpg\"><img loading=\"lazy\" decoding=\"async\" class=\"wp-image-3568 aligncenter\" src=\"https:\/\/agora.xtec.cat\/iesllavaneres\/wp-content\/uploads\/usu2229\/2024\/05\/Cartell-QART24-min-724x1024.jpg\" alt=\"\" width=\"468\" height=\"714\" \/><\/a><\/p>\n<p><strong>Dijous 23 de maig, a les 19.30<\/strong>, tindr\u00e0 lloc la inauguraci\u00f3 de l&#8217;exposici\u00f3 <strong>Qart 24<\/strong> al <a href=\"https:\/\/museullavaneres.cat\/\">Museu-Arxiu<\/a> de Can Caralt.<\/p>\n<p>Com cada any, l&#8217;alumnat de l&#8217;optativa de <strong>Visual i Pl\u00e0stica<\/strong> 4t d&#8217;ESO de l&#8217;Institut Llavaneres, liderats per la professora responsable Luci Moro, organitzen una mostra dels seus treballs d&#8217;art a les sala d&#8217;exposicions temporals del Museu-Arxiu. Aquesta entitat reserva, en la seva programaci\u00f3 anual, una setmana per donar visibilitat a la tasca d&#8217;aquests alumnes.<\/p>\n<p>El projecte inclou que els alumnes facin de comissaris, seleccionant els treballs, emmarcant-los i organitzant-ne la disposici\u00f3 dins de la sala.<\/p>\n<p>A l&#8217;acte hi assistiran l&#8217;Il\u00b7lustr\u00edssim senyor Alcalde, el Regidor de Cultura i Educaci\u00f3, el Director del Museu-Arxiu. Hi ha convidades totes les fam\u00edlies i est\u00e0 obert al p\u00fablic en general.<\/p>\n","protected":false},"excerpt":{"rendered":"<p>Dijous 23 de maig, a les 19.30, tindr\u00e0 lloc la inauguraci\u00f3 de l&#8217;exposici\u00f3 Qart 24 al Museu-Arxiu de Can Caralt. Com cada any, l&#8217;alumnat de l&#8217;optativa de Visual i Pl\u00e0stica 4t d&#8217;ESO de l&#8217;Institut Llavaneres, liderats per la professora responsable Luci Moro, organitzen una mostra dels seus treballs d&#8217;art a les sala d&#8217;exposicions temporals del [&hellip;]<\/p>\n","protected":false},"author":4,"featured_media":0,"comment_status":"open","ping_status":"closed","sticky":false,"template":"","format":"standard","meta":{"_bbp_topic_count":0,"_bbp_reply_count":0,"_bbp_total_topic_count":0,"_bbp_total_reply_count":0,"_bbp_voice_count":0,"_bbp_anonymous_reply_count":0,"_bbp_topic_count_hidden":0,"_bbp_reply_count_hidden":0,"_bbp_forum_subforum_count":0,"site-sidebar-layout":"default","site-content-layout":"","ast-site-content-layout":"","site-content-style":"default","site-sidebar-style":"default","ast-global-header-display":"","ast-banner-title-visibility":"","ast-main-header-display":"","ast-hfb-above-header-display":"","ast-hfb-below-header-display":"","ast-hfb-mobile-header-display":"","site-post-title":"","ast-breadcrumbs-content":"","ast-featured-img":"","footer-sml-layout":"","theme-transparent-header-meta":"","adv-header-id-meta":"","stick-header-meta":"","header-above-stick-meta":"","header-main-stick-meta":"","header-below-stick-meta":"","astra-migrate-meta-layouts":"default","ast-page-background-enabled":"default","ast-page-background-meta":{"desktop":{"background-color":"var(--ast-global-color-4)","background-image":"","background-repeat":"repeat","background-position":"center center","background-size":"auto","background-attachment":"scroll","background-type":"","background-media":"","overlay-type":"","overlay-color":"","overlay-opacity":"","overlay-gradient":""},"tablet":{"background-color":"","background-image":"","background-repeat":"repeat","background-position":"center center","background-size":"auto","background-attachment":"scroll","background-type":"","background-media":"","overlay-type":"","overlay-color":"","overlay-opacity":"","overlay-gradient":""},"mobile":{"background-color":"","background-image":"","background-repeat":"repeat","background-position":"center center","background-size":"auto","background-attachment":"scroll","background-type":"","background-media":"","overlay-type":"","overlay-color":"","overlay-opacity":"","overlay-gradient":""}},"ast-content-background-meta":{"desktop":{"background-color":"var(--ast-global-color-5)","background-image":"","background-repeat":"repeat","background-position":"center center","background-size":"auto","background-attachment":"scroll","background-type":"","background-media":"","overlay-type":"","overlay-color":"","overlay-opacity":"","overlay-gradient":""},"tablet":{"background-color":"var(--ast-global-color-5)","background-image":"","background-repeat":"repeat","background-position":"center center","background-size":"auto","background-attachment":"scroll","background-type":"","background-media":"","overlay-type":"","overlay-color":"","overlay-opacity":"","overlay-gradient":""},"mobile":{"background-color":"var(--ast-global-color-5)","background-image":"","background-repeat":"repeat","background-position":"center center","background-size":"auto","background-attachment":"scroll","background-type":"","background-media":"","overlay-type":"","overlay-color":"","overlay-opacity":"","overlay-gradient":""}},"footnotes":""},"categories":[7,1,29],"tags":[120,189,192,116,104],"class_list":["post-3566","post","type-post","status-publish","format-standard","hentry","category-eso-4","category-general","category-portada","tag-4t-deso","tag-activitats","tag-creacio-artistica","tag-eso","tag-visual-i-plastica"],"post_mailing_queue_ids":[],"_links":{"self":[{"href":"https:\/\/agora.xtec.cat\/iesllavaneres\/wp-json\/wp\/v2\/posts\/3566","targetHints":{"allow":["GET"]}}],"collection":[{"href":"https:\/\/agora.xtec.cat\/iesllavaneres\/wp-json\/wp\/v2\/posts"}],"about":[{"href":"https:\/\/agora.xtec.cat\/iesllavaneres\/wp-json\/wp\/v2\/types\/post"}],"author":[{"embeddable":true,"href":"https:\/\/agora.xtec.cat\/iesllavaneres\/wp-json\/wp\/v2\/users\/4"}],"replies":[{"embeddable":true,"href":"https:\/\/agora.xtec.cat\/iesllavaneres\/wp-json\/wp\/v2\/comments?post=3566"}],"version-history":[{"count":4,"href":"https:\/\/agora.xtec.cat\/iesllavaneres\/wp-json\/wp\/v2\/posts\/3566\/revisions"}],"predecessor-version":[{"id":3572,"href":"https:\/\/agora.xtec.cat\/iesllavaneres\/wp-json\/wp\/v2\/posts\/3566\/revisions\/3572"}],"wp:attachment":[{"href":"https:\/\/agora.xtec.cat\/iesllavaneres\/wp-json\/wp\/v2\/media?parent=3566"}],"wp:term":[{"taxonomy":"category","embeddable":true,"href":"https:\/\/agora.xtec.cat\/iesllavaneres\/wp-json\/wp\/v2\/categories?post=3566"},{"taxonomy":"post_tag","embeddable":true,"href":"https:\/\/agora.xtec.cat\/iesllavaneres\/wp-json\/wp\/v2\/tags?post=3566"}],"curies":[{"name":"wp","href":"https:\/\/api.w.org\/{rel}","templated":true}]}}