{"id":3563,"date":"2024-05-15T11:19:51","date_gmt":"2024-05-15T09:19:51","guid":{"rendered":"https:\/\/agora.xtec.cat\/iesllavaneres\/?p=3563"},"modified":"2024-05-15T11:19:51","modified_gmt":"2024-05-15T09:19:51","slug":"biomedicina-i-musica","status":"publish","type":"post","link":"https:\/\/agora.xtec.cat\/iesllavaneres\/batxillerat\/biomedicina-i-musica\/","title":{"rendered":"Biomedicina i M\u00fasica"},"content":{"rendered":"<p>Els alumnes de la mat\u00e8ria de Biomedicina 1r de Batxillerat, que imparteix el professor Arnau Divins, han relacionat els processos del sistema nervi\u00f3s amb diferents propostes musicals, en un esfor\u00e7 per fomentar-ne la divulgaci\u00f3 a trav\u00e9s d&#8217;un mitj\u00e0, el musical, poc utilitzat en ci\u00e8ncia.<\/p>\n<p>L&#8217;objectiu \u00e9s fer una lletra creativa i explicativa i, mitjan\u00e7ant una IA de M\u00fasica, donar veu a una can\u00e7\u00f3 sobre el sistema nervi\u00f3s. Al llarg d&#8217;aquesta setmana la m\u00fasica es podr\u00e0 sentir als passadissos del centre. Aquestes s\u00f3n les 9 can\u00e7ons dels alumnes:<\/p>\n<ol>\n<li><em>Actes reflexes<\/em>, per Iveth S\u00e0nchez<\/li>\n<li><em>Neurones trencades<\/em>, per Carla Garcia<\/li>\n<li><em>Adrenalina<\/em>, per Carlota Barcel\u00f3<\/li>\n<li><em>Sinapsi brillant<\/em>, per J\u00falia Pe\u00f1a<\/li>\n<li><em>La llum de la serotonina<\/em>, per Oriol Jusmet<\/li>\n<li><em>L&#8217;ess\u00e8ncia de la neurofisi\u00f3<\/em>, per Luc\u00eda Acosta<\/li>\n<li><em>Els neurotrasmissors<\/em>, per Manel Moreno<\/li>\n<li><em>El sistema nervi\u00f3s<\/em>, per Hugo Hern\u00e0ndez<\/li>\n<li><em>Connexi\u00f3 entre neurones<\/em>, per Aldric Neira<\/li>\n<\/ol>\n<p>El professor de M\u00fasica Arnald Pannon ens facilita l&#8217;acc\u00e9s a aquetes propostes:<\/p>\n<div class=\"ast-oembed-container \" style=\"height: 100%;\"><iframe loading=\"lazy\" title=\"Biomedicina amb m\u00fasica 2024 by iesllavaneres\" width=\"500\" height=\"400\" scrolling=\"no\" frameborder=\"no\" src=\"https:\/\/w.soundcloud.com\/player\/?visual=true&#038;url=https%3A%2F%2Fapi.soundcloud.com%2Ftracks%2F1821038103&#038;show_artwork=true&#038;maxheight=750&#038;maxwidth=500\"><\/iframe><\/div>\n","protected":false},"excerpt":{"rendered":"<p>Els alumnes de la mat\u00e8ria de Biomedicina 1r de Batxillerat, que imparteix el professor Arnau Divins, han relacionat els processos del sistema nervi\u00f3s amb diferents propostes musicals, en un esfor\u00e7 per fomentar-ne la divulgaci\u00f3 a trav\u00e9s d&#8217;un mitj\u00e0, el musical, poc utilitzat en ci\u00e8ncia. L&#8217;objectiu \u00e9s fer una lletra creativa i explicativa i, mitjan\u00e7ant una [&hellip;]<\/p>\n","protected":false},"author":4,"featured_media":0,"comment_status":"open","ping_status":"closed","sticky":false,"template":"","format":"standard","meta":{"_bbp_topic_count":0,"_bbp_reply_count":0,"_bbp_total_topic_count":0,"_bbp_total_reply_count":0,"_bbp_voice_count":0,"_bbp_anonymous_reply_count":0,"_bbp_topic_count_hidden":0,"_bbp_reply_count_hidden":0,"_bbp_forum_subforum_count":0,"site-sidebar-layout":"default","site-content-layout":"","ast-site-content-layout":"","site-content-style":"default","site-sidebar-style":"default","ast-global-header-display":"","ast-banner-title-visibility":"","ast-main-header-display":"","ast-hfb-above-header-display":"","ast-hfb-below-header-display":"","ast-hfb-mobile-header-display":"","site-post-title":"","ast-breadcrumbs-content":"","ast-featured-img":"","footer-sml-layout":"","theme-transparent-header-meta":"","adv-header-id-meta":"","stick-header-meta":"","header-above-stick-meta":"","header-main-stick-meta":"","header-below-stick-meta":"","astra-migrate-meta-layouts":"default","ast-page-background-enabled":"default","ast-page-background-meta":{"desktop":{"background-color":"var(--ast-global-color-4)","background-image":"","background-repeat":"repeat","background-position":"center center","background-size":"auto","background-attachment":"scroll","background-type":"","background-media":"","overlay-type":"","overlay-color":"","overlay-opacity":"","overlay-gradient":""},"tablet":{"background-color":"","background-image":"","background-repeat":"repeat","background-position":"center center","background-size":"auto","background-attachment":"scroll","background-type":"","background-media":"","overlay-type":"","overlay-color":"","overlay-opacity":"","overlay-gradient":""},"mobile":{"background-color":"","background-image":"","background-repeat":"repeat","background-position":"center center","background-size":"auto","background-attachment":"scroll","background-type":"","background-media":"","overlay-type":"","overlay-color":"","overlay-opacity":"","overlay-gradient":""}},"ast-content-background-meta":{"desktop":{"background-color":"var(--ast-global-color-5)","background-image":"","background-repeat":"repeat","background-position":"center center","background-size":"auto","background-attachment":"scroll","background-type":"","background-media":"","overlay-type":"","overlay-color":"","overlay-opacity":"","overlay-gradient":""},"tablet":{"background-color":"var(--ast-global-color-5)","background-image":"","background-repeat":"repeat","background-position":"center center","background-size":"auto","background-attachment":"scroll","background-type":"","background-media":"","overlay-type":"","overlay-color":"","overlay-opacity":"","overlay-gradient":""},"mobile":{"background-color":"var(--ast-global-color-5)","background-image":"","background-repeat":"repeat","background-position":"center center","background-size":"auto","background-attachment":"scroll","background-type":"","background-media":"","overlay-type":"","overlay-color":"","overlay-opacity":"","overlay-gradient":""}},"footnotes":""},"categories":[8,29],"tags":[138,189,117,194,122],"class_list":["post-3563","post","type-post","status-publish","format-standard","hentry","category-batxillerat","category-portada","tag-1r-de-batxillerat","tag-activitats","tag-batxillerat","tag-expressio-artistica","tag-musica"],"post_mailing_queue_ids":[],"_links":{"self":[{"href":"https:\/\/agora.xtec.cat\/iesllavaneres\/wp-json\/wp\/v2\/posts\/3563","targetHints":{"allow":["GET"]}}],"collection":[{"href":"https:\/\/agora.xtec.cat\/iesllavaneres\/wp-json\/wp\/v2\/posts"}],"about":[{"href":"https:\/\/agora.xtec.cat\/iesllavaneres\/wp-json\/wp\/v2\/types\/post"}],"author":[{"embeddable":true,"href":"https:\/\/agora.xtec.cat\/iesllavaneres\/wp-json\/wp\/v2\/users\/4"}],"replies":[{"embeddable":true,"href":"https:\/\/agora.xtec.cat\/iesllavaneres\/wp-json\/wp\/v2\/comments?post=3563"}],"version-history":[{"count":2,"href":"https:\/\/agora.xtec.cat\/iesllavaneres\/wp-json\/wp\/v2\/posts\/3563\/revisions"}],"predecessor-version":[{"id":3565,"href":"https:\/\/agora.xtec.cat\/iesllavaneres\/wp-json\/wp\/v2\/posts\/3563\/revisions\/3565"}],"wp:attachment":[{"href":"https:\/\/agora.xtec.cat\/iesllavaneres\/wp-json\/wp\/v2\/media?parent=3563"}],"wp:term":[{"taxonomy":"category","embeddable":true,"href":"https:\/\/agora.xtec.cat\/iesllavaneres\/wp-json\/wp\/v2\/categories?post=3563"},{"taxonomy":"post_tag","embeddable":true,"href":"https:\/\/agora.xtec.cat\/iesllavaneres\/wp-json\/wp\/v2\/tags?post=3563"}],"curies":[{"name":"wp","href":"https:\/\/api.w.org\/{rel}","templated":true}]}}