{"id":3495,"date":"2024-04-25T08:38:58","date_gmt":"2024-04-25T06:38:58","guid":{"rendered":"https:\/\/agora.xtec.cat\/iesllavaneres\/?p=3495"},"modified":"2024-04-25T08:58:34","modified_gmt":"2024-04-25T06:58:34","slug":"martina-figueras-premi-hosep-pla-de","status":"publish","type":"post","link":"https:\/\/agora.xtec.cat\/iesllavaneres\/batxillerat\/martina-figueras-premi-hosep-pla-de\/","title":{"rendered":"Martina Figueras, premi Josep Pla de Poesia"},"content":{"rendered":"<p><a href=\"https:\/\/agora.xtec.cat\/iesllavaneres\/wp-content\/uploads\/usu2229\/2024\/04\/1714026806645-min.jpg\"><img loading=\"lazy\" decoding=\"async\" class=\" wp-image-3497 alignleft\" src=\"https:\/\/agora.xtec.cat\/iesllavaneres\/wp-content\/uploads\/usu2229\/2024\/04\/1714026806645-min-768x1024.jpg\" alt=\"\" width=\"436\" height=\"568\" \/><\/a>Tot l\u2019institut Llavaneres vol felicitar l&#8217;alumna de 1r de Batxillerat, <strong>Martina Figueras<\/strong><br \/>\n<strong>P\u00e9rez<\/strong>, perqu\u00e8 ha resultat guanyadora en el <a href=\"https:\/\/fundaciojoseppla.cat\/wp-content\/uploads\/2022\/01\/diptic-pla.pdf\"><strong>49\u00e8 Premi Josep Pla de Poesia<\/strong><\/a> convocat per l\u2019Institut Frederic Mart\u00ed Carreras de Palafrugell. Aquest premi, al millor recull de<br \/>\npoemes (m\u00ednim cinc composicions), es concedeix a alumnes entre 14 i 18 anys de tot el domini ling\u00fc\u00edstic catal\u00e0 i est\u00e0 dotat amb 300 euros.<\/p>\n<p>A la imatge, veiem la Martina amb la professora Gemma Carbonell, en l&#8217;escenari on va rebre el premi.<\/p>\n<p>Moltes i moltes felicitats, Martina!!!<\/p>\n<p>Properament podreu fer un tast de la seva poesia en un v\u00eddeo on la mateixa autora llegeix i explica els seus poemes\u2026 una del\u00edcia!!!<\/p>\n<p>Encarna Ca\u00f1ete<\/p>\n","protected":false},"excerpt":{"rendered":"<p>Tot l\u2019institut Llavaneres vol felicitar l&#8217;alumna de 1r de Batxillerat, Martina Figueras P\u00e9rez, perqu\u00e8 ha resultat guanyadora en el 49\u00e8 Premi Josep Pla de Poesia convocat per l\u2019Institut Frederic Mart\u00ed Carreras de Palafrugell. Aquest premi, al millor recull de poemes (m\u00ednim cinc composicions), es concedeix a alumnes entre 14 i 18 anys de tot el [&hellip;]<\/p>\n","protected":false},"author":4,"featured_media":0,"comment_status":"open","ping_status":"closed","sticky":false,"template":"","format":"standard","meta":{"_bbp_topic_count":0,"_bbp_reply_count":0,"_bbp_total_topic_count":0,"_bbp_total_reply_count":0,"_bbp_voice_count":0,"_bbp_anonymous_reply_count":0,"_bbp_topic_count_hidden":0,"_bbp_reply_count_hidden":0,"_bbp_forum_subforum_count":0,"site-sidebar-layout":"default","site-content-layout":"","ast-site-content-layout":"","site-content-style":"default","site-sidebar-style":"default","ast-global-header-display":"","ast-banner-title-visibility":"","ast-main-header-display":"","ast-hfb-above-header-display":"","ast-hfb-below-header-display":"","ast-hfb-mobile-header-display":"","site-post-title":"","ast-breadcrumbs-content":"","ast-featured-img":"","footer-sml-layout":"","theme-transparent-header-meta":"","adv-header-id-meta":"","stick-header-meta":"","header-above-stick-meta":"","header-main-stick-meta":"","header-below-stick-meta":"","astra-migrate-meta-layouts":"default","ast-page-background-enabled":"default","ast-page-background-meta":{"desktop":{"background-color":"var(--ast-global-color-4)","background-image":"","background-repeat":"repeat","background-position":"center center","background-size":"auto","background-attachment":"scroll","background-type":"","background-media":"","overlay-type":"","overlay-color":"","overlay-opacity":"","overlay-gradient":""},"tablet":{"background-color":"","background-image":"","background-repeat":"repeat","background-position":"center center","background-size":"auto","background-attachment":"scroll","background-type":"","background-media":"","overlay-type":"","overlay-color":"","overlay-opacity":"","overlay-gradient":""},"mobile":{"background-color":"","background-image":"","background-repeat":"repeat","background-position":"center center","background-size":"auto","background-attachment":"scroll","background-type":"","background-media":"","overlay-type":"","overlay-color":"","overlay-opacity":"","overlay-gradient":""}},"ast-content-background-meta":{"desktop":{"background-color":"var(--ast-global-color-5)","background-image":"","background-repeat":"repeat","background-position":"center center","background-size":"auto","background-attachment":"scroll","background-type":"","background-media":"","overlay-type":"","overlay-color":"","overlay-opacity":"","overlay-gradient":""},"tablet":{"background-color":"var(--ast-global-color-5)","background-image":"","background-repeat":"repeat","background-position":"center center","background-size":"auto","background-attachment":"scroll","background-type":"","background-media":"","overlay-type":"","overlay-color":"","overlay-opacity":"","overlay-gradient":""},"mobile":{"background-color":"var(--ast-global-color-5)","background-image":"","background-repeat":"repeat","background-position":"center center","background-size":"auto","background-attachment":"scroll","background-type":"","background-media":"","overlay-type":"","overlay-color":"","overlay-opacity":"","overlay-gradient":""}},"footnotes":""},"categories":[8,29],"tags":[123,117,204],"class_list":["post-3495","post","type-post","status-publish","format-standard","hentry","category-batxillerat","category-portada","tag-1r-batxillerat","tag-batxillerat","tag-premis"],"post_mailing_queue_ids":[],"_links":{"self":[{"href":"https:\/\/agora.xtec.cat\/iesllavaneres\/wp-json\/wp\/v2\/posts\/3495","targetHints":{"allow":["GET"]}}],"collection":[{"href":"https:\/\/agora.xtec.cat\/iesllavaneres\/wp-json\/wp\/v2\/posts"}],"about":[{"href":"https:\/\/agora.xtec.cat\/iesllavaneres\/wp-json\/wp\/v2\/types\/post"}],"author":[{"embeddable":true,"href":"https:\/\/agora.xtec.cat\/iesllavaneres\/wp-json\/wp\/v2\/users\/4"}],"replies":[{"embeddable":true,"href":"https:\/\/agora.xtec.cat\/iesllavaneres\/wp-json\/wp\/v2\/comments?post=3495"}],"version-history":[{"count":6,"href":"https:\/\/agora.xtec.cat\/iesllavaneres\/wp-json\/wp\/v2\/posts\/3495\/revisions"}],"predecessor-version":[{"id":3502,"href":"https:\/\/agora.xtec.cat\/iesllavaneres\/wp-json\/wp\/v2\/posts\/3495\/revisions\/3502"}],"wp:attachment":[{"href":"https:\/\/agora.xtec.cat\/iesllavaneres\/wp-json\/wp\/v2\/media?parent=3495"}],"wp:term":[{"taxonomy":"category","embeddable":true,"href":"https:\/\/agora.xtec.cat\/iesllavaneres\/wp-json\/wp\/v2\/categories?post=3495"},{"taxonomy":"post_tag","embeddable":true,"href":"https:\/\/agora.xtec.cat\/iesllavaneres\/wp-json\/wp\/v2\/tags?post=3495"}],"curies":[{"name":"wp","href":"https:\/\/api.w.org\/{rel}","templated":true}]}}