{"id":3467,"date":"2024-04-16T14:13:49","date_gmt":"2024-04-16T12:13:49","guid":{"rendered":"https:\/\/agora.xtec.cat\/iesllavaneres\/?p=3467"},"modified":"2024-04-16T14:13:49","modified_gmt":"2024-04-16T12:13:49","slug":"dies-de-competencies-basiques","status":"publish","type":"post","link":"https:\/\/agora.xtec.cat\/iesllavaneres\/general\/dies-de-competencies-basiques\/","title":{"rendered":"Dies de Compet\u00e8ncies B\u00e0siques"},"content":{"rendered":"<p><a href=\"https:\/\/agora.xtec.cat\/iesllavaneres\/wp-content\/uploads\/usu2229\/2024\/04\/1713262350689-min-scaled.jpg\"><img loading=\"lazy\" decoding=\"async\" class=\"wp-image-3470 aligncenter\" src=\"https:\/\/agora.xtec.cat\/iesllavaneres\/wp-content\/uploads\/usu2229\/2024\/04\/1713262350689-min-1024x766.jpg\" alt=\"\" width=\"576\" height=\"367\" \/><\/a><\/p>\n<p>El <a href=\"http:\/\/csda.gencat.cat\/ca\">Consell Superior d&#8217;Avaluaci\u00f3 del Sistema Educatiu<\/a> convoca cada any les proves diagn\u00f2stiques a diversos cursos de Prim\u00e0ria (4t i 6\u00e8) i de Secund\u00e0ria (2n i 4t)<\/p>\n<p>Entre dimarts 16 i dimecres 17, a l&#8217;Institut Llavaneres es portaran a termes l&#8217;Avaluaci\u00f3 Diagn\u00f2stica de 2n d&#8217;ESO i les proves de <a href=\"http:\/\/csda.gencat.cat\/ca\/arees-actuacio\/avaluacions-consell\/avaluacio-quart-eso\/2024\/\">Compet\u00e8ncies B\u00e0siques<\/a> a 4t d&#8217;ESO.<\/p>\n<p>Aquests ex\u00e0mens s\u00f3n corregits, al mateix centre o per correctors externs, segons el cas, i els resultats arribaran a les fam\u00edlies i als centres en un informe detallat que pot servir tant per a l&#8217;orientaci\u00f3 personal, sobretot a les fam\u00edlies, com per a la valoraci\u00f3, per part de l&#8217;Institut, dels nivells impartits en les mat\u00e8ries examinades.<\/p>\n<p>Com que s\u00f3n proves que es fan a tot Catalunya, la Conselleria d&#8217;Ensenyament tamb\u00e9 en valora els resultats.<\/p>\n<p>Sort i encert als nostres alumnes!<\/p>\n","protected":false},"excerpt":{"rendered":"<p>El Consell Superior d&#8217;Avaluaci\u00f3 del Sistema Educatiu convoca cada any les proves diagn\u00f2stiques a diversos cursos de Prim\u00e0ria (4t i 6\u00e8) i de Secund\u00e0ria (2n i 4t) Entre dimarts 16 i dimecres 17, a l&#8217;Institut Llavaneres es portaran a termes l&#8217;Avaluaci\u00f3 Diagn\u00f2stica de 2n d&#8217;ESO i les proves de Compet\u00e8ncies B\u00e0siques a 4t d&#8217;ESO. Aquests [&hellip;]<\/p>\n","protected":false},"author":4,"featured_media":0,"comment_status":"open","ping_status":"closed","sticky":false,"template":"","format":"standard","meta":{"_bbp_topic_count":0,"_bbp_reply_count":0,"_bbp_total_topic_count":0,"_bbp_total_reply_count":0,"_bbp_voice_count":0,"_bbp_anonymous_reply_count":0,"_bbp_topic_count_hidden":0,"_bbp_reply_count_hidden":0,"_bbp_forum_subforum_count":0,"site-sidebar-layout":"default","site-content-layout":"","ast-site-content-layout":"","site-content-style":"default","site-sidebar-style":"default","ast-global-header-display":"","ast-banner-title-visibility":"","ast-main-header-display":"","ast-hfb-above-header-display":"","ast-hfb-below-header-display":"","ast-hfb-mobile-header-display":"","site-post-title":"","ast-breadcrumbs-content":"","ast-featured-img":"","footer-sml-layout":"","theme-transparent-header-meta":"","adv-header-id-meta":"","stick-header-meta":"","header-above-stick-meta":"","header-main-stick-meta":"","header-below-stick-meta":"","astra-migrate-meta-layouts":"default","ast-page-background-enabled":"default","ast-page-background-meta":{"desktop":{"background-color":"var(--ast-global-color-4)","background-image":"","background-repeat":"repeat","background-position":"center center","background-size":"auto","background-attachment":"scroll","background-type":"","background-media":"","overlay-type":"","overlay-color":"","overlay-opacity":"","overlay-gradient":""},"tablet":{"background-color":"","background-image":"","background-repeat":"repeat","background-position":"center center","background-size":"auto","background-attachment":"scroll","background-type":"","background-media":"","overlay-type":"","overlay-color":"","overlay-opacity":"","overlay-gradient":""},"mobile":{"background-color":"","background-image":"","background-repeat":"repeat","background-position":"center center","background-size":"auto","background-attachment":"scroll","background-type":"","background-media":"","overlay-type":"","overlay-color":"","overlay-opacity":"","overlay-gradient":""}},"ast-content-background-meta":{"desktop":{"background-color":"var(--ast-global-color-5)","background-image":"","background-repeat":"repeat","background-position":"center center","background-size":"auto","background-attachment":"scroll","background-type":"","background-media":"","overlay-type":"","overlay-color":"","overlay-opacity":"","overlay-gradient":""},"tablet":{"background-color":"var(--ast-global-color-5)","background-image":"","background-repeat":"repeat","background-position":"center center","background-size":"auto","background-attachment":"scroll","background-type":"","background-media":"","overlay-type":"","overlay-color":"","overlay-opacity":"","overlay-gradient":""},"mobile":{"background-color":"var(--ast-global-color-5)","background-image":"","background-repeat":"repeat","background-position":"center center","background-size":"auto","background-attachment":"scroll","background-type":"","background-media":"","overlay-type":"","overlay-color":"","overlay-opacity":"","overlay-gradient":""}},"footnotes":""},"categories":[5,7,1,29],"tags":[132,120,116],"class_list":["post-3467","post","type-post","status-publish","format-standard","hentry","category-eso-2","category-eso-4","category-general","category-portada","tag-2n-deso","tag-4t-deso","tag-eso"],"post_mailing_queue_ids":[],"_links":{"self":[{"href":"https:\/\/agora.xtec.cat\/iesllavaneres\/wp-json\/wp\/v2\/posts\/3467","targetHints":{"allow":["GET"]}}],"collection":[{"href":"https:\/\/agora.xtec.cat\/iesllavaneres\/wp-json\/wp\/v2\/posts"}],"about":[{"href":"https:\/\/agora.xtec.cat\/iesllavaneres\/wp-json\/wp\/v2\/types\/post"}],"author":[{"embeddable":true,"href":"https:\/\/agora.xtec.cat\/iesllavaneres\/wp-json\/wp\/v2\/users\/4"}],"replies":[{"embeddable":true,"href":"https:\/\/agora.xtec.cat\/iesllavaneres\/wp-json\/wp\/v2\/comments?post=3467"}],"version-history":[{"count":4,"href":"https:\/\/agora.xtec.cat\/iesllavaneres\/wp-json\/wp\/v2\/posts\/3467\/revisions"}],"predecessor-version":[{"id":3472,"href":"https:\/\/agora.xtec.cat\/iesllavaneres\/wp-json\/wp\/v2\/posts\/3467\/revisions\/3472"}],"wp:attachment":[{"href":"https:\/\/agora.xtec.cat\/iesllavaneres\/wp-json\/wp\/v2\/media?parent=3467"}],"wp:term":[{"taxonomy":"category","embeddable":true,"href":"https:\/\/agora.xtec.cat\/iesllavaneres\/wp-json\/wp\/v2\/categories?post=3467"},{"taxonomy":"post_tag","embeddable":true,"href":"https:\/\/agora.xtec.cat\/iesllavaneres\/wp-json\/wp\/v2\/tags?post=3467"}],"curies":[{"name":"wp","href":"https:\/\/api.w.org\/{rel}","templated":true}]}}