{"id":3440,"date":"2024-04-09T10:32:51","date_gmt":"2024-04-09T08:32:51","guid":{"rendered":"https:\/\/agora.xtec.cat\/iesllavaneres\/?p=3440"},"modified":"2024-04-08T12:35:19","modified_gmt":"2024-04-08T10:35:19","slug":"presentacio-del-projecte-de-la-biblioteca-font-i-daniel-ficcio-en-joc","status":"publish","type":"post","link":"https:\/\/agora.xtec.cat\/iesllavaneres\/general\/presentacio-del-projecte-de-la-biblioteca-font-i-daniel-ficcio-en-joc\/","title":{"rendered":"Presentaci\u00f3 del projecte de la Biblioteca Font i Daniel Ficci\u00f3 en Joc"},"content":{"rendered":"<p><a href=\"https:\/\/agora.xtec.cat\/iesllavaneres\/wp-content\/uploads\/usu2229\/2024\/04\/1712571944442-min-scaled.jpg\"><img loading=\"lazy\" decoding=\"async\" class=\"alignnone  wp-image-3446\" src=\"https:\/\/agora.xtec.cat\/iesllavaneres\/wp-content\/uploads\/usu2229\/2024\/04\/1712571944442-min-766x1024.jpg\" alt=\"\" width=\"643\" height=\"903\" \/><\/a><\/p>\n<p>Els dies 3, 4 i 5 d&#8217;abril, els alumnes de 4t que cursen Pla lector van rebre la visita de Sara Salvador, de la <a href=\"https:\/\/ajllavaneres.cat\/ambit.php?id=2\">Biblioteca Font i Daniel<\/a>, que va presentar als alumnes el projecte <a href=\"https:\/\/www.diba.cat\/web\/biblioteques\/-\/del-laboratori-de-ficci%C3%B3-digital-a-ficci%C3%B3-en-joc\">Ficci\u00f3 en Joc<\/a>, que es desenvolupar\u00e0 a les instal\u00b7lacions de la biblioteca.<\/p>\n<p>Ficci\u00f3 en Joc consta de tres sessions consecutives, que tindran lloc el <a href=\"https:\/\/ajllavaneres.cat\/document.php?id=20861\">26 d&#8217;abril<\/a>, el <a href=\"https:\/\/ajllavaneres.cat\/document.php?id=20866\">3<\/a> i el <a href=\"https:\/\/ajllavaneres.cat\/document.php?id=20869\">10<\/a> de maig, en qu\u00e8 els assistents, majors de 14 anys, podran jugar a tres jocs diferents i reflexionar sobre les caracter\u00edstiques de cadascun i sobre aquells elements que ens &#8220;atrapen&#8221; per seguir jugant.<\/p>\n<p>Els jocs del projecte estan relacionats amb aspectes de cultura general i s\u00f3n Mignight I i II i The Librarian. S&#8217;han estrenat ja en d&#8217;altres biblioteques amb \u00e8xit i l&#8217;objectiu de la Biblioteca de Llavaneres \u00e9s ampliar-ne la implementaci\u00f3 de manera m\u00e9s general de cara al curs vinent.<\/p>\n","protected":false},"excerpt":{"rendered":"<p>Els dies 3, 4 i 5 d&#8217;abril, els alumnes de 4t que cursen Pla lector van rebre la visita de Sara Salvador, de la Biblioteca Font i Daniel, que va presentar als alumnes el projecte Ficci\u00f3 en Joc, que es desenvolupar\u00e0 a les instal\u00b7lacions de la biblioteca. Ficci\u00f3 en Joc consta de tres sessions consecutives, [&hellip;]<\/p>\n","protected":false},"author":4,"featured_media":0,"comment_status":"open","ping_status":"closed","sticky":false,"template":"","format":"standard","meta":{"_bbp_topic_count":0,"_bbp_reply_count":0,"_bbp_total_topic_count":0,"_bbp_total_reply_count":0,"_bbp_voice_count":0,"_bbp_anonymous_reply_count":0,"_bbp_topic_count_hidden":0,"_bbp_reply_count_hidden":0,"_bbp_forum_subforum_count":0,"site-sidebar-layout":"default","site-content-layout":"","ast-site-content-layout":"","site-content-style":"default","site-sidebar-style":"default","ast-global-header-display":"","ast-banner-title-visibility":"","ast-main-header-display":"","ast-hfb-above-header-display":"","ast-hfb-below-header-display":"","ast-hfb-mobile-header-display":"","site-post-title":"","ast-breadcrumbs-content":"","ast-featured-img":"","footer-sml-layout":"","theme-transparent-header-meta":"","adv-header-id-meta":"","stick-header-meta":"","header-above-stick-meta":"","header-main-stick-meta":"","header-below-stick-meta":"","astra-migrate-meta-layouts":"default","ast-page-background-enabled":"default","ast-page-background-meta":{"desktop":{"background-color":"var(--ast-global-color-4)","background-image":"","background-repeat":"repeat","background-position":"center center","background-size":"auto","background-attachment":"scroll","background-type":"","background-media":"","overlay-type":"","overlay-color":"","overlay-opacity":"","overlay-gradient":""},"tablet":{"background-color":"","background-image":"","background-repeat":"repeat","background-position":"center center","background-size":"auto","background-attachment":"scroll","background-type":"","background-media":"","overlay-type":"","overlay-color":"","overlay-opacity":"","overlay-gradient":""},"mobile":{"background-color":"","background-image":"","background-repeat":"repeat","background-position":"center center","background-size":"auto","background-attachment":"scroll","background-type":"","background-media":"","overlay-type":"","overlay-color":"","overlay-opacity":"","overlay-gradient":""}},"ast-content-background-meta":{"desktop":{"background-color":"var(--ast-global-color-5)","background-image":"","background-repeat":"repeat","background-position":"center center","background-size":"auto","background-attachment":"scroll","background-type":"","background-media":"","overlay-type":"","overlay-color":"","overlay-opacity":"","overlay-gradient":""},"tablet":{"background-color":"var(--ast-global-color-5)","background-image":"","background-repeat":"repeat","background-position":"center center","background-size":"auto","background-attachment":"scroll","background-type":"","background-media":"","overlay-type":"","overlay-color":"","overlay-opacity":"","overlay-gradient":""},"mobile":{"background-color":"var(--ast-global-color-5)","background-image":"","background-repeat":"repeat","background-position":"center center","background-size":"auto","background-attachment":"scroll","background-type":"","background-media":"","overlay-type":"","overlay-color":"","overlay-opacity":"","overlay-gradient":""}},"footnotes":""},"categories":[7,1,29],"tags":[120,189],"class_list":["post-3440","post","type-post","status-publish","format-standard","hentry","category-eso-4","category-general","category-portada","tag-4t-deso","tag-activitats"],"post_mailing_queue_ids":[],"_links":{"self":[{"href":"https:\/\/agora.xtec.cat\/iesllavaneres\/wp-json\/wp\/v2\/posts\/3440","targetHints":{"allow":["GET"]}}],"collection":[{"href":"https:\/\/agora.xtec.cat\/iesllavaneres\/wp-json\/wp\/v2\/posts"}],"about":[{"href":"https:\/\/agora.xtec.cat\/iesllavaneres\/wp-json\/wp\/v2\/types\/post"}],"author":[{"embeddable":true,"href":"https:\/\/agora.xtec.cat\/iesllavaneres\/wp-json\/wp\/v2\/users\/4"}],"replies":[{"embeddable":true,"href":"https:\/\/agora.xtec.cat\/iesllavaneres\/wp-json\/wp\/v2\/comments?post=3440"}],"version-history":[{"count":3,"href":"https:\/\/agora.xtec.cat\/iesllavaneres\/wp-json\/wp\/v2\/posts\/3440\/revisions"}],"predecessor-version":[{"id":3450,"href":"https:\/\/agora.xtec.cat\/iesllavaneres\/wp-json\/wp\/v2\/posts\/3440\/revisions\/3450"}],"wp:attachment":[{"href":"https:\/\/agora.xtec.cat\/iesllavaneres\/wp-json\/wp\/v2\/media?parent=3440"}],"wp:term":[{"taxonomy":"category","embeddable":true,"href":"https:\/\/agora.xtec.cat\/iesllavaneres\/wp-json\/wp\/v2\/categories?post=3440"},{"taxonomy":"post_tag","embeddable":true,"href":"https:\/\/agora.xtec.cat\/iesllavaneres\/wp-json\/wp\/v2\/tags?post=3440"}],"curies":[{"name":"wp","href":"https:\/\/api.w.org\/{rel}","templated":true}]}}