{"id":3365,"date":"2024-03-20T10:12:22","date_gmt":"2024-03-20T09:12:22","guid":{"rendered":"https:\/\/agora.xtec.cat\/iesllavaneres\/?p=3365"},"modified":"2024-03-20T12:59:21","modified_gmt":"2024-03-20T11:59:21","slug":"setmanes-dactivitat-intensa-a-linstitut-llavaneres","status":"publish","type":"post","link":"https:\/\/agora.xtec.cat\/iesllavaneres\/general\/setmanes-dactivitat-intensa-a-linstitut-llavaneres\/","title":{"rendered":"Setmanes d&#8217;activitat intensa a l&#8217;Institut Llavaneres"},"content":{"rendered":"<p><a href=\"https:\/\/agora.xtec.cat\/iesllavaneres\/wp-content\/uploads\/usu2229\/2024\/03\/IMG20240315114141-min-scaled.jpg\"><img loading=\"lazy\" decoding=\"async\" class=\"alignnone  wp-image-3397\" src=\"https:\/\/agora.xtec.cat\/iesllavaneres\/wp-content\/uploads\/usu2229\/2024\/03\/IMG20240315114141-min-1024x768.jpg\" alt=\"\" width=\"340\" height=\"263\" \/> \u00a0 \u00a0 \u00a0 \u00a0 \u00a0 \u00a0<\/a><a href=\"https:\/\/agora.xtec.cat\/iesllavaneres\/wp-content\/uploads\/usu2229\/2024\/03\/1710839270670.webp\"><img loading=\"lazy\" decoding=\"async\" class=\"alignnone  wp-image-3388\" src=\"https:\/\/agora.xtec.cat\/iesllavaneres\/wp-content\/uploads\/usu2229\/2024\/03\/1710839270670-1024x1024.webp\" alt=\"\" width=\"308\" height=\"310\" \/><\/a><\/p>\n<p>Imatges: 4t d&#8217;ESO durant la Jornada esportiva (Guillem Sartorio) i 2n d&#8217;ESO al Bosc vertical. Montse Mora<\/p>\n<p>Despr\u00e9s d&#8217;un munt de dies d&#8217;ex\u00e0mens, els alumnes de l&#8217;Institut Llavaneres van poder gaudir de moltes activitats al llarg de la setmana anterior.<\/p>\n<p>A m\u00e9s de la Jornada esportiva per a tota l&#8217;<strong>ESO, <\/strong>liderada pels alumnes de <strong>1r de Batxillerat i<\/strong> de la qual podeu tenir detall en una<a href=\"https:\/\/insllavaneres.org\/\"> publicaci\u00f3 anterior<\/a>, es van portar a terme les accions seg\u00fcents:<\/p>\n<ul>\n<li><strong>1r d&#8217;ESO<\/strong> va anar a la sala <a href=\"https:\/\/salagolem.com\/\">Golem<\/a> d&#8217;Arenys de Munt dimarts dia 12 i, o b\u00e9 dilluns 11 o dimecres 13, aquests alumnes van participar en el Llavaenglish, juntament amb els centres de Prim\u00e0ria de Llavaneres. Podeu trobar m\u00e9s informaci\u00f3 d&#8217;aquesta activitat a l&#8217;<a href=\"https:\/\/insllavaneres.org\/\">article corresponent<\/a>.<\/li>\n<li><strong>2n d&#8217;ESO<\/strong>, dilluns 18, va poder gaudir del <a href=\"https:\/\/boscvertical.com\/parc-mataro\/\">Bosc Vertical<\/a> de Matar\u00f3.<\/li>\n<li><strong>3r d&#8217;ESO<\/strong>, en concret els alumnes de Periodisme, van visitar les instal\u00b7lacions de R\u00e0dio Llavaneres, acompanyats del seu director, Enric Font.<\/li>\n<li><strong>1r de Batxillera<\/strong>t cient\u00edfic va visitar el <a href=\"https:\/\/cosmocaixa.org\/ca\/\">Cosmocaixa<\/a>, on van fer alguns experiments cient\u00edfics. Actualment, aquest nivell es troba de viatge per Cant\u00e0bria de segur que els semblar\u00e0 perfecte.<\/li>\n<li><strong>2n de Batxillerat<\/strong>\u00a0va assistir al <a href=\"https:\/\/www.ensenyament.com\/\">Sal\u00f3 de l&#8217;Ensenyament<\/a> divendres 15 i dimecres 20 va ser de visita a la <a href=\"https:\/\/www.uab.cat\/\">Universitat Aut\u00f2noma de Barcelona<\/a>.<\/li>\n<\/ul>\n<p>Per arrodonir aquesta setmana, dijous 21 se celebraran al centre les Proves Cangur de Matem\u00e0tiques.<\/p>\n","protected":false},"excerpt":{"rendered":"<p>\u00a0 \u00a0 \u00a0 \u00a0 \u00a0 \u00a0 Imatges: 4t d&#8217;ESO durant la Jornada esportiva (Guillem Sartorio) i 2n d&#8217;ESO al Bosc vertical. Montse Mora Despr\u00e9s d&#8217;un munt de dies d&#8217;ex\u00e0mens, els alumnes de l&#8217;Institut Llavaneres van poder gaudir de moltes activitats al llarg de la setmana anterior. A m\u00e9s de la Jornada esportiva per a tota [&hellip;]<\/p>\n","protected":false},"author":4,"featured_media":0,"comment_status":"open","ping_status":"closed","sticky":false,"template":"","format":"standard","meta":{"_bbp_topic_count":0,"_bbp_reply_count":0,"_bbp_total_topic_count":0,"_bbp_total_reply_count":0,"_bbp_voice_count":0,"_bbp_anonymous_reply_count":0,"_bbp_topic_count_hidden":0,"_bbp_reply_count_hidden":0,"_bbp_forum_subforum_count":0,"site-sidebar-layout":"default","site-content-layout":"","ast-site-content-layout":"","site-content-style":"default","site-sidebar-style":"default","ast-global-header-display":"","ast-banner-title-visibility":"","ast-main-header-display":"","ast-hfb-above-header-display":"","ast-hfb-below-header-display":"","ast-hfb-mobile-header-display":"","site-post-title":"","ast-breadcrumbs-content":"","ast-featured-img":"","footer-sml-layout":"","theme-transparent-header-meta":"","adv-header-id-meta":"","stick-header-meta":"","header-above-stick-meta":"","header-main-stick-meta":"","header-below-stick-meta":"","astra-migrate-meta-layouts":"default","ast-page-background-enabled":"default","ast-page-background-meta":{"desktop":{"background-color":"var(--ast-global-color-4)","background-image":"","background-repeat":"repeat","background-position":"center center","background-size":"auto","background-attachment":"scroll","background-type":"","background-media":"","overlay-type":"","overlay-color":"","overlay-opacity":"","overlay-gradient":""},"tablet":{"background-color":"","background-image":"","background-repeat":"repeat","background-position":"center center","background-size":"auto","background-attachment":"scroll","background-type":"","background-media":"","overlay-type":"","overlay-color":"","overlay-opacity":"","overlay-gradient":""},"mobile":{"background-color":"","background-image":"","background-repeat":"repeat","background-position":"center center","background-size":"auto","background-attachment":"scroll","background-type":"","background-media":"","overlay-type":"","overlay-color":"","overlay-opacity":"","overlay-gradient":""}},"ast-content-background-meta":{"desktop":{"background-color":"var(--ast-global-color-5)","background-image":"","background-repeat":"repeat","background-position":"center center","background-size":"auto","background-attachment":"scroll","background-type":"","background-media":"","overlay-type":"","overlay-color":"","overlay-opacity":"","overlay-gradient":""},"tablet":{"background-color":"var(--ast-global-color-5)","background-image":"","background-repeat":"repeat","background-position":"center center","background-size":"auto","background-attachment":"scroll","background-type":"","background-media":"","overlay-type":"","overlay-color":"","overlay-opacity":"","overlay-gradient":""},"mobile":{"background-color":"var(--ast-global-color-5)","background-image":"","background-repeat":"repeat","background-position":"center center","background-size":"auto","background-attachment":"scroll","background-type":"","background-media":"","overlay-type":"","overlay-color":"","overlay-opacity":"","overlay-gradient":""}},"footnotes":""},"categories":[8,4,5,6,7,1,29],"tags":[166,138,144,132,136,120,189,117,39],"class_list":["post-3365","post","type-post","status-publish","format-standard","hentry","category-batxillerat","category-eso-1","category-eso-2","category-eso-3","category-eso-4","category-general","category-portada","tag-1r-deso","tag-1r-de-batxillerat","tag-2n-batxillerat","tag-2n-deso","tag-3r-deso","tag-4t-deso","tag-activitats","tag-batxillerat","tag-sortides"],"post_mailing_queue_ids":[],"_links":{"self":[{"href":"https:\/\/agora.xtec.cat\/iesllavaneres\/wp-json\/wp\/v2\/posts\/3365","targetHints":{"allow":["GET"]}}],"collection":[{"href":"https:\/\/agora.xtec.cat\/iesllavaneres\/wp-json\/wp\/v2\/posts"}],"about":[{"href":"https:\/\/agora.xtec.cat\/iesllavaneres\/wp-json\/wp\/v2\/types\/post"}],"author":[{"embeddable":true,"href":"https:\/\/agora.xtec.cat\/iesllavaneres\/wp-json\/wp\/v2\/users\/4"}],"replies":[{"embeddable":true,"href":"https:\/\/agora.xtec.cat\/iesllavaneres\/wp-json\/wp\/v2\/comments?post=3365"}],"version-history":[{"count":6,"href":"https:\/\/agora.xtec.cat\/iesllavaneres\/wp-json\/wp\/v2\/posts\/3365\/revisions"}],"predecessor-version":[{"id":3399,"href":"https:\/\/agora.xtec.cat\/iesllavaneres\/wp-json\/wp\/v2\/posts\/3365\/revisions\/3399"}],"wp:attachment":[{"href":"https:\/\/agora.xtec.cat\/iesllavaneres\/wp-json\/wp\/v2\/media?parent=3365"}],"wp:term":[{"taxonomy":"category","embeddable":true,"href":"https:\/\/agora.xtec.cat\/iesllavaneres\/wp-json\/wp\/v2\/categories?post=3365"},{"taxonomy":"post_tag","embeddable":true,"href":"https:\/\/agora.xtec.cat\/iesllavaneres\/wp-json\/wp\/v2\/tags?post=3365"}],"curies":[{"name":"wp","href":"https:\/\/api.w.org\/{rel}","templated":true}]}}