{"id":3171,"date":"2024-02-14T10:00:50","date_gmt":"2024-02-14T09:00:50","guid":{"rendered":"https:\/\/agora.xtec.cat\/iesllavaneres\/?p=3171"},"modified":"2024-02-08T12:54:55","modified_gmt":"2024-02-08T11:54:55","slug":"gravacio-dun-programa-de-radio","status":"publish","type":"post","link":"https:\/\/agora.xtec.cat\/iesllavaneres\/general\/gravacio-dun-programa-de-radio\/","title":{"rendered":"Gravaci\u00f3 d&#8217;un programa de r\u00e0dio"},"content":{"rendered":"<p><a href=\"https:\/\/agora.xtec.cat\/iesllavaneres\/wp-content\/uploads\/usu2229\/2024\/02\/1706893173166-min-scaled.jpg\"><img loading=\"lazy\" decoding=\"async\" class=\"alignnone wp-image-3175\" src=\"https:\/\/agora.xtec.cat\/iesllavaneres\/wp-content\/uploads\/usu2229\/2024\/02\/1706893173166-min-1024x766.jpg\" alt=\"\" width=\"432\" height=\"326\" \/><\/a> <a href=\"https:\/\/agora.xtec.cat\/iesllavaneres\/wp-content\/uploads\/usu2229\/2024\/02\/1706893173364-min-scaled.jpg\"><img loading=\"lazy\" decoding=\"async\" class=\"alignnone wp-image-3176\" src=\"https:\/\/agora.xtec.cat\/iesllavaneres\/wp-content\/uploads\/usu2229\/2024\/02\/1706893173364-min-1024x766.jpg\" alt=\"\" width=\"427\" height=\"319\" srcset=\"https:\/\/agora.xtec.cat\/iesllavaneres\/wp-content\/uploads\/usu2229\/2024\/02\/1706893173364-min-1024x766.jpg 1024w, https:\/\/agora.xtec.cat\/iesllavaneres\/wp-content\/uploads\/usu2229\/2024\/02\/1706893173364-min-300x224.jpg 300w, https:\/\/agora.xtec.cat\/iesllavaneres\/wp-content\/uploads\/usu2229\/2024\/02\/1706893173364-min-768x574.jpg 768w, https:\/\/agora.xtec.cat\/iesllavaneres\/wp-content\/uploads\/usu2229\/2024\/02\/1706893173364-min-1536x1149.jpg 1536w, https:\/\/agora.xtec.cat\/iesllavaneres\/wp-content\/uploads\/usu2229\/2024\/02\/1706893173364-min-2048x1532.jpg 2048w, https:\/\/agora.xtec.cat\/iesllavaneres\/wp-content\/uploads\/usu2229\/2024\/02\/1706893173364-min-200x150.jpg 200w\" sizes=\"auto, (max-width: 427px) 100vw, 427px\" \/><\/a><\/p>\n<p>Els alumnes de l&#8217;optativa de Periodisme de 3r d&#8217;ESO van acabar aquesta optativa trimestral amb un taller a R\u00e0dio Llavaneres, liderat pel director de l&#8217;emissora, Enric Font.<\/p>\n<p>Des del principi de curs, aquets alumnes han estat fent un tast dels principals g\u00e8neres period\u00edstics, han rebut la visita de la periodista Raquel Begines, responsable de Comunicaci\u00f3 de l&#8217;Ajuntament de Sant Andreu de Llavaneres i la del director de R\u00e0dio Llavaneres. El mateix Enric Font ens va guiar en una primera visita a les instal\u00b7lacions de la r\u00e0dio municipal, situada al Casal de Llavaneres.<\/p>\n<p>Despr\u00e9s de la feina realitzada a l&#8217;aula, els alumnes van elaborar un magaz\u00edn amb diferents seccions: entrevista, esports, not\u00edcia, publicitat&#8230; Van triar tamb\u00e9 les sintonies del programa i el t\u00edtol i es van repartir les tasques perqu\u00e8 tots participessin de la gravaci\u00f3 del programa.<\/p>\n<p>Els alumnes, que havien assajat pr\u00e8viament a l&#8217;aula les diferents funcions (presentadors, t\u00e8cnics, reporters, publicistes&#8230;), van poder fer la gravaci\u00f3 del seu propi programa, titulat <strong><em>Llavaneres en 15 minuts<\/em><\/strong>. El dia 1 de febrer ens vam despla\u00e7ar a les instal\u00b7lacions de R\u00e0dio Llavaneres i, sota la direcci\u00f3 d&#8217;Enric Font, vam portar a terme l&#8217;enregistrament. Despr\u00e9s d&#8217;editar-lo m\u00ednimament, el director de l&#8217;emissora ens el va fer arribar i l&#8217;hem pogut escoltar a l&#8217;aula.<\/p>\n<p>Els alumnes de la primera edici\u00f3 de Periodistes estan molt contents del resultat i han deixat un model per als que comencen ara l&#8217;optativa.<\/p>\n<p>Des de l&#8217;Institut Llavaneres volem agrair a l&#8217;Ajuntament de la poblaci\u00f3 que hagi posat a la nostra disposici\u00f3 les instal\u00b7lacions de R\u00e0dio Llavaneres i, molt especialment, la col\u00b7laboraci\u00f3 inestimable del seu director, Enric Font.<\/p>\n","protected":false},"excerpt":{"rendered":"<p>Els alumnes de l&#8217;optativa de Periodisme de 3r d&#8217;ESO van acabar aquesta optativa trimestral amb un taller a R\u00e0dio Llavaneres, liderat pel director de l&#8217;emissora, Enric Font. Des del principi de curs, aquets alumnes han estat fent un tast dels principals g\u00e8neres period\u00edstics, han rebut la visita de la periodista Raquel Begines, responsable de Comunicaci\u00f3 [&hellip;]<\/p>\n","protected":false},"author":4,"featured_media":0,"comment_status":"open","ping_status":"closed","sticky":false,"template":"","format":"standard","meta":{"_bbp_topic_count":0,"_bbp_reply_count":0,"_bbp_total_topic_count":0,"_bbp_total_reply_count":0,"_bbp_voice_count":0,"_bbp_anonymous_reply_count":0,"_bbp_topic_count_hidden":0,"_bbp_reply_count_hidden":0,"_bbp_forum_subforum_count":0,"site-sidebar-layout":"default","site-content-layout":"","ast-site-content-layout":"","site-content-style":"default","site-sidebar-style":"default","ast-global-header-display":"","ast-banner-title-visibility":"","ast-main-header-display":"","ast-hfb-above-header-display":"","ast-hfb-below-header-display":"","ast-hfb-mobile-header-display":"","site-post-title":"","ast-breadcrumbs-content":"","ast-featured-img":"","footer-sml-layout":"","theme-transparent-header-meta":"","adv-header-id-meta":"","stick-header-meta":"","header-above-stick-meta":"","header-main-stick-meta":"","header-below-stick-meta":"","astra-migrate-meta-layouts":"default","ast-page-background-enabled":"default","ast-page-background-meta":{"desktop":{"background-color":"var(--ast-global-color-4)","background-image":"","background-repeat":"repeat","background-position":"center center","background-size":"auto","background-attachment":"scroll","background-type":"","background-media":"","overlay-type":"","overlay-color":"","overlay-opacity":"","overlay-gradient":""},"tablet":{"background-color":"","background-image":"","background-repeat":"repeat","background-position":"center center","background-size":"auto","background-attachment":"scroll","background-type":"","background-media":"","overlay-type":"","overlay-color":"","overlay-opacity":"","overlay-gradient":""},"mobile":{"background-color":"","background-image":"","background-repeat":"repeat","background-position":"center center","background-size":"auto","background-attachment":"scroll","background-type":"","background-media":"","overlay-type":"","overlay-color":"","overlay-opacity":"","overlay-gradient":""}},"ast-content-background-meta":{"desktop":{"background-color":"var(--ast-global-color-5)","background-image":"","background-repeat":"repeat","background-position":"center center","background-size":"auto","background-attachment":"scroll","background-type":"","background-media":"","overlay-type":"","overlay-color":"","overlay-opacity":"","overlay-gradient":""},"tablet":{"background-color":"var(--ast-global-color-5)","background-image":"","background-repeat":"repeat","background-position":"center center","background-size":"auto","background-attachment":"scroll","background-type":"","background-media":"","overlay-type":"","overlay-color":"","overlay-opacity":"","overlay-gradient":""},"mobile":{"background-color":"var(--ast-global-color-5)","background-image":"","background-repeat":"repeat","background-position":"center center","background-size":"auto","background-attachment":"scroll","background-type":"","background-media":"","overlay-type":"","overlay-color":"","overlay-opacity":"","overlay-gradient":""}},"footnotes":""},"categories":[6,1,29],"tags":[136,189,116,39],"class_list":["post-3171","post","type-post","status-publish","format-standard","hentry","category-eso-3","category-general","category-portada","tag-3r-deso","tag-activitats","tag-eso","tag-sortides"],"post_mailing_queue_ids":[],"_links":{"self":[{"href":"https:\/\/agora.xtec.cat\/iesllavaneres\/wp-json\/wp\/v2\/posts\/3171","targetHints":{"allow":["GET"]}}],"collection":[{"href":"https:\/\/agora.xtec.cat\/iesllavaneres\/wp-json\/wp\/v2\/posts"}],"about":[{"href":"https:\/\/agora.xtec.cat\/iesllavaneres\/wp-json\/wp\/v2\/types\/post"}],"author":[{"embeddable":true,"href":"https:\/\/agora.xtec.cat\/iesllavaneres\/wp-json\/wp\/v2\/users\/4"}],"replies":[{"embeddable":true,"href":"https:\/\/agora.xtec.cat\/iesllavaneres\/wp-json\/wp\/v2\/comments?post=3171"}],"version-history":[{"count":4,"href":"https:\/\/agora.xtec.cat\/iesllavaneres\/wp-json\/wp\/v2\/posts\/3171\/revisions"}],"predecessor-version":[{"id":3177,"href":"https:\/\/agora.xtec.cat\/iesllavaneres\/wp-json\/wp\/v2\/posts\/3171\/revisions\/3177"}],"wp:attachment":[{"href":"https:\/\/agora.xtec.cat\/iesllavaneres\/wp-json\/wp\/v2\/media?parent=3171"}],"wp:term":[{"taxonomy":"category","embeddable":true,"href":"https:\/\/agora.xtec.cat\/iesllavaneres\/wp-json\/wp\/v2\/categories?post=3171"},{"taxonomy":"post_tag","embeddable":true,"href":"https:\/\/agora.xtec.cat\/iesllavaneres\/wp-json\/wp\/v2\/tags?post=3171"}],"curies":[{"name":"wp","href":"https:\/\/api.w.org\/{rel}","templated":true}]}}