{"id":3136,"date":"2024-01-31T09:32:09","date_gmt":"2024-01-31T08:32:09","guid":{"rendered":"https:\/\/agora.xtec.cat\/iesllavaneres\/?p=3136"},"modified":"2024-01-31T09:53:37","modified_gmt":"2024-01-31T08:53:37","slug":"tres-alumnes-de-1r-de-batxillerat-seleccionades-per-al-programa-argo","status":"publish","type":"post","link":"https:\/\/agora.xtec.cat\/iesllavaneres\/general\/tres-alumnes-de-1r-de-batxillerat-seleccionades-per-al-programa-argo\/","title":{"rendered":"Tres alumnes de 1r de Batxillerat seleccionades per al Programa Arg\u00f3"},"content":{"rendered":"<p><a href=\"https:\/\/agora.xtec.cat\/iesllavaneres\/wp-content\/uploads\/usu2229\/2024\/01\/image_67182337-min-scaled.jpg\"><img loading=\"lazy\" decoding=\"async\" class=\"wp-image-3138 aligncenter\" src=\"https:\/\/agora.xtec.cat\/iesllavaneres\/wp-content\/uploads\/usu2229\/2024\/01\/image_67182337-min-768x1024.jpg\" alt=\"\" width=\"491\" height=\"737\" \/><\/a>L\u2019alumnat de 1r de Batxillerat ha comen\u00e7at la tria del Treball de recerca al llarg d&#8217;aquest mes de gener. Tres noies del grup B han estat seleccionades per desenvolupar aquest projecte a trav\u00e9s del <a href=\"https:\/\/www.uab.cat\/ca\/ice\/programa-argo\">Programa Arg\u00f3<\/a>. S\u00f3n Paula Barrios, Martina Figueras i Aurora God\u00e0s.<\/p>\n<p>La Paula i la Martina fan una investigaci\u00f3 sobre la llengua liter\u00e0ria a la publicitat, mentre que el treball de l&#8217;Aurora estudia la relaci\u00f3 entre el g\u00e8nere i la salut.<\/p>\n<p>El Programa Arg\u00f3, de la Universitat Aut\u00f2noma de Barcelona, ofereix assessorament a treballs de recerca que ofereix la instituci\u00f3: el professorat universitari proposa temes i guia perqu\u00e8 alguns alumnes de Batxillerat puguin fer aquestes investigacions. Enguany s\u00f3n tres les alumnes de l&#8217;Institut Llavaneres que es podran beneficar d&#8217;aquesta experi\u00e8ncia.<\/p>\n<p>Susana Garc\u00eda<\/p>\n<p>Tutora de 1r de batxillerat B<\/p>\n","protected":false},"excerpt":{"rendered":"<p>L\u2019alumnat de 1r de Batxillerat ha comen\u00e7at la tria del Treball de recerca al llarg d&#8217;aquest mes de gener. Tres noies del grup B han estat seleccionades per desenvolupar aquest projecte a trav\u00e9s del Programa Arg\u00f3. S\u00f3n Paula Barrios, Martina Figueras i Aurora God\u00e0s. La Paula i la Martina fan una investigaci\u00f3 sobre la llengua [&hellip;]<\/p>\n","protected":false},"author":4,"featured_media":0,"comment_status":"open","ping_status":"closed","sticky":false,"template":"","format":"standard","meta":{"_bbp_topic_count":0,"_bbp_reply_count":0,"_bbp_total_topic_count":0,"_bbp_total_reply_count":0,"_bbp_voice_count":0,"_bbp_anonymous_reply_count":0,"_bbp_topic_count_hidden":0,"_bbp_reply_count_hidden":0,"_bbp_forum_subforum_count":0,"site-sidebar-layout":"default","site-content-layout":"","ast-site-content-layout":"","site-content-style":"default","site-sidebar-style":"default","ast-global-header-display":"","ast-banner-title-visibility":"","ast-main-header-display":"","ast-hfb-above-header-display":"","ast-hfb-below-header-display":"","ast-hfb-mobile-header-display":"","site-post-title":"","ast-breadcrumbs-content":"","ast-featured-img":"","footer-sml-layout":"","theme-transparent-header-meta":"","adv-header-id-meta":"","stick-header-meta":"","header-above-stick-meta":"","header-main-stick-meta":"","header-below-stick-meta":"","astra-migrate-meta-layouts":"default","ast-page-background-enabled":"default","ast-page-background-meta":{"desktop":{"background-color":"var(--ast-global-color-4)","background-image":"","background-repeat":"repeat","background-position":"center center","background-size":"auto","background-attachment":"scroll","background-type":"","background-media":"","overlay-type":"","overlay-color":"","overlay-opacity":"","overlay-gradient":""},"tablet":{"background-color":"","background-image":"","background-repeat":"repeat","background-position":"center center","background-size":"auto","background-attachment":"scroll","background-type":"","background-media":"","overlay-type":"","overlay-color":"","overlay-opacity":"","overlay-gradient":""},"mobile":{"background-color":"","background-image":"","background-repeat":"repeat","background-position":"center center","background-size":"auto","background-attachment":"scroll","background-type":"","background-media":"","overlay-type":"","overlay-color":"","overlay-opacity":"","overlay-gradient":""}},"ast-content-background-meta":{"desktop":{"background-color":"var(--ast-global-color-5)","background-image":"","background-repeat":"repeat","background-position":"center center","background-size":"auto","background-attachment":"scroll","background-type":"","background-media":"","overlay-type":"","overlay-color":"","overlay-opacity":"","overlay-gradient":""},"tablet":{"background-color":"var(--ast-global-color-5)","background-image":"","background-repeat":"repeat","background-position":"center center","background-size":"auto","background-attachment":"scroll","background-type":"","background-media":"","overlay-type":"","overlay-color":"","overlay-opacity":"","overlay-gradient":""},"mobile":{"background-color":"var(--ast-global-color-5)","background-image":"","background-repeat":"repeat","background-position":"center center","background-size":"auto","background-attachment":"scroll","background-type":"","background-media":"","overlay-type":"","overlay-color":"","overlay-opacity":"","overlay-gradient":""}},"footnotes":""},"categories":[8,1,29],"tags":[138,117],"class_list":["post-3136","post","type-post","status-publish","format-standard","hentry","category-batxillerat","category-general","category-portada","tag-1r-de-batxillerat","tag-batxillerat"],"post_mailing_queue_ids":[],"_links":{"self":[{"href":"https:\/\/agora.xtec.cat\/iesllavaneres\/wp-json\/wp\/v2\/posts\/3136","targetHints":{"allow":["GET"]}}],"collection":[{"href":"https:\/\/agora.xtec.cat\/iesllavaneres\/wp-json\/wp\/v2\/posts"}],"about":[{"href":"https:\/\/agora.xtec.cat\/iesllavaneres\/wp-json\/wp\/v2\/types\/post"}],"author":[{"embeddable":true,"href":"https:\/\/agora.xtec.cat\/iesllavaneres\/wp-json\/wp\/v2\/users\/4"}],"replies":[{"embeddable":true,"href":"https:\/\/agora.xtec.cat\/iesllavaneres\/wp-json\/wp\/v2\/comments?post=3136"}],"version-history":[{"count":3,"href":"https:\/\/agora.xtec.cat\/iesllavaneres\/wp-json\/wp\/v2\/posts\/3136\/revisions"}],"predecessor-version":[{"id":3140,"href":"https:\/\/agora.xtec.cat\/iesllavaneres\/wp-json\/wp\/v2\/posts\/3136\/revisions\/3140"}],"wp:attachment":[{"href":"https:\/\/agora.xtec.cat\/iesllavaneres\/wp-json\/wp\/v2\/media?parent=3136"}],"wp:term":[{"taxonomy":"category","embeddable":true,"href":"https:\/\/agora.xtec.cat\/iesllavaneres\/wp-json\/wp\/v2\/categories?post=3136"},{"taxonomy":"post_tag","embeddable":true,"href":"https:\/\/agora.xtec.cat\/iesllavaneres\/wp-json\/wp\/v2\/tags?post=3136"}],"curies":[{"name":"wp","href":"https:\/\/api.w.org\/{rel}","templated":true}]}}