{"id":3060,"date":"2024-01-12T09:16:38","date_gmt":"2024-01-12T08:16:38","guid":{"rendered":"https:\/\/agora.xtec.cat\/iesllavaneres\/?p=3060"},"modified":"2024-01-12T09:16:38","modified_gmt":"2024-01-12T08:16:38","slug":"jan-martin-lopez-de-2n-deso-b-campio-despanya","status":"publish","type":"post","link":"https:\/\/agora.xtec.cat\/iesllavaneres\/general\/jan-martin-lopez-de-2n-deso-b-campio-despanya\/","title":{"rendered":"Jan Mart\u00edn L\u00f3pez, de 2n d&#8217;ESO B, campi\u00f3 d&#8217;Espanya!"},"content":{"rendered":"<div><a href=\"https:\/\/agora.xtec.cat\/iesllavaneres\/wp-content\/uploads\/usu2229\/2024\/01\/IMG-20240107-WA0043-min.jpg\"><img loading=\"lazy\" decoding=\"async\" class=\"alignnone wp-image-3064\" src=\"https:\/\/agora.xtec.cat\/iesllavaneres\/wp-content\/uploads\/usu2229\/2024\/01\/IMG-20240107-WA0043-min.jpg\" alt=\"\" width=\"629\" height=\"690\" \/><\/a> <a href=\"https:\/\/agora.xtec.cat\/iesllavaneres\/wp-content\/uploads\/usu2229\/2024\/01\/IMG-20240107-WA0042-min.jpg\"><img loading=\"lazy\" decoding=\"async\" class=\"alignnone wp-image-3065\" src=\"https:\/\/agora.xtec.cat\/iesllavaneres\/wp-content\/uploads\/usu2229\/2024\/01\/IMG-20240107-WA0042-min.jpg\" alt=\"\" width=\"312\" height=\"415\" srcset=\"https:\/\/agora.xtec.cat\/iesllavaneres\/wp-content\/uploads\/usu2229\/2024\/01\/IMG-20240107-WA0042-min.jpg 768w, https:\/\/agora.xtec.cat\/iesllavaneres\/wp-content\/uploads\/usu2229\/2024\/01\/IMG-20240107-WA0042-min-225x300.jpg 225w\" sizes=\"auto, (max-width: 312px) 100vw, 312px\" \/><\/a> \u00a0<a href=\"https:\/\/agora.xtec.cat\/iesllavaneres\/wp-content\/uploads\/usu2229\/2024\/01\/IMG-20240107-WA0044-min.jpg\"><img loading=\"lazy\" decoding=\"async\" class=\"alignnone wp-image-3067\" src=\"https:\/\/agora.xtec.cat\/iesllavaneres\/wp-content\/uploads\/usu2229\/2024\/01\/IMG-20240107-WA0044-min.jpg\" alt=\"\" width=\"311\" height=\"445\" \/><\/a><\/div>\n<div><\/div>\n<div>Des de l&#8217;Institut Llavaneres volem felicitar\u00a0<b><i>el nostre alumne de 2n ESO B, Jan Mart\u00edn L\u00f3pez.<\/i><\/b><\/div>\n<div>S&#8217;ha proclamat campi\u00f3 d&#8217;Espanya en categoria infantil mascul\u00ed, amb la selecci\u00f3 catalana de b\u00e0squet.<\/div>\n<div><\/div>\n<div>La final d&#8217;infantil mascul\u00ed del Campionat d&#8217;Espanya de seleccions s&#8217;ha disputat aquest passat cap de setmana (6-7 de gener 2024) a Huelva. La selecci\u00f3 catalana es va imposar a la madrilenya per 73 a 57.<\/div>\n<div><\/div>\n<div>El campionat d&#8217;Espanya de seleccions auton\u00f2miques es juga cada dos anys. El 2022 Catalunya ja el va guanyar en categoria mini i, ara, en categoria infantil, ha tornat a quedar campiona d&#8217;Espanya.<\/div>\n<div><\/div>\n<div>Moltes felicitats Jan, equip i fam\u00edlia!!!<\/div>\n","protected":false},"excerpt":{"rendered":"<p>\u00a0 Des de l&#8217;Institut Llavaneres volem felicitar\u00a0el nostre alumne de 2n ESO B, Jan Mart\u00edn L\u00f3pez. S&#8217;ha proclamat campi\u00f3 d&#8217;Espanya en categoria infantil mascul\u00ed, amb la selecci\u00f3 catalana de b\u00e0squet. La final d&#8217;infantil mascul\u00ed del Campionat d&#8217;Espanya de seleccions s&#8217;ha disputat aquest passat cap de setmana (6-7 de gener 2024) a Huelva. La selecci\u00f3 catalana [&hellip;]<\/p>\n","protected":false},"author":4,"featured_media":0,"comment_status":"open","ping_status":"closed","sticky":false,"template":"","format":"standard","meta":{"_bbp_topic_count":0,"_bbp_reply_count":0,"_bbp_total_topic_count":0,"_bbp_total_reply_count":0,"_bbp_voice_count":0,"_bbp_anonymous_reply_count":0,"_bbp_topic_count_hidden":0,"_bbp_reply_count_hidden":0,"_bbp_forum_subforum_count":0,"site-sidebar-layout":"default","site-content-layout":"","ast-site-content-layout":"","site-content-style":"default","site-sidebar-style":"default","ast-global-header-display":"","ast-banner-title-visibility":"","ast-main-header-display":"","ast-hfb-above-header-display":"","ast-hfb-below-header-display":"","ast-hfb-mobile-header-display":"","site-post-title":"","ast-breadcrumbs-content":"","ast-featured-img":"","footer-sml-layout":"","theme-transparent-header-meta":"","adv-header-id-meta":"","stick-header-meta":"","header-above-stick-meta":"","header-main-stick-meta":"","header-below-stick-meta":"","astra-migrate-meta-layouts":"default","ast-page-background-enabled":"default","ast-page-background-meta":{"desktop":{"background-color":"var(--ast-global-color-4)","background-image":"","background-repeat":"repeat","background-position":"center center","background-size":"auto","background-attachment":"scroll","background-type":"","background-media":"","overlay-type":"","overlay-color":"","overlay-opacity":"","overlay-gradient":""},"tablet":{"background-color":"","background-image":"","background-repeat":"repeat","background-position":"center center","background-size":"auto","background-attachment":"scroll","background-type":"","background-media":"","overlay-type":"","overlay-color":"","overlay-opacity":"","overlay-gradient":""},"mobile":{"background-color":"","background-image":"","background-repeat":"repeat","background-position":"center center","background-size":"auto","background-attachment":"scroll","background-type":"","background-media":"","overlay-type":"","overlay-color":"","overlay-opacity":"","overlay-gradient":""}},"ast-content-background-meta":{"desktop":{"background-color":"var(--ast-global-color-5)","background-image":"","background-repeat":"repeat","background-position":"center center","background-size":"auto","background-attachment":"scroll","background-type":"","background-media":"","overlay-type":"","overlay-color":"","overlay-opacity":"","overlay-gradient":""},"tablet":{"background-color":"var(--ast-global-color-5)","background-image":"","background-repeat":"repeat","background-position":"center center","background-size":"auto","background-attachment":"scroll","background-type":"","background-media":"","overlay-type":"","overlay-color":"","overlay-opacity":"","overlay-gradient":""},"mobile":{"background-color":"var(--ast-global-color-5)","background-image":"","background-repeat":"repeat","background-position":"center center","background-size":"auto","background-attachment":"scroll","background-type":"","background-media":"","overlay-type":"","overlay-color":"","overlay-opacity":"","overlay-gradient":""}},"footnotes":""},"categories":[5,1,29],"tags":[132],"class_list":["post-3060","post","type-post","status-publish","format-standard","hentry","category-eso-2","category-general","category-portada","tag-2n-deso"],"post_mailing_queue_ids":[],"_links":{"self":[{"href":"https:\/\/agora.xtec.cat\/iesllavaneres\/wp-json\/wp\/v2\/posts\/3060","targetHints":{"allow":["GET"]}}],"collection":[{"href":"https:\/\/agora.xtec.cat\/iesllavaneres\/wp-json\/wp\/v2\/posts"}],"about":[{"href":"https:\/\/agora.xtec.cat\/iesllavaneres\/wp-json\/wp\/v2\/types\/post"}],"author":[{"embeddable":true,"href":"https:\/\/agora.xtec.cat\/iesllavaneres\/wp-json\/wp\/v2\/users\/4"}],"replies":[{"embeddable":true,"href":"https:\/\/agora.xtec.cat\/iesllavaneres\/wp-json\/wp\/v2\/comments?post=3060"}],"version-history":[{"count":6,"href":"https:\/\/agora.xtec.cat\/iesllavaneres\/wp-json\/wp\/v2\/posts\/3060\/revisions"}],"predecessor-version":[{"id":3073,"href":"https:\/\/agora.xtec.cat\/iesllavaneres\/wp-json\/wp\/v2\/posts\/3060\/revisions\/3073"}],"wp:attachment":[{"href":"https:\/\/agora.xtec.cat\/iesllavaneres\/wp-json\/wp\/v2\/media?parent=3060"}],"wp:term":[{"taxonomy":"category","embeddable":true,"href":"https:\/\/agora.xtec.cat\/iesllavaneres\/wp-json\/wp\/v2\/categories?post=3060"},{"taxonomy":"post_tag","embeddable":true,"href":"https:\/\/agora.xtec.cat\/iesllavaneres\/wp-json\/wp\/v2\/tags?post=3060"}],"curies":[{"name":"wp","href":"https:\/\/api.w.org\/{rel}","templated":true}]}}