{"id":2998,"date":"2023-12-18T09:44:52","date_gmt":"2023-12-18T08:44:52","guid":{"rendered":"https:\/\/agora.xtec.cat\/iesllavaneres\/?p=2998"},"modified":"2023-12-18T09:44:52","modified_gmt":"2023-12-18T08:44:52","slug":"sortida-al-medi-natural-dels-alumnes-de-4t-deso","status":"publish","type":"post","link":"https:\/\/agora.xtec.cat\/iesllavaneres\/general\/sortida-al-medi-natural-dels-alumnes-de-4t-deso\/","title":{"rendered":"SORTIDA AL MEDI NATURAL DELS ALUMNES DE 4t D&#8217;ESO"},"content":{"rendered":"<p><a href=\"https:\/\/agora.xtec.cat\/iesllavaneres\/wp-content\/uploads\/usu2229\/2023\/12\/IMG_0211-min-scaled.jpg\"><img loading=\"lazy\" decoding=\"async\" class=\"wp-image-3002 alignleft\" src=\"https:\/\/agora.xtec.cat\/iesllavaneres\/wp-content\/uploads\/usu2229\/2023\/12\/IMG_0211-min-768x1024.jpg\" alt=\"\" width=\"426\" height=\"581\" \/><\/a> <a href=\"https:\/\/agora.xtec.cat\/iesllavaneres\/wp-content\/uploads\/usu2229\/2023\/12\/IMG_0200-min-scaled.jpg\"><img loading=\"lazy\" decoding=\"async\" class=\"wp-image-3001 alignleft\" src=\"https:\/\/agora.xtec.cat\/iesllavaneres\/wp-content\/uploads\/usu2229\/2023\/12\/IMG_0200-min-768x1024.jpg\" alt=\"\" width=\"428\" height=\"591\" \/><\/a><\/p>\n<p>&nbsp;<\/p>\n<p>&nbsp;<\/p>\n<p>&nbsp;<\/p>\n<p>El passat divendres 15 de desembre, en una sortida organitzada pel professor d&#8217;Educaci\u00f3 F\u00edsica Sergi Mis, els alumnes de 4t van fer una excursi\u00f3 per les muntanyes de Llavaneres.<\/p>\n<p>L&#8217;activitat s&#8217;havia preparat pr\u00e8viament des de les aules: els alumnes, en grups de quatre, van dissenyar la ruta i organitzar el material de seguretat que necessitaven per fer l&#8217;ascensi\u00f3 al Roc de l&#8217;avi i al Tur\u00f3 de la Llorita.<\/p>\n<p>A m\u00e9s de pensar en l&#8217;alimentaci\u00f3 que necessitarien per a la sortida, aix\u00ed com bosses d&#8217;escombraries per evitar recollir les deixalles, els alumnes van vestir-se amb tres capes de roba: una samarreta interior t\u00e8rmica, en contacte amb la pell, un polar i un paravent.<\/p>\n<p>La valoraci\u00f3 que es fa de l&#8217;excursi\u00f3, tant per part de l&#8217;alumnat com del professorat, \u00e9s excel\u00b7lent.<\/p>\n","protected":false},"excerpt":{"rendered":"<p>&nbsp; &nbsp; &nbsp; El passat divendres 15 de desembre, en una sortida organitzada pel professor d&#8217;Educaci\u00f3 F\u00edsica Sergi Mis, els alumnes de 4t van fer una excursi\u00f3 per les muntanyes de Llavaneres. L&#8217;activitat s&#8217;havia preparat pr\u00e8viament des de les aules: els alumnes, en grups de quatre, van dissenyar la ruta i organitzar el material de [&hellip;]<\/p>\n","protected":false},"author":4,"featured_media":0,"comment_status":"open","ping_status":"closed","sticky":false,"template":"","format":"standard","meta":{"_bbp_topic_count":0,"_bbp_reply_count":0,"_bbp_total_topic_count":0,"_bbp_total_reply_count":0,"_bbp_voice_count":0,"_bbp_anonymous_reply_count":0,"_bbp_topic_count_hidden":0,"_bbp_reply_count_hidden":0,"_bbp_forum_subforum_count":0,"site-sidebar-layout":"default","site-content-layout":"","ast-site-content-layout":"","site-content-style":"default","site-sidebar-style":"default","ast-global-header-display":"","ast-banner-title-visibility":"","ast-main-header-display":"","ast-hfb-above-header-display":"","ast-hfb-below-header-display":"","ast-hfb-mobile-header-display":"","site-post-title":"","ast-breadcrumbs-content":"","ast-featured-img":"","footer-sml-layout":"","theme-transparent-header-meta":"","adv-header-id-meta":"","stick-header-meta":"","header-above-stick-meta":"","header-main-stick-meta":"","header-below-stick-meta":"","astra-migrate-meta-layouts":"default","ast-page-background-enabled":"default","ast-page-background-meta":{"desktop":{"background-color":"var(--ast-global-color-4)","background-image":"","background-repeat":"repeat","background-position":"center center","background-size":"auto","background-attachment":"scroll","background-type":"","background-media":"","overlay-type":"","overlay-color":"","overlay-opacity":"","overlay-gradient":""},"tablet":{"background-color":"","background-image":"","background-repeat":"repeat","background-position":"center center","background-size":"auto","background-attachment":"scroll","background-type":"","background-media":"","overlay-type":"","overlay-color":"","overlay-opacity":"","overlay-gradient":""},"mobile":{"background-color":"","background-image":"","background-repeat":"repeat","background-position":"center center","background-size":"auto","background-attachment":"scroll","background-type":"","background-media":"","overlay-type":"","overlay-color":"","overlay-opacity":"","overlay-gradient":""}},"ast-content-background-meta":{"desktop":{"background-color":"var(--ast-global-color-5)","background-image":"","background-repeat":"repeat","background-position":"center center","background-size":"auto","background-attachment":"scroll","background-type":"","background-media":"","overlay-type":"","overlay-color":"","overlay-opacity":"","overlay-gradient":""},"tablet":{"background-color":"var(--ast-global-color-5)","background-image":"","background-repeat":"repeat","background-position":"center center","background-size":"auto","background-attachment":"scroll","background-type":"","background-media":"","overlay-type":"","overlay-color":"","overlay-opacity":"","overlay-gradient":""},"mobile":{"background-color":"var(--ast-global-color-5)","background-image":"","background-repeat":"repeat","background-position":"center center","background-size":"auto","background-attachment":"scroll","background-type":"","background-media":"","overlay-type":"","overlay-color":"","overlay-opacity":"","overlay-gradient":""}},"footnotes":""},"categories":[7,1,29],"tags":[111,116,39],"class_list":["post-2998","post","type-post","status-publish","format-standard","hentry","category-eso-4","category-general","category-portada","tag-educacio-fisica","tag-eso","tag-sortides"],"post_mailing_queue_ids":[],"_links":{"self":[{"href":"https:\/\/agora.xtec.cat\/iesllavaneres\/wp-json\/wp\/v2\/posts\/2998","targetHints":{"allow":["GET"]}}],"collection":[{"href":"https:\/\/agora.xtec.cat\/iesllavaneres\/wp-json\/wp\/v2\/posts"}],"about":[{"href":"https:\/\/agora.xtec.cat\/iesllavaneres\/wp-json\/wp\/v2\/types\/post"}],"author":[{"embeddable":true,"href":"https:\/\/agora.xtec.cat\/iesllavaneres\/wp-json\/wp\/v2\/users\/4"}],"replies":[{"embeddable":true,"href":"https:\/\/agora.xtec.cat\/iesllavaneres\/wp-json\/wp\/v2\/comments?post=2998"}],"version-history":[{"count":4,"href":"https:\/\/agora.xtec.cat\/iesllavaneres\/wp-json\/wp\/v2\/posts\/2998\/revisions"}],"predecessor-version":[{"id":3005,"href":"https:\/\/agora.xtec.cat\/iesllavaneres\/wp-json\/wp\/v2\/posts\/2998\/revisions\/3005"}],"wp:attachment":[{"href":"https:\/\/agora.xtec.cat\/iesllavaneres\/wp-json\/wp\/v2\/media?parent=2998"}],"wp:term":[{"taxonomy":"category","embeddable":true,"href":"https:\/\/agora.xtec.cat\/iesllavaneres\/wp-json\/wp\/v2\/categories?post=2998"},{"taxonomy":"post_tag","embeddable":true,"href":"https:\/\/agora.xtec.cat\/iesllavaneres\/wp-json\/wp\/v2\/tags?post=2998"}],"curies":[{"name":"wp","href":"https:\/\/api.w.org\/{rel}","templated":true}]}}