{"id":2971,"date":"2023-12-04T12:15:15","date_gmt":"2023-12-04T11:15:15","guid":{"rendered":"https:\/\/agora.xtec.cat\/iesllavaneres\/?p=2971"},"modified":"2023-12-03T20:47:36","modified_gmt":"2023-12-03T19:47:36","slug":"components-del-consell-escolar","status":"publish","type":"post","link":"https:\/\/agora.xtec.cat\/iesllavaneres\/general\/components-del-consell-escolar\/","title":{"rendered":"Components del Consell escolar"},"content":{"rendered":"<p>Al llarg del mes de novembre s&#8217;han celebrat les eleccions al Consell escolar de l&#8217;Institut Llavaneres. Tant les fam\u00edlies com l&#8217;alumnat, el professorat i els membres del PAS han pogut exercir el seu dret a vot al mateix centre.<\/p>\n<p>Us passem a continuaci\u00f3 la composici\u00f3 de l&#8217;actual Consell escolar:<\/p>\n<table style=\"border-collapse: collapse; width: 100%;\">\n<tbody>\n<tr>\n<td style=\"width: 26.568%;\">Professorat per ra\u00f3 de c\u00e0rrec directiu<\/td>\n<td style=\"width: 73.432%;\">Vil\u00e0 Guarro, Eva, <em>Directora i presidenta del Consell Escolar<\/em><\/p>\n<p>Mas Soler, Mireia,\u00a0<em>Cap d\u2019Estudis<\/em><\/p>\n<p>Hern\u00e1ndez Trav\u00e9, Antoni, <em style=\"font-family: inherit; font-size: 0.875em;\">Secretari<\/em><\/td>\n<\/tr>\n<tr>\n<td style=\"width: 26.568%;\">Representaci\u00f3 del professorat<\/td>\n<td style=\"width: 73.432%;\">Barrufet Rovira, Anna. 2023-27.<\/p>\n<p>Coso Silvestre, Ruth. 2023-27.<\/p>\n<p>Moro Rodr\u00edguez, Luci. 2021-25.<\/p>\n<p>Mis Castells, Sergi. 2021-25.<\/p>\n<p>Ortega Gil, Olga. 2021-25.<\/p>\n<p>Vendrell Xixons, C\u00e8lia. 2023-27<\/td>\n<\/tr>\n<tr>\n<td style=\"width: 26.568%;\">Representaci\u00f3 de l\u2019alumnat<\/td>\n<td style=\"width: 73.432%;\">Comas Fortuny, Pol Yi. 2021-25.<\/p>\n<p>Giralt Plata, Marta. 2023-25.<\/p>\n<p>Pe\u00f1a Peinado, J\u00falia. 2021-25.<\/td>\n<\/tr>\n<tr>\n<td style=\"width: 26.568%;\">Representaci\u00f3 de les fam\u00edlies d\u2019alumnes<\/td>\n<td style=\"width: 73.432%;\">Cort\u00e9s Mart\u00ednez, Xavier. 2021-25.<\/p>\n<p>M\u00e9ndez Calvente, Maribel. 2023-27.<\/p>\n<p>D\u00cdaz D\u00edaz, Yolanda. Designaci\u00f3 AFA.<\/td>\n<\/tr>\n<tr>\n<td style=\"width: 26.568%;\">Representaci\u00f3 del personal d\u2019administraci\u00f3 i Serveis (PAS)<\/td>\n<td style=\"width: 73.432%;\">Capell\u00e0 Lario, J\u00falia. 2021-25.<\/td>\n<\/tr>\n<tr>\n<td style=\"width: 26.568%;\">Representaci\u00f3 de l\u2019Ajuntament de Sant Andreu de Llavaneres<\/td>\n<td style=\"width: 73.432%;\">Arnau Vergel, Joan. Designaci\u00f3.<\/td>\n<\/tr>\n<\/tbody>\n<\/table>\n","protected":false},"excerpt":{"rendered":"<p>Al llarg del mes de novembre s&#8217;han celebrat les eleccions al Consell escolar de l&#8217;Institut Llavaneres. Tant les fam\u00edlies com l&#8217;alumnat, el professorat i els membres del PAS han pogut exercir el seu dret a vot al mateix centre. Us passem a continuaci\u00f3 la composici\u00f3 de l&#8217;actual Consell escolar: Professorat per ra\u00f3 de c\u00e0rrec directiu [&hellip;]<\/p>\n","protected":false},"author":4,"featured_media":0,"comment_status":"open","ping_status":"closed","sticky":false,"template":"","format":"standard","meta":{"_bbp_topic_count":0,"_bbp_reply_count":0,"_bbp_total_topic_count":0,"_bbp_total_reply_count":0,"_bbp_voice_count":0,"_bbp_anonymous_reply_count":0,"_bbp_topic_count_hidden":0,"_bbp_reply_count_hidden":0,"_bbp_forum_subforum_count":0,"site-sidebar-layout":"default","site-content-layout":"","ast-site-content-layout":"","site-content-style":"default","site-sidebar-style":"default","ast-global-header-display":"","ast-banner-title-visibility":"","ast-main-header-display":"","ast-hfb-above-header-display":"","ast-hfb-below-header-display":"","ast-hfb-mobile-header-display":"","site-post-title":"","ast-breadcrumbs-content":"","ast-featured-img":"","footer-sml-layout":"","theme-transparent-header-meta":"","adv-header-id-meta":"","stick-header-meta":"","header-above-stick-meta":"","header-main-stick-meta":"","header-below-stick-meta":"","astra-migrate-meta-layouts":"default","ast-page-background-enabled":"default","ast-page-background-meta":{"desktop":{"background-color":"var(--ast-global-color-4)","background-image":"","background-repeat":"repeat","background-position":"center center","background-size":"auto","background-attachment":"scroll","background-type":"","background-media":"","overlay-type":"","overlay-color":"","overlay-opacity":"","overlay-gradient":""},"tablet":{"background-color":"","background-image":"","background-repeat":"repeat","background-position":"center center","background-size":"auto","background-attachment":"scroll","background-type":"","background-media":"","overlay-type":"","overlay-color":"","overlay-opacity":"","overlay-gradient":""},"mobile":{"background-color":"","background-image":"","background-repeat":"repeat","background-position":"center center","background-size":"auto","background-attachment":"scroll","background-type":"","background-media":"","overlay-type":"","overlay-color":"","overlay-opacity":"","overlay-gradient":""}},"ast-content-background-meta":{"desktop":{"background-color":"var(--ast-global-color-5)","background-image":"","background-repeat":"repeat","background-position":"center center","background-size":"auto","background-attachment":"scroll","background-type":"","background-media":"","overlay-type":"","overlay-color":"","overlay-opacity":"","overlay-gradient":""},"tablet":{"background-color":"var(--ast-global-color-5)","background-image":"","background-repeat":"repeat","background-position":"center center","background-size":"auto","background-attachment":"scroll","background-type":"","background-media":"","overlay-type":"","overlay-color":"","overlay-opacity":"","overlay-gradient":""},"mobile":{"background-color":"var(--ast-global-color-5)","background-image":"","background-repeat":"repeat","background-position":"center center","background-size":"auto","background-attachment":"scroll","background-type":"","background-media":"","overlay-type":"","overlay-color":"","overlay-opacity":"","overlay-gradient":""}},"footnotes":""},"categories":[1,29],"tags":[201],"class_list":["post-2971","post","type-post","status-publish","format-standard","hentry","category-general","category-portada","tag-consell-escolar"],"post_mailing_queue_ids":[],"_links":{"self":[{"href":"https:\/\/agora.xtec.cat\/iesllavaneres\/wp-json\/wp\/v2\/posts\/2971","targetHints":{"allow":["GET"]}}],"collection":[{"href":"https:\/\/agora.xtec.cat\/iesllavaneres\/wp-json\/wp\/v2\/posts"}],"about":[{"href":"https:\/\/agora.xtec.cat\/iesllavaneres\/wp-json\/wp\/v2\/types\/post"}],"author":[{"embeddable":true,"href":"https:\/\/agora.xtec.cat\/iesllavaneres\/wp-json\/wp\/v2\/users\/4"}],"replies":[{"embeddable":true,"href":"https:\/\/agora.xtec.cat\/iesllavaneres\/wp-json\/wp\/v2\/comments?post=2971"}],"version-history":[{"count":2,"href":"https:\/\/agora.xtec.cat\/iesllavaneres\/wp-json\/wp\/v2\/posts\/2971\/revisions"}],"predecessor-version":[{"id":2973,"href":"https:\/\/agora.xtec.cat\/iesllavaneres\/wp-json\/wp\/v2\/posts\/2971\/revisions\/2973"}],"wp:attachment":[{"href":"https:\/\/agora.xtec.cat\/iesllavaneres\/wp-json\/wp\/v2\/media?parent=2971"}],"wp:term":[{"taxonomy":"category","embeddable":true,"href":"https:\/\/agora.xtec.cat\/iesllavaneres\/wp-json\/wp\/v2\/categories?post=2971"},{"taxonomy":"post_tag","embeddable":true,"href":"https:\/\/agora.xtec.cat\/iesllavaneres\/wp-json\/wp\/v2\/tags?post=2971"}],"curies":[{"name":"wp","href":"https:\/\/api.w.org\/{rel}","templated":true}]}}