{"id":2851,"date":"2023-11-17T08:40:05","date_gmt":"2023-11-17T07:40:05","guid":{"rendered":"https:\/\/agora.xtec.cat\/iesllavaneres\/?p=2851"},"modified":"2023-11-20T12:22:21","modified_gmt":"2023-11-20T11:22:21","slug":"celebrant-la-setmana-de-la-ciencia-a-linstitut-llavaneres","status":"publish","type":"post","link":"https:\/\/agora.xtec.cat\/iesllavaneres\/general\/celebrant-la-setmana-de-la-ciencia-a-linstitut-llavaneres\/","title":{"rendered":"Celebrant la Setmana de la Ci\u00e8ncia a l&#8217;Institut Llavaneres"},"content":{"rendered":"<div>En aquestes dates se celebra la <strong>28a Setmana de la Ci\u00e8ncia<\/strong> i a l&#8217;institut ens hi hem adherit: hem organitzat un concurs on participa tot l&#8217;alumnat.<\/div>\n<div><\/div>\n<div>Enguany el desafiament consisteix a relacionar imatges de cient\u00edfics i cient\u00edfiques rellevants del camp de la qu\u00edmica, la f\u00edsica, la biologia i la geologia amb el camp d&#8217;investigaci\u00f3 en qu\u00e8 van treballar. Hi ha 3 categories de participaci\u00f3: 1r cicle d&#8217;ESO, 2n cicle d&#8217;ESO i Batxillerat. Cadascun dels guanyadors rebr\u00e0 un val de 35 euros per compres la Mediamarket.<\/div>\n<div><\/div>\n<div>\u00c9s una bona oportunitat per recon\u00e8ixer noms com <strong>Joan Or\u00f3, Margarita Salas, Josefina Castellv\u00ed<\/strong> i d&#8217;altres pioners i pioneres en els seus camps d&#8217;investigaci\u00f3.<\/div>\n<div><\/div>\n<div>\n<div dir=\"auto\">El concurs estar\u00e0 obert fins el 29 de novembre.<\/div>\n<div dir=\"auto\"><\/div>\n<div dir=\"auto\">Us animem a participar-hi!<\/div>\n<\/div>\n<div><a href=\"https:\/\/agora.xtec.cat\/iesllavaneres\/wp-content\/uploads\/usu2229\/2023\/11\/IMG_1894-1-rotated.jpg\"><img loading=\"lazy\" decoding=\"async\" class=\"wp-image-2852 alignnone\" src=\"https:\/\/agora.xtec.cat\/iesllavaneres\/wp-content\/uploads\/usu2229\/2023\/11\/IMG_1894-1-768x1024.jpg\" alt=\"\" width=\"362\" height=\"522\" \/><\/a> <a href=\"https:\/\/agora.xtec.cat\/iesllavaneres\/wp-content\/uploads\/usu2229\/2023\/11\/IMG_1896-1-rotated.jpg\"><img loading=\"lazy\" decoding=\"async\" class=\"alignnone wp-image-2853\" src=\"https:\/\/agora.xtec.cat\/iesllavaneres\/wp-content\/uploads\/usu2229\/2023\/11\/IMG_1896-1-768x1024.jpg\" alt=\"\" width=\"358\" height=\"631\" \/><\/a> <a href=\"https:\/\/agora.xtec.cat\/iesllavaneres\/wp-content\/uploads\/usu2229\/2023\/11\/IMG_1897-1-rotated.jpg\"><img loading=\"lazy\" decoding=\"async\" class=\"alignnone wp-image-2854\" src=\"https:\/\/agora.xtec.cat\/iesllavaneres\/wp-content\/uploads\/usu2229\/2023\/11\/IMG_1897-1-768x1024.jpg\" alt=\"\" width=\"364\" height=\"612\" \/><\/a><\/div>\n<div>Professores C\u00e8lia Vendrell Xixons i S\u00edlvia Soler Garcia<\/div>\n<div>Departament de Ci\u00e8ncies Naturals<\/div>\n","protected":false},"excerpt":{"rendered":"<p>En aquestes dates se celebra la 28a Setmana de la Ci\u00e8ncia i a l&#8217;institut ens hi hem adherit: hem organitzat un concurs on participa tot l&#8217;alumnat. Enguany el desafiament consisteix a relacionar imatges de cient\u00edfics i cient\u00edfiques rellevants del camp de la qu\u00edmica, la f\u00edsica, la biologia i la geologia amb el camp d&#8217;investigaci\u00f3 en [&hellip;]<\/p>\n","protected":false},"author":4,"featured_media":0,"comment_status":"open","ping_status":"closed","sticky":false,"template":"","format":"standard","meta":{"_bbp_topic_count":0,"_bbp_reply_count":0,"_bbp_total_topic_count":0,"_bbp_total_reply_count":0,"_bbp_voice_count":0,"_bbp_anonymous_reply_count":0,"_bbp_topic_count_hidden":0,"_bbp_reply_count_hidden":0,"_bbp_forum_subforum_count":0,"site-sidebar-layout":"default","site-content-layout":"","ast-site-content-layout":"","site-content-style":"default","site-sidebar-style":"default","ast-global-header-display":"","ast-banner-title-visibility":"","ast-main-header-display":"","ast-hfb-above-header-display":"","ast-hfb-below-header-display":"","ast-hfb-mobile-header-display":"","site-post-title":"","ast-breadcrumbs-content":"","ast-featured-img":"","footer-sml-layout":"","theme-transparent-header-meta":"","adv-header-id-meta":"","stick-header-meta":"","header-above-stick-meta":"","header-main-stick-meta":"","header-below-stick-meta":"","astra-migrate-meta-layouts":"default","ast-page-background-enabled":"default","ast-page-background-meta":{"desktop":{"background-color":"var(--ast-global-color-4)","background-image":"","background-repeat":"repeat","background-position":"center center","background-size":"auto","background-attachment":"scroll","background-type":"","background-media":"","overlay-type":"","overlay-color":"","overlay-opacity":"","overlay-gradient":""},"tablet":{"background-color":"","background-image":"","background-repeat":"repeat","background-position":"center center","background-size":"auto","background-attachment":"scroll","background-type":"","background-media":"","overlay-type":"","overlay-color":"","overlay-opacity":"","overlay-gradient":""},"mobile":{"background-color":"","background-image":"","background-repeat":"repeat","background-position":"center center","background-size":"auto","background-attachment":"scroll","background-type":"","background-media":"","overlay-type":"","overlay-color":"","overlay-opacity":"","overlay-gradient":""}},"ast-content-background-meta":{"desktop":{"background-color":"var(--ast-global-color-5)","background-image":"","background-repeat":"repeat","background-position":"center center","background-size":"auto","background-attachment":"scroll","background-type":"","background-media":"","overlay-type":"","overlay-color":"","overlay-opacity":"","overlay-gradient":""},"tablet":{"background-color":"var(--ast-global-color-5)","background-image":"","background-repeat":"repeat","background-position":"center center","background-size":"auto","background-attachment":"scroll","background-type":"","background-media":"","overlay-type":"","overlay-color":"","overlay-opacity":"","overlay-gradient":""},"mobile":{"background-color":"var(--ast-global-color-5)","background-image":"","background-repeat":"repeat","background-position":"center center","background-size":"auto","background-attachment":"scroll","background-type":"","background-media":"","overlay-type":"","overlay-color":"","overlay-opacity":"","overlay-gradient":""}},"footnotes":""},"categories":[4,5,6,7,1,29],"tags":[197,162],"class_list":["post-2851","post","type-post","status-publish","format-standard","hentry","category-eso-1","category-eso-2","category-eso-3","category-eso-4","category-general","category-portada","tag-esdeveniment","tag-exposicio"],"post_mailing_queue_ids":[],"_links":{"self":[{"href":"https:\/\/agora.xtec.cat\/iesllavaneres\/wp-json\/wp\/v2\/posts\/2851","targetHints":{"allow":["GET"]}}],"collection":[{"href":"https:\/\/agora.xtec.cat\/iesllavaneres\/wp-json\/wp\/v2\/posts"}],"about":[{"href":"https:\/\/agora.xtec.cat\/iesllavaneres\/wp-json\/wp\/v2\/types\/post"}],"author":[{"embeddable":true,"href":"https:\/\/agora.xtec.cat\/iesllavaneres\/wp-json\/wp\/v2\/users\/4"}],"replies":[{"embeddable":true,"href":"https:\/\/agora.xtec.cat\/iesllavaneres\/wp-json\/wp\/v2\/comments?post=2851"}],"version-history":[{"count":5,"href":"https:\/\/agora.xtec.cat\/iesllavaneres\/wp-json\/wp\/v2\/posts\/2851\/revisions"}],"predecessor-version":[{"id":2884,"href":"https:\/\/agora.xtec.cat\/iesllavaneres\/wp-json\/wp\/v2\/posts\/2851\/revisions\/2884"}],"wp:attachment":[{"href":"https:\/\/agora.xtec.cat\/iesllavaneres\/wp-json\/wp\/v2\/media?parent=2851"}],"wp:term":[{"taxonomy":"category","embeddable":true,"href":"https:\/\/agora.xtec.cat\/iesllavaneres\/wp-json\/wp\/v2\/categories?post=2851"},{"taxonomy":"post_tag","embeddable":true,"href":"https:\/\/agora.xtec.cat\/iesllavaneres\/wp-json\/wp\/v2\/tags?post=2851"}],"curies":[{"name":"wp","href":"https:\/\/api.w.org\/{rel}","templated":true}]}}