{"id":2784,"date":"2023-10-25T20:46:02","date_gmt":"2023-10-25T18:46:02","guid":{"rendered":"https:\/\/agora.xtec.cat\/iesllavaneres\/?p=2784"},"modified":"2023-11-13T14:08:40","modified_gmt":"2023-11-13T13:08:40","slug":"conferencia-lluis-bassat","status":"publish","type":"post","link":"https:\/\/agora.xtec.cat\/iesllavaneres\/general\/conferencia-lluis-bassat\/","title":{"rendered":"Confer\u00e8ncia Llu\u00eds Bassat"},"content":{"rendered":"<p>Els alumnes de 4t d&#8217;ESO de l&#8217;assignatura d&#8217;Expressi\u00f3 art\u00edstica han fet els cartells publicitant la confer\u00e8ncia que el Sr. Bassat far\u00e0 divendres 27 d&#8217;octubre al nostre Institut.<\/p>\n<p><!--more--><\/p>\n<p><a href=\"https:\/\/agora.xtec.cat\/iesllavaneres\/wp-content\/uploads\/usu2229\/2023\/10\/cartell-vip-lluis-basat-2-1.png\"><img loading=\"lazy\" decoding=\"async\" class=\"alignnone wp-image-2779\" src=\"https:\/\/agora.xtec.cat\/iesllavaneres\/wp-content\/uploads\/usu2229\/2023\/10\/cartell-vip-lluis-basat-2-1-724x1024.png\" alt=\"\" width=\"269\" height=\"381\" srcset=\"https:\/\/agora.xtec.cat\/iesllavaneres\/wp-content\/uploads\/usu2229\/2023\/10\/cartell-vip-lluis-basat-2-1-724x1024.png 724w, https:\/\/agora.xtec.cat\/iesllavaneres\/wp-content\/uploads\/usu2229\/2023\/10\/cartell-vip-lluis-basat-2-1-212x300.png 212w, https:\/\/agora.xtec.cat\/iesllavaneres\/wp-content\/uploads\/usu2229\/2023\/10\/cartell-vip-lluis-basat-2-1-768x1086.png 768w, https:\/\/agora.xtec.cat\/iesllavaneres\/wp-content\/uploads\/usu2229\/2023\/10\/cartell-vip-lluis-basat-2-1-1086x1536.png 1086w, https:\/\/agora.xtec.cat\/iesllavaneres\/wp-content\/uploads\/usu2229\/2023\/10\/cartell-vip-lluis-basat-2-1-1448x2048.png 1448w, https:\/\/agora.xtec.cat\/iesllavaneres\/wp-content\/uploads\/usu2229\/2023\/10\/cartell-vip-lluis-basat-2-1.png 1587w\" sizes=\"auto, (max-width: 269px) 100vw, 269px\" \/><\/a><a href=\"https:\/\/agora.xtec.cat\/iesllavaneres\/wp-content\/uploads\/usu2229\/2023\/10\/imatge-lluis-bassat.png\"><img loading=\"lazy\" decoding=\"async\" class=\"wp-image-2780 alignright\" src=\"https:\/\/agora.xtec.cat\/iesllavaneres\/wp-content\/uploads\/usu2229\/2023\/10\/imatge-lluis-bassat-724x1024.png\" alt=\"\" width=\"269\" height=\"381\" srcset=\"https:\/\/agora.xtec.cat\/iesllavaneres\/wp-content\/uploads\/usu2229\/2023\/10\/imatge-lluis-bassat-724x1024.png 724w, https:\/\/agora.xtec.cat\/iesllavaneres\/wp-content\/uploads\/usu2229\/2023\/10\/imatge-lluis-bassat-212x300.png 212w, https:\/\/agora.xtec.cat\/iesllavaneres\/wp-content\/uploads\/usu2229\/2023\/10\/imatge-lluis-bassat-768x1086.png 768w, https:\/\/agora.xtec.cat\/iesllavaneres\/wp-content\/uploads\/usu2229\/2023\/10\/imatge-lluis-bassat-1086x1536.png 1086w, https:\/\/agora.xtec.cat\/iesllavaneres\/wp-content\/uploads\/usu2229\/2023\/10\/imatge-lluis-bassat-1448x2048.png 1448w, https:\/\/agora.xtec.cat\/iesllavaneres\/wp-content\/uploads\/usu2229\/2023\/10\/imatge-lluis-bassat.png 1587w\" sizes=\"auto, (max-width: 269px) 100vw, 269px\" \/><\/a><a href=\"https:\/\/agora.xtec.cat\/iesllavaneres\/wp-content\/uploads\/usu2229\/2023\/10\/Cartell-Bassat.jpg\"><img loading=\"lazy\" decoding=\"async\" class=\"wp-image-2781 aligncenter\" src=\"https:\/\/agora.xtec.cat\/iesllavaneres\/wp-content\/uploads\/usu2229\/2023\/10\/Cartell-Bassat-724x1024.jpg\" alt=\"\" width=\"270\" height=\"381\" srcset=\"https:\/\/agora.xtec.cat\/iesllavaneres\/wp-content\/uploads\/usu2229\/2023\/10\/Cartell-Bassat-724x1024.jpg 724w, https:\/\/agora.xtec.cat\/iesllavaneres\/wp-content\/uploads\/usu2229\/2023\/10\/Cartell-Bassat-212x300.jpg 212w, https:\/\/agora.xtec.cat\/iesllavaneres\/wp-content\/uploads\/usu2229\/2023\/10\/Cartell-Bassat-768x1086.jpg 768w, https:\/\/agora.xtec.cat\/iesllavaneres\/wp-content\/uploads\/usu2229\/2023\/10\/Cartell-Bassat-1086x1536.jpg 1086w, https:\/\/agora.xtec.cat\/iesllavaneres\/wp-content\/uploads\/usu2229\/2023\/10\/Cartell-Bassat-1448x2048.jpg 1448w, https:\/\/agora.xtec.cat\/iesllavaneres\/wp-content\/uploads\/usu2229\/2023\/10\/Cartell-Bassat.jpg 1587w\" sizes=\"auto, (max-width: 270px) 100vw, 270px\" \/><\/a><\/p>\n<p><a href=\"https:\/\/agora.xtec.cat\/iesllavaneres\/wp-content\/uploads\/usu2229\/2023\/10\/CARTELL-BASSAT-25-Oct-2023-at-11_27.png\"><img loading=\"lazy\" decoding=\"async\" class=\"alignnone wp-image-2782\" src=\"https:\/\/agora.xtec.cat\/iesllavaneres\/wp-content\/uploads\/usu2229\/2023\/10\/CARTELL-BASSAT-25-Oct-2023-at-11_27-768x1024.png\" alt=\"\" width=\"286\" height=\"381\" srcset=\"https:\/\/agora.xtec.cat\/iesllavaneres\/wp-content\/uploads\/usu2229\/2023\/10\/CARTELL-BASSAT-25-Oct-2023-at-11_27-768x1024.png 768w, https:\/\/agora.xtec.cat\/iesllavaneres\/wp-content\/uploads\/usu2229\/2023\/10\/CARTELL-BASSAT-25-Oct-2023-at-11_27-225x300.png 225w, https:\/\/agora.xtec.cat\/iesllavaneres\/wp-content\/uploads\/usu2229\/2023\/10\/CARTELL-BASSAT-25-Oct-2023-at-11_27-1152x1536.png 1152w, https:\/\/agora.xtec.cat\/iesllavaneres\/wp-content\/uploads\/usu2229\/2023\/10\/CARTELL-BASSAT-25-Oct-2023-at-11_27-1536x2048.png 1536w\" sizes=\"auto, (max-width: 286px) 100vw, 286px\" \/><\/a><a href=\"https:\/\/agora.xtec.cat\/iesllavaneres\/wp-content\/uploads\/usu2229\/2023\/10\/CARTELL-BASSAT-24-oct-2023-a-las-08_22.jpg\"><img loading=\"lazy\" decoding=\"async\" class=\"wp-image-2783 alignright\" src=\"https:\/\/agora.xtec.cat\/iesllavaneres\/wp-content\/uploads\/usu2229\/2023\/10\/CARTELL-BASSAT-24-oct-2023-a-las-08_22.jpg\" alt=\"\" width=\"285\" height=\"381\" srcset=\"https:\/\/agora.xtec.cat\/iesllavaneres\/wp-content\/uploads\/usu2229\/2023\/10\/CARTELL-BASSAT-24-oct-2023-a-las-08_22.jpg 748w, https:\/\/agora.xtec.cat\/iesllavaneres\/wp-content\/uploads\/usu2229\/2023\/10\/CARTELL-BASSAT-24-oct-2023-a-las-08_22-225x300.jpg 225w\" sizes=\"auto, (max-width: 285px) 100vw, 285px\" \/><\/a><\/p>\n","protected":false},"excerpt":{"rendered":"<p>Els alumnes de 4t d&#8217;ESO de l&#8217;assignatura d&#8217;Expressi\u00f3 art\u00edstica han fet els cartells publicitant la confer\u00e8ncia que el Sr. Bassat far\u00e0 divendres 27 d&#8217;octubre al nostre Institut.<\/p>\n","protected":false},"author":7,"featured_media":0,"comment_status":"open","ping_status":"closed","sticky":false,"template":"","format":"standard","meta":{"_bbp_topic_count":0,"_bbp_reply_count":0,"_bbp_total_topic_count":0,"_bbp_total_reply_count":0,"_bbp_voice_count":0,"_bbp_anonymous_reply_count":0,"_bbp_topic_count_hidden":0,"_bbp_reply_count_hidden":0,"_bbp_forum_subforum_count":0,"site-sidebar-layout":"default","site-content-layout":"","ast-site-content-layout":"","site-content-style":"default","site-sidebar-style":"default","ast-global-header-display":"","ast-banner-title-visibility":"","ast-main-header-display":"","ast-hfb-above-header-display":"","ast-hfb-below-header-display":"","ast-hfb-mobile-header-display":"","site-post-title":"","ast-breadcrumbs-content":"","ast-featured-img":"","footer-sml-layout":"","theme-transparent-header-meta":"","adv-header-id-meta":"","stick-header-meta":"","header-above-stick-meta":"","header-main-stick-meta":"","header-below-stick-meta":"","astra-migrate-meta-layouts":"default","ast-page-background-enabled":"default","ast-page-background-meta":{"desktop":{"background-color":"var(--ast-global-color-4)","background-image":"","background-repeat":"repeat","background-position":"center center","background-size":"auto","background-attachment":"scroll","background-type":"","background-media":"","overlay-type":"","overlay-color":"","overlay-opacity":"","overlay-gradient":""},"tablet":{"background-color":"","background-image":"","background-repeat":"repeat","background-position":"center center","background-size":"auto","background-attachment":"scroll","background-type":"","background-media":"","overlay-type":"","overlay-color":"","overlay-opacity":"","overlay-gradient":""},"mobile":{"background-color":"","background-image":"","background-repeat":"repeat","background-position":"center center","background-size":"auto","background-attachment":"scroll","background-type":"","background-media":"","overlay-type":"","overlay-color":"","overlay-opacity":"","overlay-gradient":""}},"ast-content-background-meta":{"desktop":{"background-color":"var(--ast-global-color-5)","background-image":"","background-repeat":"repeat","background-position":"center center","background-size":"auto","background-attachment":"scroll","background-type":"","background-media":"","overlay-type":"","overlay-color":"","overlay-opacity":"","overlay-gradient":""},"tablet":{"background-color":"var(--ast-global-color-5)","background-image":"","background-repeat":"repeat","background-position":"center center","background-size":"auto","background-attachment":"scroll","background-type":"","background-media":"","overlay-type":"","overlay-color":"","overlay-opacity":"","overlay-gradient":""},"mobile":{"background-color":"var(--ast-global-color-5)","background-image":"","background-repeat":"repeat","background-position":"center center","background-size":"auto","background-attachment":"scroll","background-type":"","background-media":"","overlay-type":"","overlay-color":"","overlay-opacity":"","overlay-gradient":""}},"footnotes":""},"categories":[7,1,29],"tags":[120,193,194],"class_list":["post-2784","post","type-post","status-publish","format-standard","hentry","category-eso-4","category-general","category-portada","tag-4t-deso","tag-bassat","tag-expressio-artistica"],"post_mailing_queue_ids":[],"_links":{"self":[{"href":"https:\/\/agora.xtec.cat\/iesllavaneres\/wp-json\/wp\/v2\/posts\/2784","targetHints":{"allow":["GET"]}}],"collection":[{"href":"https:\/\/agora.xtec.cat\/iesllavaneres\/wp-json\/wp\/v2\/posts"}],"about":[{"href":"https:\/\/agora.xtec.cat\/iesllavaneres\/wp-json\/wp\/v2\/types\/post"}],"author":[{"embeddable":true,"href":"https:\/\/agora.xtec.cat\/iesllavaneres\/wp-json\/wp\/v2\/users\/7"}],"replies":[{"embeddable":true,"href":"https:\/\/agora.xtec.cat\/iesllavaneres\/wp-json\/wp\/v2\/comments?post=2784"}],"version-history":[{"count":2,"href":"https:\/\/agora.xtec.cat\/iesllavaneres\/wp-json\/wp\/v2\/posts\/2784\/revisions"}],"predecessor-version":[{"id":2825,"href":"https:\/\/agora.xtec.cat\/iesllavaneres\/wp-json\/wp\/v2\/posts\/2784\/revisions\/2825"}],"wp:attachment":[{"href":"https:\/\/agora.xtec.cat\/iesllavaneres\/wp-json\/wp\/v2\/media?parent=2784"}],"wp:term":[{"taxonomy":"category","embeddable":true,"href":"https:\/\/agora.xtec.cat\/iesllavaneres\/wp-json\/wp\/v2\/categories?post=2784"},{"taxonomy":"post_tag","embeddable":true,"href":"https:\/\/agora.xtec.cat\/iesllavaneres\/wp-json\/wp\/v2\/tags?post=2784"}],"curies":[{"name":"wp","href":"https:\/\/api.w.org\/{rel}","templated":true}]}}