{"id":2745,"date":"2023-10-03T08:41:09","date_gmt":"2023-10-03T06:41:09","guid":{"rendered":"https:\/\/agora.xtec.cat\/iesllavaneres\/?p=2745"},"modified":"2023-10-03T08:41:09","modified_gmt":"2023-10-03T06:41:09","slug":"1r-deso-prevencio-del-ciberassetjament","status":"publish","type":"post","link":"https:\/\/agora.xtec.cat\/iesllavaneres\/general\/1r-deso-prevencio-del-ciberassetjament\/","title":{"rendered":"1r d&#8217;ESO: PREVENCI\u00d3 DEL CIBERASSETJAMENT"},"content":{"rendered":"<p><a href=\"https:\/\/agora.xtec.cat\/iesllavaneres\/wp-content\/uploads\/usu2229\/2023\/10\/1696314931037.jpg\"><img loading=\"lazy\" decoding=\"async\" class=\"wp-image-2746 aligncenter\" src=\"https:\/\/agora.xtec.cat\/iesllavaneres\/wp-content\/uploads\/usu2229\/2023\/10\/1696314931037-725x1024.jpg\" alt=\"\" width=\"362\" height=\"905\" \/><\/a>Divendres 29 de setembre tots els cursos de primer d\u2019ESO van assistir a un taller-xerrada sobre el ciberassetjament impartit per un psic\u00f2leg del CAP, \u00c0lex Ortega.\u00a0 En una mena d\u2019entrevista r\u00e0pida i improvisada li hem demanat a l\u2019\u00c0lex que ens fes cinc c\u00e8ntims sobre el taller. Aqu\u00ed teniu les seves paraules:<\/p>\n<p><strong>En qu\u00e8 consisteix el taller?<\/strong><\/p>\n<p>L\u2019objectiu que perseguim \u00e9s sensibilitzar els participants perqu\u00e8 siguin capa\u00e7os de detectar i saber com actuar davant d\u2019una situaci\u00f3 d\u2019assetjament.<\/p>\n<p><strong>Com feu aquesta tasca de sensibilitzaci\u00f3?<\/strong><\/p>\n<p>Primer donem informaci\u00f3 i despr\u00e9s els ajudem a reflexionar, partint sempre del que els nanos saben; perqu\u00e8 no hem de oblidar que molts d\u2019aquests joves ja tenen experi\u00e8ncies d\u2019aquests tipus: han vist coses o les han sentit (hi han participat en 3\u00aa persona) o b\u00e9 han viscuts experi\u00e8ncies d\u2019aquest tipus (hi han participat en primera persona).<\/p>\n<p><strong>Qu\u00e8 t\u2019ha sorpr\u00e8s m\u00e9s?<\/strong><\/p>\n<p>La capacitat que tenen alguns nois per entendre qu\u00e8 li passa a la persona que fa l\u2019assetjament. Poden entendre que ha de ser recondu\u00efda i que no nom\u00e9s ha de ser castigada.\u00a0 Jo m\u2019esperava un coneixement m\u00e9s de lluny, i sembla que d\u2019alguna manera ho han viscut o se senten vulnerables per patir-ho.<\/p>\n<p><strong>Quina metodologia fas servir?<\/strong><\/p>\n<p>Primer expliquem la difer\u00e8ncia entre <em>assetjament<\/em> i <em>ciberassetjament<\/em>; i deixem clar que en \u00a0aquest \u00faltim comportament l\u2019agressor \u00e9s m\u00e9s violent per l\u2019anonimat i perqu\u00e8 no t\u00e9 conseq\u00fc\u00e8ncies. Despr\u00e9s expliquem les t\u00e0ctiques del ciberassetjament, que b\u00e0sicament s\u00f3n dues: compartir fotos o v\u00eddeos i difondre fotos o informaci\u00f3 privada per humiliar la v\u00edctima. Finalment expliquem les motivacions de la persona que fa el ciberassetjament: venjan\u00e7a, gelosia, poca consci\u00e8ncia que hi ha una altra persona a l\u2019altre costat de l\u2019ordinador, poca autoestima&#8230; Per\u00f2 no engego un rotllo i ja est\u00e0, sin\u00f3 que primer pregunto i vaig fent que els nanos expliquin coses, i ja surten moltes idees; bo i aix\u00ed hi ha molts coneixements o conceptes que jo aclareixo, amplio o\u00a0 explico.<\/p>\n<p>Per finalitzar l\u2019\u00c0lex ens diu que deixa molt clar als nostres nanos qu\u00e8 han de fer quan veuen una situaci\u00f3 d\u2019assetjament i els passos que hem de seguir son aquests:<\/p>\n<ul>\n<li><strong><u>Delegar<\/u><\/strong> responsabilitat sobre una persona adulta (pares, professor o policia).<\/li>\n<li><strong><u>Confrontar<\/u><\/strong> la persona agressora.<\/li>\n<li><strong><u>Donar suport<\/u><\/strong> a la v\u00edctima.<\/li>\n<\/ul>\n<p>De ben segur que la xerrada ha estat molt i molt profitosa.<\/p>\n<p>Gr\u00e0cies \u00c0lex<\/p>\n<p>Encarna Ca\u00f1ete<\/p>\n<p>Departament de Llengua castellana i literatura<\/p>\n","protected":false},"excerpt":{"rendered":"<p>Divendres 29 de setembre tots els cursos de primer d\u2019ESO van assistir a un taller-xerrada sobre el ciberassetjament impartit per un psic\u00f2leg del CAP, \u00c0lex Ortega.\u00a0 En una mena d\u2019entrevista r\u00e0pida i improvisada li hem demanat a l\u2019\u00c0lex que ens fes cinc c\u00e8ntims sobre el taller. Aqu\u00ed teniu les seves paraules: En qu\u00e8 consisteix el [&hellip;]<\/p>\n","protected":false},"author":4,"featured_media":0,"comment_status":"open","ping_status":"closed","sticky":false,"template":"","format":"standard","meta":{"_bbp_topic_count":0,"_bbp_reply_count":0,"_bbp_total_topic_count":0,"_bbp_total_reply_count":0,"_bbp_voice_count":0,"_bbp_anonymous_reply_count":0,"_bbp_topic_count_hidden":0,"_bbp_reply_count_hidden":0,"_bbp_forum_subforum_count":0,"site-sidebar-layout":"default","site-content-layout":"","ast-site-content-layout":"","site-content-style":"default","site-sidebar-style":"default","ast-global-header-display":"","ast-banner-title-visibility":"","ast-main-header-display":"","ast-hfb-above-header-display":"","ast-hfb-below-header-display":"","ast-hfb-mobile-header-display":"","site-post-title":"","ast-breadcrumbs-content":"","ast-featured-img":"","footer-sml-layout":"","theme-transparent-header-meta":"","adv-header-id-meta":"","stick-header-meta":"","header-above-stick-meta":"","header-main-stick-meta":"","header-below-stick-meta":"","astra-migrate-meta-layouts":"default","ast-page-background-enabled":"default","ast-page-background-meta":{"desktop":{"background-color":"var(--ast-global-color-4)","background-image":"","background-repeat":"repeat","background-position":"center center","background-size":"auto","background-attachment":"scroll","background-type":"","background-media":"","overlay-type":"","overlay-color":"","overlay-opacity":"","overlay-gradient":""},"tablet":{"background-color":"","background-image":"","background-repeat":"repeat","background-position":"center center","background-size":"auto","background-attachment":"scroll","background-type":"","background-media":"","overlay-type":"","overlay-color":"","overlay-opacity":"","overlay-gradient":""},"mobile":{"background-color":"","background-image":"","background-repeat":"repeat","background-position":"center center","background-size":"auto","background-attachment":"scroll","background-type":"","background-media":"","overlay-type":"","overlay-color":"","overlay-opacity":"","overlay-gradient":""}},"ast-content-background-meta":{"desktop":{"background-color":"var(--ast-global-color-5)","background-image":"","background-repeat":"repeat","background-position":"center center","background-size":"auto","background-attachment":"scroll","background-type":"","background-media":"","overlay-type":"","overlay-color":"","overlay-opacity":"","overlay-gradient":""},"tablet":{"background-color":"var(--ast-global-color-5)","background-image":"","background-repeat":"repeat","background-position":"center center","background-size":"auto","background-attachment":"scroll","background-type":"","background-media":"","overlay-type":"","overlay-color":"","overlay-opacity":"","overlay-gradient":""},"mobile":{"background-color":"var(--ast-global-color-5)","background-image":"","background-repeat":"repeat","background-position":"center center","background-size":"auto","background-attachment":"scroll","background-type":"","background-media":"","overlay-type":"","overlay-color":"","overlay-opacity":"","overlay-gradient":""}},"footnotes":""},"categories":[4,1,29],"tags":[166,189,190],"class_list":["post-2745","post","type-post","status-publish","format-standard","hentry","category-eso-1","category-general","category-portada","tag-1r-deso","tag-activitats","tag-tutoria"],"post_mailing_queue_ids":[],"_links":{"self":[{"href":"https:\/\/agora.xtec.cat\/iesllavaneres\/wp-json\/wp\/v2\/posts\/2745","targetHints":{"allow":["GET"]}}],"collection":[{"href":"https:\/\/agora.xtec.cat\/iesllavaneres\/wp-json\/wp\/v2\/posts"}],"about":[{"href":"https:\/\/agora.xtec.cat\/iesllavaneres\/wp-json\/wp\/v2\/types\/post"}],"author":[{"embeddable":true,"href":"https:\/\/agora.xtec.cat\/iesllavaneres\/wp-json\/wp\/v2\/users\/4"}],"replies":[{"embeddable":true,"href":"https:\/\/agora.xtec.cat\/iesllavaneres\/wp-json\/wp\/v2\/comments?post=2745"}],"version-history":[{"count":1,"href":"https:\/\/agora.xtec.cat\/iesllavaneres\/wp-json\/wp\/v2\/posts\/2745\/revisions"}],"predecessor-version":[{"id":2747,"href":"https:\/\/agora.xtec.cat\/iesllavaneres\/wp-json\/wp\/v2\/posts\/2745\/revisions\/2747"}],"wp:attachment":[{"href":"https:\/\/agora.xtec.cat\/iesllavaneres\/wp-json\/wp\/v2\/media?parent=2745"}],"wp:term":[{"taxonomy":"category","embeddable":true,"href":"https:\/\/agora.xtec.cat\/iesllavaneres\/wp-json\/wp\/v2\/categories?post=2745"},{"taxonomy":"post_tag","embeddable":true,"href":"https:\/\/agora.xtec.cat\/iesllavaneres\/wp-json\/wp\/v2\/tags?post=2745"}],"curies":[{"name":"wp","href":"https:\/\/api.w.org\/{rel}","templated":true}]}}