{"id":2742,"date":"2023-10-02T15:38:00","date_gmt":"2023-10-02T13:38:00","guid":{"rendered":"https:\/\/agora.xtec.cat\/iesllavaneres\/?p=2742"},"modified":"2023-10-02T15:38:00","modified_gmt":"2023-10-02T13:38:00","slug":"avis-important","status":"publish","type":"post","link":"https:\/\/agora.xtec.cat\/iesllavaneres\/general\/avis-important\/","title":{"rendered":"Av\u00eds important!"},"content":{"rendered":"<div><a href=\"https:\/\/agora.xtec.cat\/iesllavaneres\/wp-content\/uploads\/usu2229\/2023\/10\/cartell-zona-obres.jpg\"><img loading=\"lazy\" decoding=\"async\" class=\"wp-image-2743 alignleft\" src=\"https:\/\/agora.xtec.cat\/iesllavaneres\/wp-content\/uploads\/usu2229\/2023\/10\/cartell-zona-obres.jpg\" alt=\"\" width=\"308\" height=\"308\" srcset=\"https:\/\/agora.xtec.cat\/iesllavaneres\/wp-content\/uploads\/usu2229\/2023\/10\/cartell-zona-obres.jpg 600w, https:\/\/agora.xtec.cat\/iesllavaneres\/wp-content\/uploads\/usu2229\/2023\/10\/cartell-zona-obres-300x300.jpg 300w, https:\/\/agora.xtec.cat\/iesllavaneres\/wp-content\/uploads\/usu2229\/2023\/10\/cartell-zona-obres-150x150.jpg 150w\" sizes=\"auto, (max-width: 308px) 100vw, 308px\" \/><\/a><\/div>\n<div><strong>Atenci\u00f3 a les obres de l&#8217;entrada sud de l&#8217;institut!<\/strong><\/div>\n<div><\/div>\n<div>L&#8217;Ajuntament de Llavaneres informa que l&#8217;empresa subministradora d&#8217;Aigua Ter-Llobregat (ATL) portar\u00e0 a terme aquest mes d&#8217;octubre la substituci\u00f3 d&#8217;una canonada principal que travessa el nostre municipi. L&#8217;obra tindr\u00e0 <strong>afectacions en la circulaci\u00f3 vi\u00e0ria al Cam\u00ed de la Masia<\/strong>, per la qual cosa no es podr\u00e0 accedir des del sud a l&#8217;institut, en diferents dies.<\/div>\n<div>Es recomana l&#8217;acc\u00e9s al centre a trav\u00e9s de la carretera de Sant Vicen\u00e7, que tingueu en compte la demora temporal que poden suposar les acumulacions de vehicles a la rotonda i que circuleu amb agilitat per tal d&#8217;evitar-les. <strong>Recordeu tamb\u00e9 de no aturar-vos ni aparcar davant de l&#8217;entrada a l&#8217;institut per no obstaculitzar l&#8217;acc\u00e9s del personal i dels mateixos alumnes<\/strong>.<br \/>\n<i><\/i><\/div>\n","protected":false},"excerpt":{"rendered":"<p>Atenci\u00f3 a les obres de l&#8217;entrada sud de l&#8217;institut! L&#8217;Ajuntament de Llavaneres informa que l&#8217;empresa subministradora d&#8217;Aigua Ter-Llobregat (ATL) portar\u00e0 a terme aquest mes d&#8217;octubre la substituci\u00f3 d&#8217;una canonada principal que travessa el nostre municipi. L&#8217;obra tindr\u00e0 afectacions en la circulaci\u00f3 vi\u00e0ria al Cam\u00ed de la Masia, per la qual cosa no es podr\u00e0 accedir [&hellip;]<\/p>\n","protected":false},"author":4,"featured_media":0,"comment_status":"open","ping_status":"closed","sticky":false,"template":"","format":"standard","meta":{"_bbp_topic_count":0,"_bbp_reply_count":0,"_bbp_total_topic_count":0,"_bbp_total_reply_count":0,"_bbp_voice_count":0,"_bbp_anonymous_reply_count":0,"_bbp_topic_count_hidden":0,"_bbp_reply_count_hidden":0,"_bbp_forum_subforum_count":0,"site-sidebar-layout":"default","site-content-layout":"","ast-site-content-layout":"","site-content-style":"default","site-sidebar-style":"default","ast-global-header-display":"","ast-banner-title-visibility":"","ast-main-header-display":"","ast-hfb-above-header-display":"","ast-hfb-below-header-display":"","ast-hfb-mobile-header-display":"","site-post-title":"","ast-breadcrumbs-content":"","ast-featured-img":"","footer-sml-layout":"","theme-transparent-header-meta":"","adv-header-id-meta":"","stick-header-meta":"","header-above-stick-meta":"","header-main-stick-meta":"","header-below-stick-meta":"","astra-migrate-meta-layouts":"default","ast-page-background-enabled":"default","ast-page-background-meta":{"desktop":{"background-color":"var(--ast-global-color-4)","background-image":"","background-repeat":"repeat","background-position":"center center","background-size":"auto","background-attachment":"scroll","background-type":"","background-media":"","overlay-type":"","overlay-color":"","overlay-opacity":"","overlay-gradient":""},"tablet":{"background-color":"","background-image":"","background-repeat":"repeat","background-position":"center center","background-size":"auto","background-attachment":"scroll","background-type":"","background-media":"","overlay-type":"","overlay-color":"","overlay-opacity":"","overlay-gradient":""},"mobile":{"background-color":"","background-image":"","background-repeat":"repeat","background-position":"center center","background-size":"auto","background-attachment":"scroll","background-type":"","background-media":"","overlay-type":"","overlay-color":"","overlay-opacity":"","overlay-gradient":""}},"ast-content-background-meta":{"desktop":{"background-color":"var(--ast-global-color-5)","background-image":"","background-repeat":"repeat","background-position":"center center","background-size":"auto","background-attachment":"scroll","background-type":"","background-media":"","overlay-type":"","overlay-color":"","overlay-opacity":"","overlay-gradient":""},"tablet":{"background-color":"var(--ast-global-color-5)","background-image":"","background-repeat":"repeat","background-position":"center center","background-size":"auto","background-attachment":"scroll","background-type":"","background-media":"","overlay-type":"","overlay-color":"","overlay-opacity":"","overlay-gradient":""},"mobile":{"background-color":"var(--ast-global-color-5)","background-image":"","background-repeat":"repeat","background-position":"center center","background-size":"auto","background-attachment":"scroll","background-type":"","background-media":"","overlay-type":"","overlay-color":"","overlay-opacity":"","overlay-gradient":""}},"footnotes":""},"categories":[1,29],"tags":[],"class_list":["post-2742","post","type-post","status-publish","format-standard","hentry","category-general","category-portada"],"post_mailing_queue_ids":[],"_links":{"self":[{"href":"https:\/\/agora.xtec.cat\/iesllavaneres\/wp-json\/wp\/v2\/posts\/2742","targetHints":{"allow":["GET"]}}],"collection":[{"href":"https:\/\/agora.xtec.cat\/iesllavaneres\/wp-json\/wp\/v2\/posts"}],"about":[{"href":"https:\/\/agora.xtec.cat\/iesllavaneres\/wp-json\/wp\/v2\/types\/post"}],"author":[{"embeddable":true,"href":"https:\/\/agora.xtec.cat\/iesllavaneres\/wp-json\/wp\/v2\/users\/4"}],"replies":[{"embeddable":true,"href":"https:\/\/agora.xtec.cat\/iesllavaneres\/wp-json\/wp\/v2\/comments?post=2742"}],"version-history":[{"count":1,"href":"https:\/\/agora.xtec.cat\/iesllavaneres\/wp-json\/wp\/v2\/posts\/2742\/revisions"}],"predecessor-version":[{"id":2744,"href":"https:\/\/agora.xtec.cat\/iesllavaneres\/wp-json\/wp\/v2\/posts\/2742\/revisions\/2744"}],"wp:attachment":[{"href":"https:\/\/agora.xtec.cat\/iesllavaneres\/wp-json\/wp\/v2\/media?parent=2742"}],"wp:term":[{"taxonomy":"category","embeddable":true,"href":"https:\/\/agora.xtec.cat\/iesllavaneres\/wp-json\/wp\/v2\/categories?post=2742"},{"taxonomy":"post_tag","embeddable":true,"href":"https:\/\/agora.xtec.cat\/iesllavaneres\/wp-json\/wp\/v2\/tags?post=2742"}],"curies":[{"name":"wp","href":"https:\/\/api.w.org\/{rel}","templated":true}]}}