{"id":2732,"date":"2023-09-29T16:38:50","date_gmt":"2023-09-29T14:38:50","guid":{"rendered":"https:\/\/agora.xtec.cat\/iesllavaneres\/?p=2732"},"modified":"2023-09-29T21:24:26","modified_gmt":"2023-09-29T19:24:26","slug":"xerrada-per-a-families-comunicacio-emocional-autoestima","status":"publish","type":"post","link":"https:\/\/agora.xtec.cat\/iesllavaneres\/portada\/xerrada-per-a-families-comunicacio-emocional-autoestima\/","title":{"rendered":"Xerrada per a fam\u00edlies: Comunicaci\u00f3 emocional \/ Autoestima"},"content":{"rendered":"<p><img loading=\"lazy\" decoding=\"async\" class=\"CToWUd a6T aligncenter\" tabindex=\"0\" src=\"https:\/\/mail.google.com\/mail\/u\/0?ui=2&amp;ik=254a081379&amp;attid=0.1&amp;permmsgid=msg-f:1778353111658128436&amp;th=18adfabba197e434&amp;view=fimg&amp;fur=ip&amp;sz=s0-l75-ft&amp;attbid=ANGjdJ-hPMJC4DsCRGSIr14-Kz5DFQUfsDuJ9OmpWdhnKKMZPPT43A7UTeFL3W2qidW0EDOYQmQ_UsMU0mBN9zMiz2BgpliJFrL-TkJ4FeCxY_g7s1NBv-RzxP-GUlA&amp;disp=emb&amp;realattid=ii_ln48hh3i0\" alt=\"image.png\" width=\"319\" height=\"451\" data-image-whitelisted=\"\" data-bit=\"iit\" \/><\/p>\n<p>Bon dia.<\/p>\n<div>Us compartim el cartell informatiu de la xerrada promocionada per l&#8217;Ajuntament de Sant Andreu de Llavaneres en la secci\u00f3 &#8220;FORMA&#8217;T EN SALUT&#8221;.<\/div>\n<div>La tem\u00e0tica de la xerrada va especialment adre\u00e7ada a fam\u00edlies de joves i adolescents. Us animem a participar-hi!<\/div>\n<div><\/div>\n<div><b><i><u>&#8220;Comunicaci\u00f3 emocional, clau per a una bona autoestima&#8221;.<\/u><\/i><\/b><\/div>\n<div><\/div>\n<div>No us la perdeu!!!<\/div>\n<div><\/div>\n<div>Dept d&#8217;Orientaci\u00f3 \/ Equip Directiu<\/div>\n<div>Institut Llavaneres<\/div>\n<div>\n<p>&nbsp;<\/p>\n<\/div>\n","protected":false},"excerpt":{"rendered":"<p>Bon dia. Us compartim el cartell informatiu de la xerrada promocionada per l&#8217;Ajuntament de Sant Andreu de Llavaneres en la secci\u00f3 &#8220;FORMA&#8217;T EN SALUT&#8221;. La tem\u00e0tica de la xerrada va especialment adre\u00e7ada a fam\u00edlies de joves i adolescents. Us animem a participar-hi! &#8220;Comunicaci\u00f3 emocional, clau per a una bona autoestima&#8221;. No us la perdeu!!! Dept [&hellip;]<\/p>\n","protected":false},"author":7,"featured_media":2740,"comment_status":"open","ping_status":"closed","sticky":false,"template":"","format":"standard","meta":{"_bbp_topic_count":0,"_bbp_reply_count":0,"_bbp_total_topic_count":0,"_bbp_total_reply_count":0,"_bbp_voice_count":0,"_bbp_anonymous_reply_count":0,"_bbp_topic_count_hidden":0,"_bbp_reply_count_hidden":0,"_bbp_forum_subforum_count":0,"site-sidebar-layout":"default","site-content-layout":"","ast-site-content-layout":"","site-content-style":"default","site-sidebar-style":"default","ast-global-header-display":"","ast-banner-title-visibility":"","ast-main-header-display":"","ast-hfb-above-header-display":"","ast-hfb-below-header-display":"","ast-hfb-mobile-header-display":"","site-post-title":"","ast-breadcrumbs-content":"","ast-featured-img":"","footer-sml-layout":"","theme-transparent-header-meta":"","adv-header-id-meta":"","stick-header-meta":"","header-above-stick-meta":"","header-main-stick-meta":"","header-below-stick-meta":"","astra-migrate-meta-layouts":"default","ast-page-background-enabled":"default","ast-page-background-meta":{"desktop":{"background-color":"var(--ast-global-color-4)","background-image":"","background-repeat":"repeat","background-position":"center center","background-size":"auto","background-attachment":"scroll","background-type":"","background-media":"","overlay-type":"","overlay-color":"","overlay-opacity":"","overlay-gradient":""},"tablet":{"background-color":"","background-image":"","background-repeat":"repeat","background-position":"center center","background-size":"auto","background-attachment":"scroll","background-type":"","background-media":"","overlay-type":"","overlay-color":"","overlay-opacity":"","overlay-gradient":""},"mobile":{"background-color":"","background-image":"","background-repeat":"repeat","background-position":"center center","background-size":"auto","background-attachment":"scroll","background-type":"","background-media":"","overlay-type":"","overlay-color":"","overlay-opacity":"","overlay-gradient":""}},"ast-content-background-meta":{"desktop":{"background-color":"var(--ast-global-color-5)","background-image":"","background-repeat":"repeat","background-position":"center center","background-size":"auto","background-attachment":"scroll","background-type":"","background-media":"","overlay-type":"","overlay-color":"","overlay-opacity":"","overlay-gradient":""},"tablet":{"background-color":"var(--ast-global-color-5)","background-image":"","background-repeat":"repeat","background-position":"center center","background-size":"auto","background-attachment":"scroll","background-type":"","background-media":"","overlay-type":"","overlay-color":"","overlay-opacity":"","overlay-gradient":""},"mobile":{"background-color":"var(--ast-global-color-5)","background-image":"","background-repeat":"repeat","background-position":"center center","background-size":"auto","background-attachment":"scroll","background-type":"","background-media":"","overlay-type":"","overlay-color":"","overlay-opacity":"","overlay-gradient":""}},"footnotes":""},"categories":[29],"tags":[],"class_list":["post-2732","post","type-post","status-publish","format-standard","has-post-thumbnail","hentry","category-portada"],"post_mailing_queue_ids":[],"_links":{"self":[{"href":"https:\/\/agora.xtec.cat\/iesllavaneres\/wp-json\/wp\/v2\/posts\/2732","targetHints":{"allow":["GET"]}}],"collection":[{"href":"https:\/\/agora.xtec.cat\/iesllavaneres\/wp-json\/wp\/v2\/posts"}],"about":[{"href":"https:\/\/agora.xtec.cat\/iesllavaneres\/wp-json\/wp\/v2\/types\/post"}],"author":[{"embeddable":true,"href":"https:\/\/agora.xtec.cat\/iesllavaneres\/wp-json\/wp\/v2\/users\/7"}],"replies":[{"embeddable":true,"href":"https:\/\/agora.xtec.cat\/iesllavaneres\/wp-json\/wp\/v2\/comments?post=2732"}],"version-history":[{"count":6,"href":"https:\/\/agora.xtec.cat\/iesllavaneres\/wp-json\/wp\/v2\/posts\/2732\/revisions"}],"predecessor-version":[{"id":2739,"href":"https:\/\/agora.xtec.cat\/iesllavaneres\/wp-json\/wp\/v2\/posts\/2732\/revisions\/2739"}],"wp:featuredmedia":[{"embeddable":true,"href":"https:\/\/agora.xtec.cat\/iesllavaneres\/wp-json\/wp\/v2\/media\/2740"}],"wp:attachment":[{"href":"https:\/\/agora.xtec.cat\/iesllavaneres\/wp-json\/wp\/v2\/media?parent=2732"}],"wp:term":[{"taxonomy":"category","embeddable":true,"href":"https:\/\/agora.xtec.cat\/iesllavaneres\/wp-json\/wp\/v2\/categories?post=2732"},{"taxonomy":"post_tag","embeddable":true,"href":"https:\/\/agora.xtec.cat\/iesllavaneres\/wp-json\/wp\/v2\/tags?post=2732"}],"curies":[{"name":"wp","href":"https:\/\/api.w.org\/{rel}","templated":true}]}}