{"id":2423,"date":"2023-06-15T08:38:45","date_gmt":"2023-06-15T06:38:45","guid":{"rendered":"https:\/\/agora.xtec.cat\/iesllavaneres\/?p=2423"},"modified":"2023-06-15T08:39:28","modified_gmt":"2023-06-15T06:39:28","slug":"land-art-de-1r-deso","status":"publish","type":"post","link":"https:\/\/agora.xtec.cat\/iesllavaneres\/general\/land-art-de-1r-deso\/","title":{"rendered":"Land Art de 1r d&#8217;ESO"},"content":{"rendered":"<p>L&#8217;alumnat de 1r d&#8217;ESO que fa el treball de s\u00edntesi a l&#8217;institut ha creat les obres que podeu veure a les imatges. Aquestes segueixen el corrent art\u00edstic de Land Art, un concepte d&#8217;art ef\u00edmer que amaga un missatge relacionat amb la preservaci\u00f3 del planeta i de la vida.<\/p>\n<p>T\u00edtols de les obres:<br \/>\n\ud83d\udcf81. La vida<br \/>\n\ud83d\udcf82. L\u2019escala<br \/>\n\ud83d\udcf83. Geometria natural<br \/>\n\ud83d\udcf84. Aspiracions de la vida<\/p>\n<figure id=\"attachment_2424\" aria-describedby=\"caption-attachment-2424\" style=\"width: 763px\" class=\"wp-caption alignnone\"><a href=\"https:\/\/agora.xtec.cat\/iesllavaneres\/wp-content\/uploads\/usu2229\/2023\/06\/IMG_1103.jpeg\"><img loading=\"lazy\" decoding=\"async\" class=\"wp-image-2424 size-large\" src=\"https:\/\/agora.xtec.cat\/iesllavaneres\/wp-content\/uploads\/usu2229\/2023\/06\/IMG_1103-763x1024.jpeg\" alt=\"La vida\" width=\"763\" height=\"1024\" srcset=\"https:\/\/agora.xtec.cat\/iesllavaneres\/wp-content\/uploads\/usu2229\/2023\/06\/IMG_1103-763x1024.jpeg 763w, https:\/\/agora.xtec.cat\/iesllavaneres\/wp-content\/uploads\/usu2229\/2023\/06\/IMG_1103-223x300.jpeg 223w, https:\/\/agora.xtec.cat\/iesllavaneres\/wp-content\/uploads\/usu2229\/2023\/06\/IMG_1103-768x1031.jpeg 768w, https:\/\/agora.xtec.cat\/iesllavaneres\/wp-content\/uploads\/usu2229\/2023\/06\/IMG_1103.jpeg 809w\" sizes=\"auto, (max-width: 763px) 100vw, 763px\" \/><\/a><figcaption id=\"caption-attachment-2424\" class=\"wp-caption-text\">La vida<\/figcaption><\/figure>\n<figure id=\"attachment_2425\" aria-describedby=\"caption-attachment-2425\" style=\"width: 781px\" class=\"wp-caption alignnone\"><a href=\"https:\/\/agora.xtec.cat\/iesllavaneres\/wp-content\/uploads\/usu2229\/2023\/06\/IMG_1104.jpeg\"><img loading=\"lazy\" decoding=\"async\" class=\"wp-image-2425 size-large\" src=\"https:\/\/agora.xtec.cat\/iesllavaneres\/wp-content\/uploads\/usu2229\/2023\/06\/IMG_1104-781x1024.jpeg\" alt=\"L'escala\" width=\"781\" height=\"1024\" srcset=\"https:\/\/agora.xtec.cat\/iesllavaneres\/wp-content\/uploads\/usu2229\/2023\/06\/IMG_1104-781x1024.jpeg 781w, https:\/\/agora.xtec.cat\/iesllavaneres\/wp-content\/uploads\/usu2229\/2023\/06\/IMG_1104-229x300.jpeg 229w, https:\/\/agora.xtec.cat\/iesllavaneres\/wp-content\/uploads\/usu2229\/2023\/06\/IMG_1104-768x1006.jpeg 768w, https:\/\/agora.xtec.cat\/iesllavaneres\/wp-content\/uploads\/usu2229\/2023\/06\/IMG_1104.jpeg 828w\" sizes=\"auto, (max-width: 781px) 100vw, 781px\" \/><\/a><figcaption id=\"caption-attachment-2425\" class=\"wp-caption-text\">L&#8217;escala<\/figcaption><\/figure>\n<figure id=\"attachment_2426\" aria-describedby=\"caption-attachment-2426\" style=\"width: 793px\" class=\"wp-caption alignnone\"><a href=\"https:\/\/agora.xtec.cat\/iesllavaneres\/wp-content\/uploads\/usu2229\/2023\/06\/IMG_1105.jpeg\"><img loading=\"lazy\" decoding=\"async\" class=\"wp-image-2426 size-large\" src=\"https:\/\/agora.xtec.cat\/iesllavaneres\/wp-content\/uploads\/usu2229\/2023\/06\/IMG_1105-793x1024.jpeg\" alt=\"\" width=\"793\" height=\"1024\" srcset=\"https:\/\/agora.xtec.cat\/iesllavaneres\/wp-content\/uploads\/usu2229\/2023\/06\/IMG_1105-793x1024.jpeg 793w, https:\/\/agora.xtec.cat\/iesllavaneres\/wp-content\/uploads\/usu2229\/2023\/06\/IMG_1105-232x300.jpeg 232w, https:\/\/agora.xtec.cat\/iesllavaneres\/wp-content\/uploads\/usu2229\/2023\/06\/IMG_1105-768x992.jpeg 768w, https:\/\/agora.xtec.cat\/iesllavaneres\/wp-content\/uploads\/usu2229\/2023\/06\/IMG_1105.jpeg 828w\" sizes=\"auto, (max-width: 793px) 100vw, 793px\" \/><\/a><figcaption id=\"caption-attachment-2426\" class=\"wp-caption-text\">Geometria natural<\/figcaption><\/figure>\n<figure id=\"attachment_2427\" aria-describedby=\"caption-attachment-2427\" style=\"width: 787px\" class=\"wp-caption alignnone\"><a href=\"https:\/\/agora.xtec.cat\/iesllavaneres\/wp-content\/uploads\/usu2229\/2023\/06\/IMG_1106.jpeg\"><img loading=\"lazy\" decoding=\"async\" class=\"wp-image-2427 size-large\" src=\"https:\/\/agora.xtec.cat\/iesllavaneres\/wp-content\/uploads\/usu2229\/2023\/06\/IMG_1106-787x1024.jpeg\" alt=\"\" width=\"787\" height=\"1024\" srcset=\"https:\/\/agora.xtec.cat\/iesllavaneres\/wp-content\/uploads\/usu2229\/2023\/06\/IMG_1106-787x1024.jpeg 787w, https:\/\/agora.xtec.cat\/iesllavaneres\/wp-content\/uploads\/usu2229\/2023\/06\/IMG_1106-231x300.jpeg 231w, https:\/\/agora.xtec.cat\/iesllavaneres\/wp-content\/uploads\/usu2229\/2023\/06\/IMG_1106-768x999.jpeg 768w, https:\/\/agora.xtec.cat\/iesllavaneres\/wp-content\/uploads\/usu2229\/2023\/06\/IMG_1106.jpeg 828w\" sizes=\"auto, (max-width: 787px) 100vw, 787px\" \/><\/a><figcaption id=\"caption-attachment-2427\" class=\"wp-caption-text\">Aspiracions de la vida<\/figcaption><\/figure>\n<p>&nbsp;<\/p>\n<p>&nbsp;<\/p>\n","protected":false},"excerpt":{"rendered":"<p>L&#8217;alumnat de 1r d&#8217;ESO que fa el treball de s\u00edntesi a l&#8217;institut ha creat les obres que podeu veure a les imatges. Aquestes segueixen el corrent art\u00edstic de Land Art, un concepte d&#8217;art ef\u00edmer que amaga un missatge relacionat amb la preservaci\u00f3 del planeta i de la vida. T\u00edtols de les obres: \ud83d\udcf81. La vida [&hellip;]<\/p>\n","protected":false},"author":4,"featured_media":2427,"comment_status":"open","ping_status":"closed","sticky":false,"template":"","format":"standard","meta":{"_bbp_topic_count":0,"_bbp_reply_count":0,"_bbp_total_topic_count":0,"_bbp_total_reply_count":0,"_bbp_voice_count":0,"_bbp_anonymous_reply_count":0,"_bbp_topic_count_hidden":0,"_bbp_reply_count_hidden":0,"_bbp_forum_subforum_count":0,"site-sidebar-layout":"default","site-content-layout":"","ast-site-content-layout":"","site-content-style":"default","site-sidebar-style":"default","ast-global-header-display":"","ast-banner-title-visibility":"","ast-main-header-display":"","ast-hfb-above-header-display":"","ast-hfb-below-header-display":"","ast-hfb-mobile-header-display":"","site-post-title":"","ast-breadcrumbs-content":"","ast-featured-img":"","footer-sml-layout":"","theme-transparent-header-meta":"","adv-header-id-meta":"","stick-header-meta":"","header-above-stick-meta":"","header-main-stick-meta":"","header-below-stick-meta":"","astra-migrate-meta-layouts":"default","ast-page-background-enabled":"default","ast-page-background-meta":{"desktop":{"background-color":"var(--ast-global-color-4)","background-image":"","background-repeat":"repeat","background-position":"center center","background-size":"auto","background-attachment":"scroll","background-type":"","background-media":"","overlay-type":"","overlay-color":"","overlay-opacity":"","overlay-gradient":""},"tablet":{"background-color":"","background-image":"","background-repeat":"repeat","background-position":"center center","background-size":"auto","background-attachment":"scroll","background-type":"","background-media":"","overlay-type":"","overlay-color":"","overlay-opacity":"","overlay-gradient":""},"mobile":{"background-color":"","background-image":"","background-repeat":"repeat","background-position":"center center","background-size":"auto","background-attachment":"scroll","background-type":"","background-media":"","overlay-type":"","overlay-color":"","overlay-opacity":"","overlay-gradient":""}},"ast-content-background-meta":{"desktop":{"background-color":"var(--ast-global-color-5)","background-image":"","background-repeat":"repeat","background-position":"center center","background-size":"auto","background-attachment":"scroll","background-type":"","background-media":"","overlay-type":"","overlay-color":"","overlay-opacity":"","overlay-gradient":""},"tablet":{"background-color":"var(--ast-global-color-5)","background-image":"","background-repeat":"repeat","background-position":"center center","background-size":"auto","background-attachment":"scroll","background-type":"","background-media":"","overlay-type":"","overlay-color":"","overlay-opacity":"","overlay-gradient":""},"mobile":{"background-color":"var(--ast-global-color-5)","background-image":"","background-repeat":"repeat","background-position":"center center","background-size":"auto","background-attachment":"scroll","background-type":"","background-media":"","overlay-type":"","overlay-color":"","overlay-opacity":"","overlay-gradient":""}},"footnotes":""},"categories":[4,1,29],"tags":[166,179],"class_list":["post-2423","post","type-post","status-publish","format-standard","has-post-thumbnail","hentry","category-eso-1","category-general","category-portada","tag-1r-deso","tag-treball-de-sintesi"],"post_mailing_queue_ids":[],"_links":{"self":[{"href":"https:\/\/agora.xtec.cat\/iesllavaneres\/wp-json\/wp\/v2\/posts\/2423","targetHints":{"allow":["GET"]}}],"collection":[{"href":"https:\/\/agora.xtec.cat\/iesllavaneres\/wp-json\/wp\/v2\/posts"}],"about":[{"href":"https:\/\/agora.xtec.cat\/iesllavaneres\/wp-json\/wp\/v2\/types\/post"}],"author":[{"embeddable":true,"href":"https:\/\/agora.xtec.cat\/iesllavaneres\/wp-json\/wp\/v2\/users\/4"}],"replies":[{"embeddable":true,"href":"https:\/\/agora.xtec.cat\/iesllavaneres\/wp-json\/wp\/v2\/comments?post=2423"}],"version-history":[{"count":2,"href":"https:\/\/agora.xtec.cat\/iesllavaneres\/wp-json\/wp\/v2\/posts\/2423\/revisions"}],"predecessor-version":[{"id":2430,"href":"https:\/\/agora.xtec.cat\/iesllavaneres\/wp-json\/wp\/v2\/posts\/2423\/revisions\/2430"}],"wp:featuredmedia":[{"embeddable":true,"href":"https:\/\/agora.xtec.cat\/iesllavaneres\/wp-json\/wp\/v2\/media\/2427"}],"wp:attachment":[{"href":"https:\/\/agora.xtec.cat\/iesllavaneres\/wp-json\/wp\/v2\/media?parent=2423"}],"wp:term":[{"taxonomy":"category","embeddable":true,"href":"https:\/\/agora.xtec.cat\/iesllavaneres\/wp-json\/wp\/v2\/categories?post=2423"},{"taxonomy":"post_tag","embeddable":true,"href":"https:\/\/agora.xtec.cat\/iesllavaneres\/wp-json\/wp\/v2\/tags?post=2423"}],"curies":[{"name":"wp","href":"https:\/\/api.w.org\/{rel}","templated":true}]}}