{"id":2347,"date":"2023-05-31T09:39:40","date_gmt":"2023-05-31T07:39:40","guid":{"rendered":"https:\/\/agora.xtec.cat\/iesllavaneres\/?p=2347"},"modified":"2023-05-31T09:39:40","modified_gmt":"2023-05-31T07:39:40","slug":"lalumnat-de-4t-presenta-lexposicio-qart23","status":"publish","type":"post","link":"https:\/\/agora.xtec.cat\/iesllavaneres\/general\/lalumnat-de-4t-presenta-lexposicio-qart23\/","title":{"rendered":"L\u2019alumnat de 4t presenta l\u2019exposici\u00f3 QART23"},"content":{"rendered":"<p>Inaugurem l&#8217;exposici\u00f3 &#8220;QART22&#8221; amb obres de l&#8217;alumnat de Visual i Pl\u00e0stica de 4t d&#8217;ESO. \ud83c\udfa8<\/p>\n<p>Inauguraci\u00f3:<br \/>\n\ud83d\uddd3\ufe0fDijous 1 de juny<br \/>\n\ud83d\udccdMuseu Arxiu de Llavaneres, Can Caralt.<\/p>\n<p>\ud83d\uddd3\ufe0fHoraris:<br \/>\n&#8211; Dimecres-Divendres de 17 a 20h<br \/>\n&#8211; Dissabtes d\u201911 a 14h i de 17 a 20h<br \/>\n&#8211; Diumenges i festius d\u201911 a 14h<\/p>\n<p><a href=\"https:\/\/agora.xtec.cat\/iesllavaneres\/wp-content\/uploads\/usu2229\/2023\/05\/IMG_0816.jpeg\"><img loading=\"lazy\" decoding=\"async\" class=\"alignnone size-large wp-image-2348\" src=\"https:\/\/agora.xtec.cat\/iesllavaneres\/wp-content\/uploads\/usu2229\/2023\/05\/IMG_0816-734x1024.jpeg\" alt=\"\" width=\"734\" height=\"1024\" srcset=\"https:\/\/agora.xtec.cat\/iesllavaneres\/wp-content\/uploads\/usu2229\/2023\/05\/IMG_0816-734x1024.jpeg 734w, https:\/\/agora.xtec.cat\/iesllavaneres\/wp-content\/uploads\/usu2229\/2023\/05\/IMG_0816-215x300.jpeg 215w, https:\/\/agora.xtec.cat\/iesllavaneres\/wp-content\/uploads\/usu2229\/2023\/05\/IMG_0816-768x1071.jpeg 768w, https:\/\/agora.xtec.cat\/iesllavaneres\/wp-content\/uploads\/usu2229\/2023\/05\/IMG_0816.jpeg 828w\" sizes=\"auto, (max-width: 734px) 100vw, 734px\" \/><\/a><\/p>\n","protected":false},"excerpt":{"rendered":"<p>Inaugurem l&#8217;exposici\u00f3 &#8220;QART22&#8221; amb obres de l&#8217;alumnat de Visual i Pl\u00e0stica de 4t d&#8217;ESO. \ud83c\udfa8 Inauguraci\u00f3: \ud83d\uddd3\ufe0fDijous 1 de juny \ud83d\udccdMuseu Arxiu de Llavaneres, Can Caralt. \ud83d\uddd3\ufe0fHoraris: &#8211; Dimecres-Divendres de 17 a 20h &#8211; Dissabtes d\u201911 a 14h i de 17 a 20h &#8211; Diumenges i festius d\u201911 a 14h<\/p>\n","protected":false},"author":4,"featured_media":2348,"comment_status":"open","ping_status":"closed","sticky":false,"template":"","format":"standard","meta":{"_bbp_topic_count":0,"_bbp_reply_count":0,"_bbp_total_topic_count":0,"_bbp_total_reply_count":0,"_bbp_voice_count":0,"_bbp_anonymous_reply_count":0,"_bbp_topic_count_hidden":0,"_bbp_reply_count_hidden":0,"_bbp_forum_subforum_count":0,"site-sidebar-layout":"default","site-content-layout":"","ast-site-content-layout":"","site-content-style":"default","site-sidebar-style":"default","ast-global-header-display":"","ast-banner-title-visibility":"","ast-main-header-display":"","ast-hfb-above-header-display":"","ast-hfb-below-header-display":"","ast-hfb-mobile-header-display":"","site-post-title":"","ast-breadcrumbs-content":"","ast-featured-img":"","footer-sml-layout":"","theme-transparent-header-meta":"","adv-header-id-meta":"","stick-header-meta":"","header-above-stick-meta":"","header-main-stick-meta":"","header-below-stick-meta":"","astra-migrate-meta-layouts":"default","ast-page-background-enabled":"default","ast-page-background-meta":{"desktop":{"background-color":"var(--ast-global-color-4)","background-image":"","background-repeat":"repeat","background-position":"center center","background-size":"auto","background-attachment":"scroll","background-type":"","background-media":"","overlay-type":"","overlay-color":"","overlay-opacity":"","overlay-gradient":""},"tablet":{"background-color":"","background-image":"","background-repeat":"repeat","background-position":"center center","background-size":"auto","background-attachment":"scroll","background-type":"","background-media":"","overlay-type":"","overlay-color":"","overlay-opacity":"","overlay-gradient":""},"mobile":{"background-color":"","background-image":"","background-repeat":"repeat","background-position":"center center","background-size":"auto","background-attachment":"scroll","background-type":"","background-media":"","overlay-type":"","overlay-color":"","overlay-opacity":"","overlay-gradient":""}},"ast-content-background-meta":{"desktop":{"background-color":"var(--ast-global-color-5)","background-image":"","background-repeat":"repeat","background-position":"center center","background-size":"auto","background-attachment":"scroll","background-type":"","background-media":"","overlay-type":"","overlay-color":"","overlay-opacity":"","overlay-gradient":""},"tablet":{"background-color":"var(--ast-global-color-5)","background-image":"","background-repeat":"repeat","background-position":"center center","background-size":"auto","background-attachment":"scroll","background-type":"","background-media":"","overlay-type":"","overlay-color":"","overlay-opacity":"","overlay-gradient":""},"mobile":{"background-color":"var(--ast-global-color-5)","background-image":"","background-repeat":"repeat","background-position":"center center","background-size":"auto","background-attachment":"scroll","background-type":"","background-media":"","overlay-type":"","overlay-color":"","overlay-opacity":"","overlay-gradient":""}},"footnotes":""},"categories":[7,1,29],"tags":[120,104],"class_list":["post-2347","post","type-post","status-publish","format-standard","has-post-thumbnail","hentry","category-eso-4","category-general","category-portada","tag-4t-deso","tag-visual-i-plastica"],"post_mailing_queue_ids":[],"_links":{"self":[{"href":"https:\/\/agora.xtec.cat\/iesllavaneres\/wp-json\/wp\/v2\/posts\/2347","targetHints":{"allow":["GET"]}}],"collection":[{"href":"https:\/\/agora.xtec.cat\/iesllavaneres\/wp-json\/wp\/v2\/posts"}],"about":[{"href":"https:\/\/agora.xtec.cat\/iesllavaneres\/wp-json\/wp\/v2\/types\/post"}],"author":[{"embeddable":true,"href":"https:\/\/agora.xtec.cat\/iesllavaneres\/wp-json\/wp\/v2\/users\/4"}],"replies":[{"embeddable":true,"href":"https:\/\/agora.xtec.cat\/iesllavaneres\/wp-json\/wp\/v2\/comments?post=2347"}],"version-history":[{"count":1,"href":"https:\/\/agora.xtec.cat\/iesllavaneres\/wp-json\/wp\/v2\/posts\/2347\/revisions"}],"predecessor-version":[{"id":2349,"href":"https:\/\/agora.xtec.cat\/iesllavaneres\/wp-json\/wp\/v2\/posts\/2347\/revisions\/2349"}],"wp:featuredmedia":[{"embeddable":true,"href":"https:\/\/agora.xtec.cat\/iesllavaneres\/wp-json\/wp\/v2\/media\/2348"}],"wp:attachment":[{"href":"https:\/\/agora.xtec.cat\/iesllavaneres\/wp-json\/wp\/v2\/media?parent=2347"}],"wp:term":[{"taxonomy":"category","embeddable":true,"href":"https:\/\/agora.xtec.cat\/iesllavaneres\/wp-json\/wp\/v2\/categories?post=2347"},{"taxonomy":"post_tag","embeddable":true,"href":"https:\/\/agora.xtec.cat\/iesllavaneres\/wp-json\/wp\/v2\/tags?post=2347"}],"curies":[{"name":"wp","href":"https:\/\/api.w.org\/{rel}","templated":true}]}}