{"id":2323,"date":"2023-05-15T15:28:01","date_gmt":"2023-05-15T13:28:01","guid":{"rendered":"https:\/\/agora.xtec.cat\/iesllavaneres\/?p=2323"},"modified":"2023-05-15T15:28:01","modified_gmt":"2023-05-15T13:28:01","slug":"participacio-de-linstitut-al-dia-mundial-dels-museus","status":"publish","type":"post","link":"https:\/\/agora.xtec.cat\/iesllavaneres\/general\/participacio-de-linstitut-al-dia-mundial-dels-museus\/","title":{"rendered":"Participaci\u00f3 de l\u2019institut al Dia Mundial dels Museus"},"content":{"rendered":"<p>Amb motiu del Dia Mundial dels Museus, alumnat de segon cicle de l&#8217;ESO va presentar aquest dissabte a Can Caralt les sis obres de nova adquisici\u00f3 del museu. L&#8217;alumnat que va presentar-les s\u00f3n la Bianca Grossi, la Marta Giralt, en Pau Borromeo, la Carla Calvo, en Joan Ruiz i la Laia Xifr\u00e9.<\/p>\n<p><a href=\"https:\/\/agora.xtec.cat\/iesllavaneres\/wp-content\/uploads\/usu2229\/2023\/05\/8341e833-0d9c-4e7e-9c52-4087c45b6bd2.jpeg\"><img loading=\"lazy\" decoding=\"async\" class=\"alignnone size-large wp-image-2324\" src=\"https:\/\/agora.xtec.cat\/iesllavaneres\/wp-content\/uploads\/usu2229\/2023\/05\/8341e833-0d9c-4e7e-9c52-4087c45b6bd2-1024x698.jpeg\" alt=\"\" width=\"1024\" height=\"698\" srcset=\"https:\/\/agora.xtec.cat\/iesllavaneres\/wp-content\/uploads\/usu2229\/2023\/05\/8341e833-0d9c-4e7e-9c52-4087c45b6bd2-1024x698.jpeg 1024w, https:\/\/agora.xtec.cat\/iesllavaneres\/wp-content\/uploads\/usu2229\/2023\/05\/8341e833-0d9c-4e7e-9c52-4087c45b6bd2-300x204.jpeg 300w, https:\/\/agora.xtec.cat\/iesllavaneres\/wp-content\/uploads\/usu2229\/2023\/05\/8341e833-0d9c-4e7e-9c52-4087c45b6bd2-768x523.jpeg 768w, https:\/\/agora.xtec.cat\/iesllavaneres\/wp-content\/uploads\/usu2229\/2023\/05\/8341e833-0d9c-4e7e-9c52-4087c45b6bd2-1536x1046.jpeg 1536w, https:\/\/agora.xtec.cat\/iesllavaneres\/wp-content\/uploads\/usu2229\/2023\/05\/8341e833-0d9c-4e7e-9c52-4087c45b6bd2.jpeg 2048w\" sizes=\"auto, (max-width: 1024px) 100vw, 1024px\" \/><\/a> <a href=\"https:\/\/agora.xtec.cat\/iesllavaneres\/wp-content\/uploads\/usu2229\/2023\/05\/86f39fc7-e851-4d00-98b8-21b5ca1af42a.jpeg\"><img loading=\"lazy\" decoding=\"async\" class=\"alignnone size-large wp-image-2325\" src=\"https:\/\/agora.xtec.cat\/iesllavaneres\/wp-content\/uploads\/usu2229\/2023\/05\/86f39fc7-e851-4d00-98b8-21b5ca1af42a-1024x820.jpeg\" alt=\"\" width=\"1024\" height=\"820\" srcset=\"https:\/\/agora.xtec.cat\/iesllavaneres\/wp-content\/uploads\/usu2229\/2023\/05\/86f39fc7-e851-4d00-98b8-21b5ca1af42a-1024x820.jpeg 1024w, https:\/\/agora.xtec.cat\/iesllavaneres\/wp-content\/uploads\/usu2229\/2023\/05\/86f39fc7-e851-4d00-98b8-21b5ca1af42a-300x240.jpeg 300w, https:\/\/agora.xtec.cat\/iesllavaneres\/wp-content\/uploads\/usu2229\/2023\/05\/86f39fc7-e851-4d00-98b8-21b5ca1af42a-768x615.jpeg 768w, https:\/\/agora.xtec.cat\/iesllavaneres\/wp-content\/uploads\/usu2229\/2023\/05\/86f39fc7-e851-4d00-98b8-21b5ca1af42a-1536x1230.jpeg 1536w, https:\/\/agora.xtec.cat\/iesllavaneres\/wp-content\/uploads\/usu2229\/2023\/05\/86f39fc7-e851-4d00-98b8-21b5ca1af42a.jpeg 1873w\" sizes=\"auto, (max-width: 1024px) 100vw, 1024px\" \/><\/a> <a href=\"https:\/\/agora.xtec.cat\/iesllavaneres\/wp-content\/uploads\/usu2229\/2023\/05\/cc7eb592-0f8e-483a-96d8-bb8f765f763a.jpeg\"><img loading=\"lazy\" decoding=\"async\" class=\"alignnone size-large wp-image-2326\" src=\"https:\/\/agora.xtec.cat\/iesllavaneres\/wp-content\/uploads\/usu2229\/2023\/05\/cc7eb592-0f8e-483a-96d8-bb8f765f763a-982x1024.jpeg\" alt=\"\" width=\"982\" height=\"1024\" srcset=\"https:\/\/agora.xtec.cat\/iesllavaneres\/wp-content\/uploads\/usu2229\/2023\/05\/cc7eb592-0f8e-483a-96d8-bb8f765f763a-982x1024.jpeg 982w, https:\/\/agora.xtec.cat\/iesllavaneres\/wp-content\/uploads\/usu2229\/2023\/05\/cc7eb592-0f8e-483a-96d8-bb8f765f763a-288x300.jpeg 288w, https:\/\/agora.xtec.cat\/iesllavaneres\/wp-content\/uploads\/usu2229\/2023\/05\/cc7eb592-0f8e-483a-96d8-bb8f765f763a-768x801.jpeg 768w, https:\/\/agora.xtec.cat\/iesllavaneres\/wp-content\/uploads\/usu2229\/2023\/05\/cc7eb592-0f8e-483a-96d8-bb8f765f763a-1473x1536.jpeg 1473w, https:\/\/agora.xtec.cat\/iesllavaneres\/wp-content\/uploads\/usu2229\/2023\/05\/cc7eb592-0f8e-483a-96d8-bb8f765f763a.jpeg 1695w\" sizes=\"auto, (max-width: 982px) 100vw, 982px\" \/><\/a><\/p>\n","protected":false},"excerpt":{"rendered":"<p>Amb motiu del Dia Mundial dels Museus, alumnat de segon cicle de l&#8217;ESO va presentar aquest dissabte a Can Caralt les sis obres de nova adquisici\u00f3 del museu. L&#8217;alumnat que va presentar-les s\u00f3n la Bianca Grossi, la Marta Giralt, en Pau Borromeo, la Carla Calvo, en Joan Ruiz i la Laia Xifr\u00e9.<\/p>\n","protected":false},"author":4,"featured_media":2324,"comment_status":"open","ping_status":"closed","sticky":false,"template":"","format":"standard","meta":{"_bbp_topic_count":0,"_bbp_reply_count":0,"_bbp_total_topic_count":0,"_bbp_total_reply_count":0,"_bbp_voice_count":0,"_bbp_anonymous_reply_count":0,"_bbp_topic_count_hidden":0,"_bbp_reply_count_hidden":0,"_bbp_forum_subforum_count":0,"site-sidebar-layout":"default","site-content-layout":"","ast-site-content-layout":"","site-content-style":"default","site-sidebar-style":"default","ast-global-header-display":"","ast-banner-title-visibility":"","ast-main-header-display":"","ast-hfb-above-header-display":"","ast-hfb-below-header-display":"","ast-hfb-mobile-header-display":"","site-post-title":"","ast-breadcrumbs-content":"","ast-featured-img":"","footer-sml-layout":"","theme-transparent-header-meta":"","adv-header-id-meta":"","stick-header-meta":"","header-above-stick-meta":"","header-main-stick-meta":"","header-below-stick-meta":"","astra-migrate-meta-layouts":"default","ast-page-background-enabled":"default","ast-page-background-meta":{"desktop":{"background-color":"var(--ast-global-color-4)","background-image":"","background-repeat":"repeat","background-position":"center center","background-size":"auto","background-attachment":"scroll","background-type":"","background-media":"","overlay-type":"","overlay-color":"","overlay-opacity":"","overlay-gradient":""},"tablet":{"background-color":"","background-image":"","background-repeat":"repeat","background-position":"center center","background-size":"auto","background-attachment":"scroll","background-type":"","background-media":"","overlay-type":"","overlay-color":"","overlay-opacity":"","overlay-gradient":""},"mobile":{"background-color":"","background-image":"","background-repeat":"repeat","background-position":"center center","background-size":"auto","background-attachment":"scroll","background-type":"","background-media":"","overlay-type":"","overlay-color":"","overlay-opacity":"","overlay-gradient":""}},"ast-content-background-meta":{"desktop":{"background-color":"var(--ast-global-color-5)","background-image":"","background-repeat":"repeat","background-position":"center center","background-size":"auto","background-attachment":"scroll","background-type":"","background-media":"","overlay-type":"","overlay-color":"","overlay-opacity":"","overlay-gradient":""},"tablet":{"background-color":"var(--ast-global-color-5)","background-image":"","background-repeat":"repeat","background-position":"center center","background-size":"auto","background-attachment":"scroll","background-type":"","background-media":"","overlay-type":"","overlay-color":"","overlay-opacity":"","overlay-gradient":""},"mobile":{"background-color":"var(--ast-global-color-5)","background-image":"","background-repeat":"repeat","background-position":"center center","background-size":"auto","background-attachment":"scroll","background-type":"","background-media":"","overlay-type":"","overlay-color":"","overlay-opacity":"","overlay-gradient":""}},"footnotes":""},"categories":[6,7,1,29],"tags":[136,120,176],"class_list":["post-2323","post","type-post","status-publish","format-standard","has-post-thumbnail","hentry","category-eso-3","category-eso-4","category-general","category-portada","tag-3r-deso","tag-4t-deso","tag-dia-mundial-dels-museus"],"post_mailing_queue_ids":[],"_links":{"self":[{"href":"https:\/\/agora.xtec.cat\/iesllavaneres\/wp-json\/wp\/v2\/posts\/2323","targetHints":{"allow":["GET"]}}],"collection":[{"href":"https:\/\/agora.xtec.cat\/iesllavaneres\/wp-json\/wp\/v2\/posts"}],"about":[{"href":"https:\/\/agora.xtec.cat\/iesllavaneres\/wp-json\/wp\/v2\/types\/post"}],"author":[{"embeddable":true,"href":"https:\/\/agora.xtec.cat\/iesllavaneres\/wp-json\/wp\/v2\/users\/4"}],"replies":[{"embeddable":true,"href":"https:\/\/agora.xtec.cat\/iesllavaneres\/wp-json\/wp\/v2\/comments?post=2323"}],"version-history":[{"count":1,"href":"https:\/\/agora.xtec.cat\/iesllavaneres\/wp-json\/wp\/v2\/posts\/2323\/revisions"}],"predecessor-version":[{"id":2327,"href":"https:\/\/agora.xtec.cat\/iesllavaneres\/wp-json\/wp\/v2\/posts\/2323\/revisions\/2327"}],"wp:featuredmedia":[{"embeddable":true,"href":"https:\/\/agora.xtec.cat\/iesllavaneres\/wp-json\/wp\/v2\/media\/2324"}],"wp:attachment":[{"href":"https:\/\/agora.xtec.cat\/iesllavaneres\/wp-json\/wp\/v2\/media?parent=2323"}],"wp:term":[{"taxonomy":"category","embeddable":true,"href":"https:\/\/agora.xtec.cat\/iesllavaneres\/wp-json\/wp\/v2\/categories?post=2323"},{"taxonomy":"post_tag","embeddable":true,"href":"https:\/\/agora.xtec.cat\/iesllavaneres\/wp-json\/wp\/v2\/tags?post=2323"}],"curies":[{"name":"wp","href":"https:\/\/api.w.org\/{rel}","templated":true}]}}