{"id":2150,"date":"2023-04-01T10:53:08","date_gmt":"2023-04-01T08:53:08","guid":{"rendered":"https:\/\/agora.xtec.cat\/iesllavaneres\/?p=2150"},"modified":"2023-04-01T10:53:08","modified_gmt":"2023-04-01T08:53:08","slug":"ultim-dia-de-ruta-per-franca","status":"publish","type":"post","link":"https:\/\/agora.xtec.cat\/iesllavaneres\/general\/ultim-dia-de-ruta-per-franca\/","title":{"rendered":"\u00daltim dia de ruta per Fran\u00e7a"},"content":{"rendered":"<p>El segon i \u00faltim dia de ruta per Fran\u00e7a, l&#8217;alumnat de franc\u00e8s s&#8217;acomiada de Carcassona i fan parada a Cotlliure. All\u00e0 visiten la ciutat i la tomba d&#8217;Antonio Machado.<\/p>\n<p style=\"text-align: right;\"><a href=\"https:\/\/agora.xtec.cat\/iesllavaneres\/wp-content\/uploads\/usu2229\/2023\/04\/C7C7D2C1-3667-4EAF-9145-477059DF8B67.jpeg\"><img loading=\"lazy\" decoding=\"async\" class=\"alignnone size-large wp-image-2151\" src=\"https:\/\/agora.xtec.cat\/iesllavaneres\/wp-content\/uploads\/usu2229\/2023\/04\/C7C7D2C1-3667-4EAF-9145-477059DF8B67-1024x768.jpeg\" alt=\"\" width=\"1024\" height=\"768\" srcset=\"https:\/\/agora.xtec.cat\/iesllavaneres\/wp-content\/uploads\/usu2229\/2023\/04\/C7C7D2C1-3667-4EAF-9145-477059DF8B67-1024x768.jpeg 1024w, https:\/\/agora.xtec.cat\/iesllavaneres\/wp-content\/uploads\/usu2229\/2023\/04\/C7C7D2C1-3667-4EAF-9145-477059DF8B67-300x225.jpeg 300w, https:\/\/agora.xtec.cat\/iesllavaneres\/wp-content\/uploads\/usu2229\/2023\/04\/C7C7D2C1-3667-4EAF-9145-477059DF8B67-768x576.jpeg 768w, https:\/\/agora.xtec.cat\/iesllavaneres\/wp-content\/uploads\/usu2229\/2023\/04\/C7C7D2C1-3667-4EAF-9145-477059DF8B67-1536x1152.jpeg 1536w, https:\/\/agora.xtec.cat\/iesllavaneres\/wp-content\/uploads\/usu2229\/2023\/04\/C7C7D2C1-3667-4EAF-9145-477059DF8B67-200x150.jpeg 200w, https:\/\/agora.xtec.cat\/iesllavaneres\/wp-content\/uploads\/usu2229\/2023\/04\/C7C7D2C1-3667-4EAF-9145-477059DF8B67.jpeg 1600w\" sizes=\"auto, (max-width: 1024px) 100vw, 1024px\" \/><\/a><br \/>\n<a href=\"https:\/\/agora.xtec.cat\/iesllavaneres\/wp-content\/uploads\/usu2229\/2023\/04\/C55F2AE5-2B8A-4CA8-8310-13AB0D6FE19D.jpeg\"><img loading=\"lazy\" decoding=\"async\" class=\"alignnone size-large wp-image-2153\" src=\"https:\/\/agora.xtec.cat\/iesllavaneres\/wp-content\/uploads\/usu2229\/2023\/04\/C55F2AE5-2B8A-4CA8-8310-13AB0D6FE19D-768x1024.jpeg\" alt=\"\" width=\"768\" height=\"1024\" srcset=\"https:\/\/agora.xtec.cat\/iesllavaneres\/wp-content\/uploads\/usu2229\/2023\/04\/C55F2AE5-2B8A-4CA8-8310-13AB0D6FE19D-768x1024.jpeg 768w, https:\/\/agora.xtec.cat\/iesllavaneres\/wp-content\/uploads\/usu2229\/2023\/04\/C55F2AE5-2B8A-4CA8-8310-13AB0D6FE19D-225x300.jpeg 225w, https:\/\/agora.xtec.cat\/iesllavaneres\/wp-content\/uploads\/usu2229\/2023\/04\/C55F2AE5-2B8A-4CA8-8310-13AB0D6FE19D-1152x1536.jpeg 1152w, https:\/\/agora.xtec.cat\/iesllavaneres\/wp-content\/uploads\/usu2229\/2023\/04\/C55F2AE5-2B8A-4CA8-8310-13AB0D6FE19D.jpeg 1200w\" sizes=\"auto, (max-width: 768px) 100vw, 768px\" \/><\/a> <a href=\"https:\/\/agora.xtec.cat\/iesllavaneres\/wp-content\/uploads\/usu2229\/2023\/04\/0BDF02D9-CFE7-4325-BBBA-F7E655436E47.jpeg\"><img loading=\"lazy\" decoding=\"async\" class=\"alignnone size-large wp-image-2154\" src=\"https:\/\/agora.xtec.cat\/iesllavaneres\/wp-content\/uploads\/usu2229\/2023\/04\/0BDF02D9-CFE7-4325-BBBA-F7E655436E47-768x1024.jpeg\" alt=\"\" width=\"768\" height=\"1024\" srcset=\"https:\/\/agora.xtec.cat\/iesllavaneres\/wp-content\/uploads\/usu2229\/2023\/04\/0BDF02D9-CFE7-4325-BBBA-F7E655436E47-768x1024.jpeg 768w, https:\/\/agora.xtec.cat\/iesllavaneres\/wp-content\/uploads\/usu2229\/2023\/04\/0BDF02D9-CFE7-4325-BBBA-F7E655436E47-225x300.jpeg 225w, https:\/\/agora.xtec.cat\/iesllavaneres\/wp-content\/uploads\/usu2229\/2023\/04\/0BDF02D9-CFE7-4325-BBBA-F7E655436E47-1152x1536.jpeg 1152w, https:\/\/agora.xtec.cat\/iesllavaneres\/wp-content\/uploads\/usu2229\/2023\/04\/0BDF02D9-CFE7-4325-BBBA-F7E655436E47.jpeg 1200w\" sizes=\"auto, (max-width: 768px) 100vw, 768px\" \/><\/a> <a href=\"https:\/\/agora.xtec.cat\/iesllavaneres\/wp-content\/uploads\/usu2229\/2023\/04\/71027AD9-4132-4EEA-98B7-BCFA9A0DF630.jpeg\"><img loading=\"lazy\" decoding=\"async\" class=\"alignnone size-large wp-image-2155\" src=\"https:\/\/agora.xtec.cat\/iesllavaneres\/wp-content\/uploads\/usu2229\/2023\/04\/71027AD9-4132-4EEA-98B7-BCFA9A0DF630-768x1024.jpeg\" alt=\"\" width=\"768\" height=\"1024\" srcset=\"https:\/\/agora.xtec.cat\/iesllavaneres\/wp-content\/uploads\/usu2229\/2023\/04\/71027AD9-4132-4EEA-98B7-BCFA9A0DF630-768x1024.jpeg 768w, https:\/\/agora.xtec.cat\/iesllavaneres\/wp-content\/uploads\/usu2229\/2023\/04\/71027AD9-4132-4EEA-98B7-BCFA9A0DF630-225x300.jpeg 225w, https:\/\/agora.xtec.cat\/iesllavaneres\/wp-content\/uploads\/usu2229\/2023\/04\/71027AD9-4132-4EEA-98B7-BCFA9A0DF630-1152x1536.jpeg 1152w, https:\/\/agora.xtec.cat\/iesllavaneres\/wp-content\/uploads\/usu2229\/2023\/04\/71027AD9-4132-4EEA-98B7-BCFA9A0DF630.jpeg 1200w\" sizes=\"auto, (max-width: 768px) 100vw, 768px\" \/>Lo<\/a><br \/>\n<a href=\"https:\/\/agora.xtec.cat\/iesllavaneres\/wp-content\/uploads\/usu2229\/2023\/04\/E365FE48-BCC6-4E7B-9EEC-6713AFE18376.jpeg\"><img loading=\"lazy\" decoding=\"async\" class=\"alignnone size-large wp-image-2152\" src=\"https:\/\/agora.xtec.cat\/iesllavaneres\/wp-content\/uploads\/usu2229\/2023\/04\/E365FE48-BCC6-4E7B-9EEC-6713AFE18376-768x1024.jpeg\" alt=\"\" width=\"768\" height=\"1024\" srcset=\"https:\/\/agora.xtec.cat\/iesllavaneres\/wp-content\/uploads\/usu2229\/2023\/04\/E365FE48-BCC6-4E7B-9EEC-6713AFE18376-768x1024.jpeg 768w, https:\/\/agora.xtec.cat\/iesllavaneres\/wp-content\/uploads\/usu2229\/2023\/04\/E365FE48-BCC6-4E7B-9EEC-6713AFE18376-225x300.jpeg 225w, https:\/\/agora.xtec.cat\/iesllavaneres\/wp-content\/uploads\/usu2229\/2023\/04\/E365FE48-BCC6-4E7B-9EEC-6713AFE18376-1152x1536.jpeg 1152w, https:\/\/agora.xtec.cat\/iesllavaneres\/wp-content\/uploads\/usu2229\/2023\/04\/E365FE48-BCC6-4E7B-9EEC-6713AFE18376.jpeg 1200w\" sizes=\"auto, (max-width: 768px) 100vw, 768px\" \/><\/a><\/p>\n","protected":false},"excerpt":{"rendered":"<p>El segon i \u00faltim dia de ruta per Fran\u00e7a, l&#8217;alumnat de franc\u00e8s s&#8217;acomiada de Carcassona i fan parada a Cotlliure. All\u00e0 visiten la ciutat i la tomba d&#8217;Antonio Machado. Lo<\/p>\n","protected":false},"author":4,"featured_media":2151,"comment_status":"open","ping_status":"closed","sticky":false,"template":"","format":"standard","meta":{"_bbp_topic_count":0,"_bbp_reply_count":0,"_bbp_total_topic_count":0,"_bbp_total_reply_count":0,"_bbp_voice_count":0,"_bbp_anonymous_reply_count":0,"_bbp_topic_count_hidden":0,"_bbp_reply_count_hidden":0,"_bbp_forum_subforum_count":0,"site-sidebar-layout":"default","site-content-layout":"","ast-site-content-layout":"","site-content-style":"default","site-sidebar-style":"default","ast-global-header-display":"","ast-banner-title-visibility":"","ast-main-header-display":"","ast-hfb-above-header-display":"","ast-hfb-below-header-display":"","ast-hfb-mobile-header-display":"","site-post-title":"","ast-breadcrumbs-content":"","ast-featured-img":"","footer-sml-layout":"","theme-transparent-header-meta":"","adv-header-id-meta":"","stick-header-meta":"","header-above-stick-meta":"","header-main-stick-meta":"","header-below-stick-meta":"","astra-migrate-meta-layouts":"default","ast-page-background-enabled":"default","ast-page-background-meta":{"desktop":{"background-color":"var(--ast-global-color-4)","background-image":"","background-repeat":"repeat","background-position":"center center","background-size":"auto","background-attachment":"scroll","background-type":"","background-media":"","overlay-type":"","overlay-color":"","overlay-opacity":"","overlay-gradient":""},"tablet":{"background-color":"","background-image":"","background-repeat":"repeat","background-position":"center center","background-size":"auto","background-attachment":"scroll","background-type":"","background-media":"","overlay-type":"","overlay-color":"","overlay-opacity":"","overlay-gradient":""},"mobile":{"background-color":"","background-image":"","background-repeat":"repeat","background-position":"center center","background-size":"auto","background-attachment":"scroll","background-type":"","background-media":"","overlay-type":"","overlay-color":"","overlay-opacity":"","overlay-gradient":""}},"ast-content-background-meta":{"desktop":{"background-color":"var(--ast-global-color-5)","background-image":"","background-repeat":"repeat","background-position":"center center","background-size":"auto","background-attachment":"scroll","background-type":"","background-media":"","overlay-type":"","overlay-color":"","overlay-opacity":"","overlay-gradient":""},"tablet":{"background-color":"var(--ast-global-color-5)","background-image":"","background-repeat":"repeat","background-position":"center center","background-size":"auto","background-attachment":"scroll","background-type":"","background-media":"","overlay-type":"","overlay-color":"","overlay-opacity":"","overlay-gradient":""},"mobile":{"background-color":"var(--ast-global-color-5)","background-image":"","background-repeat":"repeat","background-position":"center center","background-size":"auto","background-attachment":"scroll","background-type":"","background-media":"","overlay-type":"","overlay-color":"","overlay-opacity":"","overlay-gradient":""}},"footnotes":""},"categories":[6,1,29],"tags":[136,127],"class_list":["post-2150","post","type-post","status-publish","format-standard","has-post-thumbnail","hentry","category-eso-3","category-general","category-portada","tag-3r-deso","tag-frances"],"post_mailing_queue_ids":[],"_links":{"self":[{"href":"https:\/\/agora.xtec.cat\/iesllavaneres\/wp-json\/wp\/v2\/posts\/2150","targetHints":{"allow":["GET"]}}],"collection":[{"href":"https:\/\/agora.xtec.cat\/iesllavaneres\/wp-json\/wp\/v2\/posts"}],"about":[{"href":"https:\/\/agora.xtec.cat\/iesllavaneres\/wp-json\/wp\/v2\/types\/post"}],"author":[{"embeddable":true,"href":"https:\/\/agora.xtec.cat\/iesllavaneres\/wp-json\/wp\/v2\/users\/4"}],"replies":[{"embeddable":true,"href":"https:\/\/agora.xtec.cat\/iesllavaneres\/wp-json\/wp\/v2\/comments?post=2150"}],"version-history":[{"count":1,"href":"https:\/\/agora.xtec.cat\/iesllavaneres\/wp-json\/wp\/v2\/posts\/2150\/revisions"}],"predecessor-version":[{"id":2156,"href":"https:\/\/agora.xtec.cat\/iesllavaneres\/wp-json\/wp\/v2\/posts\/2150\/revisions\/2156"}],"wp:featuredmedia":[{"embeddable":true,"href":"https:\/\/agora.xtec.cat\/iesllavaneres\/wp-json\/wp\/v2\/media\/2151"}],"wp:attachment":[{"href":"https:\/\/agora.xtec.cat\/iesllavaneres\/wp-json\/wp\/v2\/media?parent=2150"}],"wp:term":[{"taxonomy":"category","embeddable":true,"href":"https:\/\/agora.xtec.cat\/iesllavaneres\/wp-json\/wp\/v2\/categories?post=2150"},{"taxonomy":"post_tag","embeddable":true,"href":"https:\/\/agora.xtec.cat\/iesllavaneres\/wp-json\/wp\/v2\/tags?post=2150"}],"curies":[{"name":"wp","href":"https:\/\/api.w.org\/{rel}","templated":true}]}}