{"id":2127,"date":"2023-03-30T09:23:27","date_gmt":"2023-03-30T07:23:27","guid":{"rendered":"https:\/\/agora.xtec.cat\/iesllavaneres\/?p=2127"},"modified":"2023-03-30T09:23:27","modified_gmt":"2023-03-30T07:23:27","slug":"pau-sune-finalista-als-neurotalent-games","status":"publish","type":"post","link":"https:\/\/agora.xtec.cat\/iesllavaneres\/general\/pau-sune-finalista-als-neurotalent-games\/","title":{"rendered":"Pau Su\u00f1\u00e9, finalista als Neurotalent Games"},"content":{"rendered":"<p>El passat dissabte 25 de mar\u00e7 de 2023, l&#8217;alumne de 1r ESO D Pau\u00a0<span class=\"hiddenSpellError\">Su\u00f1\u00e9<\/span>\u00a0Brull es va presentar a la final de la 1a edici\u00f3 del\u00a0<span class=\"hiddenSpellError\">Neurotalent<\/span>\u00a0<span class=\"hiddenGrammarError\" style=\"padding-bottom: 2px; background-image: url('..\/..\/..\/..\/..\/images\/squiggle.png'); background-repeat: repeat-x; background-position: left bottom; cursor: default; color: #000000; font-family: 'Open Sans', Helvetica, Arial, sans-serif; font-size: 16px; font-style: normal; font-variant-ligatures: normal; font-variant-caps: normal; font-weight: 300; letter-spacing: normal; orphans: 2; text-align: start; text-indent: 0px; text-transform: none; white-space: normal; widows: 2; word-spacing: 0px; -webkit-text-stroke-width: 0px; text-decoration-thickness: initial; text-decoration-style: initial; text-decoration-color: initial;\">Games<\/span>, certamen organitzat per la fundaci\u00f3 Rosa Ma\u00a0<span class=\"hiddenSpellError\">Vivar<\/span>\u00a0i la fundaci\u00f3 La Caixa. L&#8217;objectiu d&#8217;aquesta fundaci\u00f3 \u00e9s divulgar la import\u00e0ncia de tenir cura de la salut cognitiva des de la infantesa i al llarg de tota la vida per fer front a l&#8217;envelliment natural del cervell i les malalties neurodegeneratives.<br \/>\nEn Pau va ser seleccionat dels\u00a0<span class=\"hiddenGreenError\">30<\/span>\u00a0millors de Catalunya d&#8217;un total de 5342 alumnes presentats. Altres nois i noies de l&#8217;Institut Llavaneres tamb\u00e9 van quedar en bon lloc en les fases pr\u00e8vies tot i no acabar participant a la final.<br \/>\nA l&#8217;acte, en Pau va ser acompanyat pels seus pares i germ\u00e0, pel tutor, la coordinadora i la directora, en aquesta jornada tan especial. Com tamb\u00e9, en el dia a dia, per la professora de biologia, organitzadora del concurs en el nostre centre.<\/p>\n<p>El nostre reconeixement i felicitaci\u00f3 a en Pau i a la seva fam\u00edlia i el nostre agra\u00efment tamb\u00e9 a tots els alumnes de 1r d&#8217;ESO que van participar, amb il\u00b7lusi\u00f3, al concurs.<\/p>\n<p><a href=\"https:\/\/agora.xtec.cat\/iesllavaneres\/wp-content\/uploads\/usu2229\/2023\/03\/IMG-20230310-WA0015.jpg\"><img loading=\"lazy\" decoding=\"async\" class=\"alignnone size-large wp-image-2128\" src=\"https:\/\/agora.xtec.cat\/iesllavaneres\/wp-content\/uploads\/usu2229\/2023\/03\/IMG-20230310-WA0015-1024x768.jpg\" alt=\"\" width=\"1024\" height=\"768\" srcset=\"https:\/\/agora.xtec.cat\/iesllavaneres\/wp-content\/uploads\/usu2229\/2023\/03\/IMG-20230310-WA0015-1024x768.jpg 1024w, https:\/\/agora.xtec.cat\/iesllavaneres\/wp-content\/uploads\/usu2229\/2023\/03\/IMG-20230310-WA0015-300x225.jpg 300w, https:\/\/agora.xtec.cat\/iesllavaneres\/wp-content\/uploads\/usu2229\/2023\/03\/IMG-20230310-WA0015-768x576.jpg 768w, https:\/\/agora.xtec.cat\/iesllavaneres\/wp-content\/uploads\/usu2229\/2023\/03\/IMG-20230310-WA0015-1536x1152.jpg 1536w, https:\/\/agora.xtec.cat\/iesllavaneres\/wp-content\/uploads\/usu2229\/2023\/03\/IMG-20230310-WA0015-200x150.jpg 200w, https:\/\/agora.xtec.cat\/iesllavaneres\/wp-content\/uploads\/usu2229\/2023\/03\/IMG-20230310-WA0015.jpg 2000w\" sizes=\"auto, (max-width: 1024px) 100vw, 1024px\" \/><\/a><\/p>\n","protected":false},"excerpt":{"rendered":"<p>El passat dissabte 25 de mar\u00e7 de 2023, l&#8217;alumne de 1r ESO D Pau\u00a0Su\u00f1\u00e9\u00a0Brull es va presentar a la final de la 1a edici\u00f3 del\u00a0Neurotalent\u00a0Games, certamen organitzat per la fundaci\u00f3 Rosa Ma\u00a0Vivar\u00a0i la fundaci\u00f3 La Caixa. L&#8217;objectiu d&#8217;aquesta fundaci\u00f3 \u00e9s divulgar la import\u00e0ncia de tenir cura de la salut cognitiva des de la infantesa i [&hellip;]<\/p>\n","protected":false},"author":4,"featured_media":2128,"comment_status":"open","ping_status":"closed","sticky":false,"template":"","format":"standard","meta":{"_bbp_topic_count":0,"_bbp_reply_count":0,"_bbp_total_topic_count":0,"_bbp_total_reply_count":0,"_bbp_voice_count":0,"_bbp_anonymous_reply_count":0,"_bbp_topic_count_hidden":0,"_bbp_reply_count_hidden":0,"_bbp_forum_subforum_count":0,"site-sidebar-layout":"default","site-content-layout":"","ast-site-content-layout":"","site-content-style":"default","site-sidebar-style":"default","ast-global-header-display":"","ast-banner-title-visibility":"","ast-main-header-display":"","ast-hfb-above-header-display":"","ast-hfb-below-header-display":"","ast-hfb-mobile-header-display":"","site-post-title":"","ast-breadcrumbs-content":"","ast-featured-img":"","footer-sml-layout":"","theme-transparent-header-meta":"","adv-header-id-meta":"","stick-header-meta":"","header-above-stick-meta":"","header-main-stick-meta":"","header-below-stick-meta":"","astra-migrate-meta-layouts":"default","ast-page-background-enabled":"default","ast-page-background-meta":{"desktop":{"background-color":"var(--ast-global-color-4)","background-image":"","background-repeat":"repeat","background-position":"center center","background-size":"auto","background-attachment":"scroll","background-type":"","background-media":"","overlay-type":"","overlay-color":"","overlay-opacity":"","overlay-gradient":""},"tablet":{"background-color":"","background-image":"","background-repeat":"repeat","background-position":"center center","background-size":"auto","background-attachment":"scroll","background-type":"","background-media":"","overlay-type":"","overlay-color":"","overlay-opacity":"","overlay-gradient":""},"mobile":{"background-color":"","background-image":"","background-repeat":"repeat","background-position":"center center","background-size":"auto","background-attachment":"scroll","background-type":"","background-media":"","overlay-type":"","overlay-color":"","overlay-opacity":"","overlay-gradient":""}},"ast-content-background-meta":{"desktop":{"background-color":"var(--ast-global-color-5)","background-image":"","background-repeat":"repeat","background-position":"center center","background-size":"auto","background-attachment":"scroll","background-type":"","background-media":"","overlay-type":"","overlay-color":"","overlay-opacity":"","overlay-gradient":""},"tablet":{"background-color":"var(--ast-global-color-5)","background-image":"","background-repeat":"repeat","background-position":"center center","background-size":"auto","background-attachment":"scroll","background-type":"","background-media":"","overlay-type":"","overlay-color":"","overlay-opacity":"","overlay-gradient":""},"mobile":{"background-color":"var(--ast-global-color-5)","background-image":"","background-repeat":"repeat","background-position":"center center","background-size":"auto","background-attachment":"scroll","background-type":"","background-media":"","overlay-type":"","overlay-color":"","overlay-opacity":"","overlay-gradient":""}},"footnotes":""},"categories":[4,1,29],"tags":[166,164],"class_list":["post-2127","post","type-post","status-publish","format-standard","has-post-thumbnail","hentry","category-eso-1","category-general","category-portada","tag-1r-deso","tag-neurotalent-games"],"post_mailing_queue_ids":[],"_links":{"self":[{"href":"https:\/\/agora.xtec.cat\/iesllavaneres\/wp-json\/wp\/v2\/posts\/2127","targetHints":{"allow":["GET"]}}],"collection":[{"href":"https:\/\/agora.xtec.cat\/iesllavaneres\/wp-json\/wp\/v2\/posts"}],"about":[{"href":"https:\/\/agora.xtec.cat\/iesllavaneres\/wp-json\/wp\/v2\/types\/post"}],"author":[{"embeddable":true,"href":"https:\/\/agora.xtec.cat\/iesllavaneres\/wp-json\/wp\/v2\/users\/4"}],"replies":[{"embeddable":true,"href":"https:\/\/agora.xtec.cat\/iesllavaneres\/wp-json\/wp\/v2\/comments?post=2127"}],"version-history":[{"count":1,"href":"https:\/\/agora.xtec.cat\/iesllavaneres\/wp-json\/wp\/v2\/posts\/2127\/revisions"}],"predecessor-version":[{"id":2129,"href":"https:\/\/agora.xtec.cat\/iesllavaneres\/wp-json\/wp\/v2\/posts\/2127\/revisions\/2129"}],"wp:featuredmedia":[{"embeddable":true,"href":"https:\/\/agora.xtec.cat\/iesllavaneres\/wp-json\/wp\/v2\/media\/2128"}],"wp:attachment":[{"href":"https:\/\/agora.xtec.cat\/iesllavaneres\/wp-json\/wp\/v2\/media?parent=2127"}],"wp:term":[{"taxonomy":"category","embeddable":true,"href":"https:\/\/agora.xtec.cat\/iesllavaneres\/wp-json\/wp\/v2\/categories?post=2127"},{"taxonomy":"post_tag","embeddable":true,"href":"https:\/\/agora.xtec.cat\/iesllavaneres\/wp-json\/wp\/v2\/tags?post=2127"}],"curies":[{"name":"wp","href":"https:\/\/api.w.org\/{rel}","templated":true}]}}