{"id":1984,"date":"2023-02-15T16:13:03","date_gmt":"2023-02-15T15:13:03","guid":{"rendered":"https:\/\/agora.xtec.cat\/iesllavaneres\/?p=1984"},"modified":"2023-02-15T16:19:34","modified_gmt":"2023-02-15T15:19:34","slug":"alumnat-de-comunicacio-audiovisual-nominat-al-concurs-amic-directes","status":"publish","type":"post","link":"https:\/\/agora.xtec.cat\/iesllavaneres\/general\/alumnat-de-comunicacio-audiovisual-nominat-al-concurs-amic-directes\/","title":{"rendered":"Alumnat de Comunicaci\u00f3 Audiovisual nominat al concurs Amic-directes"},"content":{"rendered":"<p>L&#8217;alumnat de 1r de Batxillerat, dins la mat\u00e8ria de Comunicaci\u00f3 Audiovisual, s&#8217;ha presentat al concurs d&#8217;AMIC-directes, on havien de crear un contingut audiovisual relacionat amb l&#8217;actualitat o\u00a0<span class=\"hiddenGreenError\" style=\"padding-bottom: 2px; background-image: url('..\/..\/..\/..\/..\/images\/squiggle_green.png'); background-repeat: repeat-x; background-position: left bottom; cursor: default; color: #000000; font-family: 'Open Sans', Helvetica, Arial, sans-serif; font-size: 16px; font-style: normal; font-variant-ligatures: normal; font-variant-caps: normal; font-weight: 300; letter-spacing: normal; orphans: 2; text-align: start; text-indent: 0px; text-transform: none; white-space: normal; widows: 2; word-spacing: 0px; -webkit-text-stroke-width: 0px; text-decoration-thickness: initial; text-decoration-style: initial; text-decoration-color: initial;\">e-sports<\/span> en catal\u00e0. Estem molt orgullosos, ja que dos grups de l&#8217;Institut formats per les alumnes Elena <span class=\"hiddenSpellError\">Clemente<\/span>,\u00a0<span class=\"hiddenSpellError\">Itziar<\/span>\u00a0<span class=\"hiddenSpellError\">L\u00f3pez<\/span>, Ingrid\u00a0<span class=\"hiddenSpellError\">L\u00f3pez<\/span>, Pablo\u00a0<span class=\"hiddenSpellError\">Gonz\u00e0lez<\/span>, Montse\u00a0<span class=\"hiddenSpellError\">Ibern<\/span> i Daniela Solera han quedat finalistes d&#8217;entre 600 estudiants d&#8217;arreu del territori catal\u00e0, Illes Balears i Pa\u00eds Valenci\u00e0.<br \/>\nAqu\u00ed podeu veure algunes fotografies de l&#8217;entrega de premis on v\u00e0rem assistir ahir a la tarda a la facultat de Comunicaci\u00f3 de la Universitat Blanquerna de Barcelona. Aix\u00ed doncs, felicitar-los per la seva feina, enhorabona!!<\/p>\n<p><a href=\"https:\/\/agora.xtec.cat\/iesllavaneres\/wp-content\/uploads\/usu2229\/2023\/02\/image1-1-scaled.jpeg\"><img loading=\"lazy\" decoding=\"async\" class=\"alignnone size-large wp-image-1987\" src=\"https:\/\/agora.xtec.cat\/iesllavaneres\/wp-content\/uploads\/usu2229\/2023\/02\/image1-1-576x1024.jpeg\" alt=\"\" width=\"576\" height=\"1024\" srcset=\"https:\/\/agora.xtec.cat\/iesllavaneres\/wp-content\/uploads\/usu2229\/2023\/02\/image1-1-576x1024.jpeg 576w, https:\/\/agora.xtec.cat\/iesllavaneres\/wp-content\/uploads\/usu2229\/2023\/02\/image1-1-169x300.jpeg 169w, https:\/\/agora.xtec.cat\/iesllavaneres\/wp-content\/uploads\/usu2229\/2023\/02\/image1-1-768x1365.jpeg 768w, https:\/\/agora.xtec.cat\/iesllavaneres\/wp-content\/uploads\/usu2229\/2023\/02\/image1-1-864x1536.jpeg 864w, https:\/\/agora.xtec.cat\/iesllavaneres\/wp-content\/uploads\/usu2229\/2023\/02\/image1-1-1152x2048.jpeg 1152w, https:\/\/agora.xtec.cat\/iesllavaneres\/wp-content\/uploads\/usu2229\/2023\/02\/image1-1-scaled.jpeg 1440w\" sizes=\"auto, (max-width: 576px) 100vw, 576px\" \/><\/a> <a href=\"https:\/\/agora.xtec.cat\/iesllavaneres\/wp-content\/uploads\/usu2229\/2023\/02\/IMG_4017-scaled.jpg\"><img loading=\"lazy\" decoding=\"async\" class=\"alignnone size-large wp-image-1986\" src=\"https:\/\/agora.xtec.cat\/iesllavaneres\/wp-content\/uploads\/usu2229\/2023\/02\/IMG_4017-576x1024.jpg\" alt=\"\" width=\"576\" height=\"1024\" srcset=\"https:\/\/agora.xtec.cat\/iesllavaneres\/wp-content\/uploads\/usu2229\/2023\/02\/IMG_4017-576x1024.jpg 576w, https:\/\/agora.xtec.cat\/iesllavaneres\/wp-content\/uploads\/usu2229\/2023\/02\/IMG_4017-169x300.jpg 169w, https:\/\/agora.xtec.cat\/iesllavaneres\/wp-content\/uploads\/usu2229\/2023\/02\/IMG_4017-768x1365.jpg 768w, https:\/\/agora.xtec.cat\/iesllavaneres\/wp-content\/uploads\/usu2229\/2023\/02\/IMG_4017-864x1536.jpg 864w, https:\/\/agora.xtec.cat\/iesllavaneres\/wp-content\/uploads\/usu2229\/2023\/02\/IMG_4017-1152x2048.jpg 1152w, https:\/\/agora.xtec.cat\/iesllavaneres\/wp-content\/uploads\/usu2229\/2023\/02\/IMG_4017-scaled.jpg 1440w\" sizes=\"auto, (max-width: 576px) 100vw, 576px\" \/><\/a><\/p>\n","protected":false},"excerpt":{"rendered":"<p>L&#8217;alumnat de 1r de Batxillerat, dins la mat\u00e8ria de Comunicaci\u00f3 Audiovisual, s&#8217;ha presentat al concurs d&#8217;AMIC-directes, on havien de crear un contingut audiovisual relacionat amb l&#8217;actualitat o\u00a0e-sports en catal\u00e0. Estem molt orgullosos, ja que dos grups de l&#8217;Institut formats per les alumnes Elena Clemente,\u00a0Itziar\u00a0L\u00f3pez, Ingrid\u00a0L\u00f3pez, Pablo\u00a0Gonz\u00e0lez, Montse\u00a0Ibern i Daniela Solera han quedat finalistes d&#8217;entre 600 [&hellip;]<\/p>\n","protected":false},"author":4,"featured_media":1988,"comment_status":"open","ping_status":"closed","sticky":false,"template":"","format":"standard","meta":{"_bbp_topic_count":0,"_bbp_reply_count":0,"_bbp_total_topic_count":0,"_bbp_total_reply_count":0,"_bbp_voice_count":0,"_bbp_anonymous_reply_count":0,"_bbp_topic_count_hidden":0,"_bbp_reply_count_hidden":0,"_bbp_forum_subforum_count":0,"site-sidebar-layout":"default","site-content-layout":"","ast-site-content-layout":"","site-content-style":"default","site-sidebar-style":"default","ast-global-header-display":"","ast-banner-title-visibility":"","ast-main-header-display":"","ast-hfb-above-header-display":"","ast-hfb-below-header-display":"","ast-hfb-mobile-header-display":"","site-post-title":"","ast-breadcrumbs-content":"","ast-featured-img":"","footer-sml-layout":"","theme-transparent-header-meta":"","adv-header-id-meta":"","stick-header-meta":"","header-above-stick-meta":"","header-main-stick-meta":"","header-below-stick-meta":"","astra-migrate-meta-layouts":"default","ast-page-background-enabled":"default","ast-page-background-meta":{"desktop":{"background-color":"var(--ast-global-color-4)","background-image":"","background-repeat":"repeat","background-position":"center center","background-size":"auto","background-attachment":"scroll","background-type":"","background-media":"","overlay-type":"","overlay-color":"","overlay-opacity":"","overlay-gradient":""},"tablet":{"background-color":"","background-image":"","background-repeat":"repeat","background-position":"center center","background-size":"auto","background-attachment":"scroll","background-type":"","background-media":"","overlay-type":"","overlay-color":"","overlay-opacity":"","overlay-gradient":""},"mobile":{"background-color":"","background-image":"","background-repeat":"repeat","background-position":"center center","background-size":"auto","background-attachment":"scroll","background-type":"","background-media":"","overlay-type":"","overlay-color":"","overlay-opacity":"","overlay-gradient":""}},"ast-content-background-meta":{"desktop":{"background-color":"var(--ast-global-color-5)","background-image":"","background-repeat":"repeat","background-position":"center center","background-size":"auto","background-attachment":"scroll","background-type":"","background-media":"","overlay-type":"","overlay-color":"","overlay-opacity":"","overlay-gradient":""},"tablet":{"background-color":"var(--ast-global-color-5)","background-image":"","background-repeat":"repeat","background-position":"center center","background-size":"auto","background-attachment":"scroll","background-type":"","background-media":"","overlay-type":"","overlay-color":"","overlay-opacity":"","overlay-gradient":""},"mobile":{"background-color":"var(--ast-global-color-5)","background-image":"","background-repeat":"repeat","background-position":"center center","background-size":"auto","background-attachment":"scroll","background-type":"","background-media":"","overlay-type":"","overlay-color":"","overlay-opacity":"","overlay-gradient":""}},"footnotes":""},"categories":[8,1,29],"tags":[138,152],"class_list":["post-1984","post","type-post","status-publish","format-standard","has-post-thumbnail","hentry","category-batxillerat","category-general","category-portada","tag-1r-de-batxillerat","tag-comunicacio-audiovisual"],"post_mailing_queue_ids":[],"_links":{"self":[{"href":"https:\/\/agora.xtec.cat\/iesllavaneres\/wp-json\/wp\/v2\/posts\/1984","targetHints":{"allow":["GET"]}}],"collection":[{"href":"https:\/\/agora.xtec.cat\/iesllavaneres\/wp-json\/wp\/v2\/posts"}],"about":[{"href":"https:\/\/agora.xtec.cat\/iesllavaneres\/wp-json\/wp\/v2\/types\/post"}],"author":[{"embeddable":true,"href":"https:\/\/agora.xtec.cat\/iesllavaneres\/wp-json\/wp\/v2\/users\/4"}],"replies":[{"embeddable":true,"href":"https:\/\/agora.xtec.cat\/iesllavaneres\/wp-json\/wp\/v2\/comments?post=1984"}],"version-history":[{"count":2,"href":"https:\/\/agora.xtec.cat\/iesllavaneres\/wp-json\/wp\/v2\/posts\/1984\/revisions"}],"predecessor-version":[{"id":1991,"href":"https:\/\/agora.xtec.cat\/iesllavaneres\/wp-json\/wp\/v2\/posts\/1984\/revisions\/1991"}],"wp:featuredmedia":[{"embeddable":true,"href":"https:\/\/agora.xtec.cat\/iesllavaneres\/wp-json\/wp\/v2\/media\/1988"}],"wp:attachment":[{"href":"https:\/\/agora.xtec.cat\/iesllavaneres\/wp-json\/wp\/v2\/media?parent=1984"}],"wp:term":[{"taxonomy":"category","embeddable":true,"href":"https:\/\/agora.xtec.cat\/iesllavaneres\/wp-json\/wp\/v2\/categories?post=1984"},{"taxonomy":"post_tag","embeddable":true,"href":"https:\/\/agora.xtec.cat\/iesllavaneres\/wp-json\/wp\/v2\/tags?post=1984"}],"curies":[{"name":"wp","href":"https:\/\/api.w.org\/{rel}","templated":true}]}}