{"id":137,"date":"2021-03-01T10:46:03","date_gmt":"2021-03-01T09:46:03","guid":{"rendered":"http:\/\/agora.xtec.cat\/iesllavaneres\/?p=137"},"modified":"2021-07-14T23:15:10","modified_gmt":"2021-07-14T21:15:10","slug":"noticia-6","status":"publish","type":"post","link":"https:\/\/agora.xtec.cat\/iesllavaneres\/eso-1\/noticia-6\/","title":{"rendered":"Mar de pl\u00e0stics"},"content":{"rendered":"<p><a href=\"https:\/\/agora.xtec.cat\/iesllavaneres\/wp-content\/uploads\/usu2229\/2021\/03\/Fitxer_002-900x400.jpeg\"><img loading=\"lazy\" decoding=\"async\" class=\"aligncenter wp-image-753\" src=\"https:\/\/agora.xtec.cat\/iesllavaneres\/wp-content\/uploads\/usu2229\/2021\/03\/Fitxer_002-900x400.jpeg\" alt=\"\" width=\"1024\" height=\"455\" \/><\/a><\/p>\n<p>Els alumnes de 1r d\u2019ESO, a la mat\u00e8ria de Visual i Pl\u00e0stica, hem fabricat durant les \u00faltimes setmanes diversos animals marins amb pl\u00e0stics reciclats.<\/p>\n<p>Aquest segon trimestre estem treballant l\u2019expressi\u00f3 tridimensional i concretament l\u2019Art Povera (o Art Pobre). que consisteix en fabricar objectes i escultures amb<!--more--> materials pobres i\/o reciclats, tot criticant algun aspecte negatiu de la nostra societat. Aix\u00ed doncs, a trav\u00e9s de les nostres escultures, l\u2019objectiu era conscienciar a la gent que, per culpa dels humans, milers i milers d\u2019animals moren cada dia per culpa de tots els pl\u00e0stics que hi ha dipositats al mar.<\/p>\n<p>En aquesta activitat hem treballat en grup, de forma cooperativa i respectant les mesures sanit\u00e0ries de seguretat. Cada persona del grup havia de portar pl\u00e0stics reciclats de casa seva i materials necessaris per enganxar els pl\u00e0stics com fil de pescar, cinta adhesiva, silicona, brides, etc.<\/p>\n<p>La finalitat d\u2019aquest projecte era exposar els nostres treballs al hall de l\u2019institut per a fer reflexionar a la resta d\u2019alumnat i professorat. L\u2019exposici\u00f3 consta d\u2019unaexplicaci\u00f3 gen\u00e8rica, aix\u00ed com de petites cartel\u00b7les individuals per a cada pe\u00e7a on hi ha la seg\u00fcent informaci\u00f3: el nom, els autors, les mides, els materials i una petita frase sobre la problem\u00e0tica dels pl\u00e0stics. Aquesta activitat ens ha servit no nom\u00e9s per practicar t\u00e8cniques de pl\u00e0stica, sin\u00f3 tamb\u00e9 per conscienciar-nos del mal que estem causant a molt\u00edssims animals que no tenen culpa de res nom\u00e9s intenten viure. Potser cal que ens preguntem, qu\u00e8 estem fent malament?<\/p>\n<p>Adriana Alsina 1D<\/p>\n<p><a href=\"https:\/\/agora.xtec.cat\/iesllavaneres\/wp-content\/uploads\/usu2229\/2021\/03\/Fitxer_000-1536x655.jpeg\"><img loading=\"lazy\" decoding=\"async\" class=\"alignleft wp-image-763 size-large\" src=\"https:\/\/agora.xtec.cat\/iesllavaneres\/wp-content\/uploads\/usu2229\/2021\/03\/Fitxer_000-1536x655-1024x437.jpeg\" alt=\"\" width=\"1024\" height=\"437\" srcset=\"https:\/\/agora.xtec.cat\/iesllavaneres\/wp-content\/uploads\/usu2229\/2021\/03\/Fitxer_000-1536x655-1024x437.jpeg 1024w, https:\/\/agora.xtec.cat\/iesllavaneres\/wp-content\/uploads\/usu2229\/2021\/03\/Fitxer_000-1536x655-300x128.jpeg 300w, https:\/\/agora.xtec.cat\/iesllavaneres\/wp-content\/uploads\/usu2229\/2021\/03\/Fitxer_000-1536x655-768x328.jpeg 768w, https:\/\/agora.xtec.cat\/iesllavaneres\/wp-content\/uploads\/usu2229\/2021\/03\/Fitxer_000-1536x655.jpeg 1536w\" sizes=\"auto, (max-width: 1024px) 100vw, 1024px\" \/><\/a> <a href=\"https:\/\/agora.xtec.cat\/iesllavaneres\/wp-content\/uploads\/usu2229\/2021\/03\/Fitxer_008-1536x1152.jpeg\"><img loading=\"lazy\" decoding=\"async\" class=\"alignnone wp-image-762\" src=\"https:\/\/agora.xtec.cat\/iesllavaneres\/wp-content\/uploads\/usu2229\/2021\/03\/Fitxer_008-1536x1152-1024x768.jpeg\" alt=\"\" width=\"500\" height=\"375\" srcset=\"https:\/\/agora.xtec.cat\/iesllavaneres\/wp-content\/uploads\/usu2229\/2021\/03\/Fitxer_008-1536x1152-1024x768.jpeg 1024w, https:\/\/agora.xtec.cat\/iesllavaneres\/wp-content\/uploads\/usu2229\/2021\/03\/Fitxer_008-1536x1152-300x225.jpeg 300w, https:\/\/agora.xtec.cat\/iesllavaneres\/wp-content\/uploads\/usu2229\/2021\/03\/Fitxer_008-1536x1152-768x576.jpeg 768w, https:\/\/agora.xtec.cat\/iesllavaneres\/wp-content\/uploads\/usu2229\/2021\/03\/Fitxer_008-1536x1152-200x150.jpeg 200w, https:\/\/agora.xtec.cat\/iesllavaneres\/wp-content\/uploads\/usu2229\/2021\/03\/Fitxer_008-1536x1152.jpeg 1536w\" sizes=\"auto, (max-width: 500px) 100vw, 500px\" \/><\/a> <a href=\"https:\/\/agora.xtec.cat\/iesllavaneres\/wp-content\/uploads\/usu2229\/2021\/03\/Fitxer_004-1536x1152.jpeg\"><img loading=\"lazy\" decoding=\"async\" class=\"alignnone wp-image-761\" src=\"https:\/\/agora.xtec.cat\/iesllavaneres\/wp-content\/uploads\/usu2229\/2021\/03\/Fitxer_004-1536x1152-1024x768.jpeg\" alt=\"\" width=\"500\" height=\"375\" srcset=\"https:\/\/agora.xtec.cat\/iesllavaneres\/wp-content\/uploads\/usu2229\/2021\/03\/Fitxer_004-1536x1152-1024x768.jpeg 1024w, https:\/\/agora.xtec.cat\/iesllavaneres\/wp-content\/uploads\/usu2229\/2021\/03\/Fitxer_004-1536x1152-300x225.jpeg 300w, https:\/\/agora.xtec.cat\/iesllavaneres\/wp-content\/uploads\/usu2229\/2021\/03\/Fitxer_004-1536x1152-768x576.jpeg 768w, https:\/\/agora.xtec.cat\/iesllavaneres\/wp-content\/uploads\/usu2229\/2021\/03\/Fitxer_004-1536x1152-200x150.jpeg 200w, https:\/\/agora.xtec.cat\/iesllavaneres\/wp-content\/uploads\/usu2229\/2021\/03\/Fitxer_004-1536x1152.jpeg 1536w\" sizes=\"auto, (max-width: 500px) 100vw, 500px\" \/><\/a> <a href=\"https:\/\/agora.xtec.cat\/iesllavaneres\/wp-content\/uploads\/usu2229\/2021\/03\/Fitxer_003-1536x1152.jpeg\"><img loading=\"lazy\" decoding=\"async\" class=\"alignnone wp-image-760\" src=\"https:\/\/agora.xtec.cat\/iesllavaneres\/wp-content\/uploads\/usu2229\/2021\/03\/Fitxer_003-1536x1152-1024x768.jpeg\" alt=\"\" width=\"500\" height=\"375\" srcset=\"https:\/\/agora.xtec.cat\/iesllavaneres\/wp-content\/uploads\/usu2229\/2021\/03\/Fitxer_003-1536x1152-1024x768.jpeg 1024w, https:\/\/agora.xtec.cat\/iesllavaneres\/wp-content\/uploads\/usu2229\/2021\/03\/Fitxer_003-1536x1152-300x225.jpeg 300w, https:\/\/agora.xtec.cat\/iesllavaneres\/wp-content\/uploads\/usu2229\/2021\/03\/Fitxer_003-1536x1152-768x576.jpeg 768w, https:\/\/agora.xtec.cat\/iesllavaneres\/wp-content\/uploads\/usu2229\/2021\/03\/Fitxer_003-1536x1152-200x150.jpeg 200w, https:\/\/agora.xtec.cat\/iesllavaneres\/wp-content\/uploads\/usu2229\/2021\/03\/Fitxer_003-1536x1152.jpeg 1536w\" sizes=\"auto, (max-width: 500px) 100vw, 500px\" \/><\/a> <a href=\"https:\/\/agora.xtec.cat\/iesllavaneres\/wp-content\/uploads\/usu2229\/2021\/03\/Fitxer_001-1536x1152.jpeg\"><img loading=\"lazy\" decoding=\"async\" class=\"alignnone wp-image-759\" src=\"https:\/\/agora.xtec.cat\/iesllavaneres\/wp-content\/uploads\/usu2229\/2021\/03\/Fitxer_001-1536x1152-1024x768.jpeg\" alt=\"\" width=\"500\" height=\"375\" srcset=\"https:\/\/agora.xtec.cat\/iesllavaneres\/wp-content\/uploads\/usu2229\/2021\/03\/Fitxer_001-1536x1152-1024x768.jpeg 1024w, https:\/\/agora.xtec.cat\/iesllavaneres\/wp-content\/uploads\/usu2229\/2021\/03\/Fitxer_001-1536x1152-300x225.jpeg 300w, https:\/\/agora.xtec.cat\/iesllavaneres\/wp-content\/uploads\/usu2229\/2021\/03\/Fitxer_001-1536x1152-768x576.jpeg 768w, https:\/\/agora.xtec.cat\/iesllavaneres\/wp-content\/uploads\/usu2229\/2021\/03\/Fitxer_001-1536x1152-200x150.jpeg 200w, https:\/\/agora.xtec.cat\/iesllavaneres\/wp-content\/uploads\/usu2229\/2021\/03\/Fitxer_001-1536x1152.jpeg 1536w\" sizes=\"auto, (max-width: 500px) 100vw, 500px\" \/><\/a><\/p>\n<p>&nbsp;<\/p>\n<p>&nbsp;<\/p>\n","protected":false},"excerpt":{"rendered":"<p>Els alumnes de 1r d\u2019ESO, a la mat\u00e8ria de Visual i Pl\u00e0stica, hem fabricat durant les \u00faltimes setmanes diversos animals marins amb pl\u00e0stics reciclats. Aquest segon trimestre estem treballant l\u2019expressi\u00f3 tridimensional i concretament l\u2019Art Povera (o Art Pobre). que consisteix en fabricar objectes i escultures amb<\/p>\n","protected":false},"author":1,"featured_media":753,"comment_status":"open","ping_status":"closed","sticky":false,"template":"","format":"standard","meta":{"_bbp_topic_count":0,"_bbp_reply_count":0,"_bbp_total_topic_count":0,"_bbp_total_reply_count":0,"_bbp_voice_count":0,"_bbp_anonymous_reply_count":0,"_bbp_topic_count_hidden":0,"_bbp_reply_count_hidden":0,"_bbp_forum_subforum_count":0,"site-sidebar-layout":"default","site-content-layout":"","ast-site-content-layout":"","site-content-style":"default","site-sidebar-style":"default","ast-global-header-display":"","ast-banner-title-visibility":"","ast-main-header-display":"","ast-hfb-above-header-display":"","ast-hfb-below-header-display":"","ast-hfb-mobile-header-display":"","site-post-title":"","ast-breadcrumbs-content":"","ast-featured-img":"","footer-sml-layout":"","theme-transparent-header-meta":"","adv-header-id-meta":"","stick-header-meta":"","header-above-stick-meta":"","header-main-stick-meta":"","header-below-stick-meta":"","astra-migrate-meta-layouts":"default","ast-page-background-enabled":"default","ast-page-background-meta":{"desktop":{"background-color":"var(--ast-global-color-4)","background-image":"","background-repeat":"repeat","background-position":"center center","background-size":"auto","background-attachment":"scroll","background-type":"","background-media":"","overlay-type":"","overlay-color":"","overlay-opacity":"","overlay-gradient":""},"tablet":{"background-color":"","background-image":"","background-repeat":"repeat","background-position":"center center","background-size":"auto","background-attachment":"scroll","background-type":"","background-media":"","overlay-type":"","overlay-color":"","overlay-opacity":"","overlay-gradient":""},"mobile":{"background-color":"","background-image":"","background-repeat":"repeat","background-position":"center center","background-size":"auto","background-attachment":"scroll","background-type":"","background-media":"","overlay-type":"","overlay-color":"","overlay-opacity":"","overlay-gradient":""}},"ast-content-background-meta":{"desktop":{"background-color":"var(--ast-global-color-5)","background-image":"","background-repeat":"repeat","background-position":"center center","background-size":"auto","background-attachment":"scroll","background-type":"","background-media":"","overlay-type":"","overlay-color":"","overlay-opacity":"","overlay-gradient":""},"tablet":{"background-color":"var(--ast-global-color-5)","background-image":"","background-repeat":"repeat","background-position":"center center","background-size":"auto","background-attachment":"scroll","background-type":"","background-media":"","overlay-type":"","overlay-color":"","overlay-opacity":"","overlay-gradient":""},"mobile":{"background-color":"var(--ast-global-color-5)","background-image":"","background-repeat":"repeat","background-position":"center center","background-size":"auto","background-attachment":"scroll","background-type":"","background-media":"","overlay-type":"","overlay-color":"","overlay-opacity":"","overlay-gradient":""}},"footnotes":""},"categories":[4,29],"tags":[105,106,104],"class_list":["post-137","post","type-post","status-publish","format-standard","has-post-thumbnail","hentry","category-eso-1","category-portada","tag-1r-eso","tag-sostenibilitat","tag-visual-i-plastica"],"post_mailing_queue_ids":[],"_links":{"self":[{"href":"https:\/\/agora.xtec.cat\/iesllavaneres\/wp-json\/wp\/v2\/posts\/137","targetHints":{"allow":["GET"]}}],"collection":[{"href":"https:\/\/agora.xtec.cat\/iesllavaneres\/wp-json\/wp\/v2\/posts"}],"about":[{"href":"https:\/\/agora.xtec.cat\/iesllavaneres\/wp-json\/wp\/v2\/types\/post"}],"author":[{"embeddable":true,"href":"https:\/\/agora.xtec.cat\/iesllavaneres\/wp-json\/wp\/v2\/users\/1"}],"replies":[{"embeddable":true,"href":"https:\/\/agora.xtec.cat\/iesllavaneres\/wp-json\/wp\/v2\/comments?post=137"}],"version-history":[{"count":4,"href":"https:\/\/agora.xtec.cat\/iesllavaneres\/wp-json\/wp\/v2\/posts\/137\/revisions"}],"predecessor-version":[{"id":848,"href":"https:\/\/agora.xtec.cat\/iesllavaneres\/wp-json\/wp\/v2\/posts\/137\/revisions\/848"}],"wp:featuredmedia":[{"embeddable":true,"href":"https:\/\/agora.xtec.cat\/iesllavaneres\/wp-json\/wp\/v2\/media\/753"}],"wp:attachment":[{"href":"https:\/\/agora.xtec.cat\/iesllavaneres\/wp-json\/wp\/v2\/media?parent=137"}],"wp:term":[{"taxonomy":"category","embeddable":true,"href":"https:\/\/agora.xtec.cat\/iesllavaneres\/wp-json\/wp\/v2\/categories?post=137"},{"taxonomy":"post_tag","embeddable":true,"href":"https:\/\/agora.xtec.cat\/iesllavaneres\/wp-json\/wp\/v2\/tags?post=137"}],"curies":[{"name":"wp","href":"https:\/\/api.w.org\/{rel}","templated":true}]}}