{"id":1122,"date":"2021-12-02T23:40:20","date_gmt":"2021-12-02T22:40:20","guid":{"rendered":"https:\/\/agora.xtec.cat\/iesllavaneres\/?p=1122"},"modified":"2021-12-03T00:11:30","modified_gmt":"2021-12-02T23:11:30","slug":"eleccions-al-consell-escolar-2021","status":"publish","type":"post","link":"https:\/\/agora.xtec.cat\/iesllavaneres\/general\/eleccions-al-consell-escolar-2021\/","title":{"rendered":"Eleccions al Consell Escolar 2021."},"content":{"rendered":"<p><a href=\"https:\/\/agora.xtec.cat\/iesllavaneres\/general\/eleccions-al-consell-escolar-2021\/attachment\/ec2\/\" rel=\"attachment wp-att-1131\"><img loading=\"lazy\" decoding=\"async\" class=\"aligncenter wp-image-1131 size-medium\" src=\"https:\/\/agora.xtec.cat\/iesllavaneres\/wp-content\/uploads\/usu2229\/2021\/12\/ec2-300x225.jpg\" alt=\"\" width=\"300\" height=\"225\" srcset=\"https:\/\/agora.xtec.cat\/iesllavaneres\/wp-content\/uploads\/usu2229\/2021\/12\/ec2-300x225.jpg 300w, https:\/\/agora.xtec.cat\/iesllavaneres\/wp-content\/uploads\/usu2229\/2021\/12\/ec2-200x150.jpg 200w, https:\/\/agora.xtec.cat\/iesllavaneres\/wp-content\/uploads\/usu2229\/2021\/12\/ec2.jpg 593w\" sizes=\"auto, (max-width: 300px) 100vw, 300px\" \/><\/a><br \/>\nUs informem dels representants del nou Consell Escolar 2021 en el nostre centre.<\/p>\n<p>Dates eleccions:<br \/>\nDilluns 22-11-2021: <strong>Sector fam\u00edlies<\/strong>. Representant: <em>Xavier Cort\u00e9s Mart\u00ednez.<\/em><br \/>\nDimarts 23-11-2021: <strong>Sector alumnat.<\/strong> Representants: <em>Pol Yi Comas Fortuny i J\u00falia Pe\u00f1a Peinado<\/em>.<br \/>\nDimecres 24-11-2021: <strong>Sector professorat.<\/strong> Representants: <em>Enrique Chicote Blanco, Sergi Mis Castell i Luci Moro Rodr\u00edguez.<\/em><br \/>\nDimecres 24-11-2021: <strong>Sector PAS i PAE<\/strong>: <em>J\u00falia Capell\u00e0 Lario.<\/em><\/p>\n<p>\u2022 A tots els candidats presentats, un fort i inestimable agra\u00efment!<br \/>\n\u2022 Continuem treballant plegats pel nostre Institut!!!<\/p>\n","protected":false},"excerpt":{"rendered":"<p>Us informem dels representants del nou Consell Escolar 2021 en el nostre centre. Dates eleccions: Dilluns 22-11-2021: Sector fam\u00edlies. Representant: Xavier Cort\u00e9s Mart\u00ednez. Dimarts 23-11-2021: Sector alumnat. Representants: Pol Yi Comas Fortuny i J\u00falia Pe\u00f1a Peinado. Dimecres 24-11-2021: Sector professorat. Representants: Enrique Chicote Blanco, Sergi Mis Castell i Luci Moro Rodr\u00edguez. Dimecres 24-11-2021: Sector PAS [&hellip;]<\/p>\n","protected":false},"author":1,"featured_media":0,"comment_status":"closed","ping_status":"closed","sticky":false,"template":"","format":"standard","meta":{"_bbp_topic_count":0,"_bbp_reply_count":0,"_bbp_total_topic_count":0,"_bbp_total_reply_count":0,"_bbp_voice_count":0,"_bbp_anonymous_reply_count":0,"_bbp_topic_count_hidden":0,"_bbp_reply_count_hidden":0,"_bbp_forum_subforum_count":0,"site-sidebar-layout":"default","site-content-layout":"","ast-site-content-layout":"","site-content-style":"default","site-sidebar-style":"default","ast-global-header-display":"","ast-banner-title-visibility":"","ast-main-header-display":"","ast-hfb-above-header-display":"","ast-hfb-below-header-display":"","ast-hfb-mobile-header-display":"","site-post-title":"","ast-breadcrumbs-content":"","ast-featured-img":"","footer-sml-layout":"","theme-transparent-header-meta":"","adv-header-id-meta":"","stick-header-meta":"","header-above-stick-meta":"","header-main-stick-meta":"","header-below-stick-meta":"","astra-migrate-meta-layouts":"default","ast-page-background-enabled":"default","ast-page-background-meta":{"desktop":{"background-color":"var(--ast-global-color-4)","background-image":"","background-repeat":"repeat","background-position":"center center","background-size":"auto","background-attachment":"scroll","background-type":"","background-media":"","overlay-type":"","overlay-color":"","overlay-opacity":"","overlay-gradient":""},"tablet":{"background-color":"","background-image":"","background-repeat":"repeat","background-position":"center center","background-size":"auto","background-attachment":"scroll","background-type":"","background-media":"","overlay-type":"","overlay-color":"","overlay-opacity":"","overlay-gradient":""},"mobile":{"background-color":"","background-image":"","background-repeat":"repeat","background-position":"center center","background-size":"auto","background-attachment":"scroll","background-type":"","background-media":"","overlay-type":"","overlay-color":"","overlay-opacity":"","overlay-gradient":""}},"ast-content-background-meta":{"desktop":{"background-color":"var(--ast-global-color-5)","background-image":"","background-repeat":"repeat","background-position":"center center","background-size":"auto","background-attachment":"scroll","background-type":"","background-media":"","overlay-type":"","overlay-color":"","overlay-opacity":"","overlay-gradient":""},"tablet":{"background-color":"var(--ast-global-color-5)","background-image":"","background-repeat":"repeat","background-position":"center center","background-size":"auto","background-attachment":"scroll","background-type":"","background-media":"","overlay-type":"","overlay-color":"","overlay-opacity":"","overlay-gradient":""},"mobile":{"background-color":"var(--ast-global-color-5)","background-image":"","background-repeat":"repeat","background-position":"center center","background-size":"auto","background-attachment":"scroll","background-type":"","background-media":"","overlay-type":"","overlay-color":"","overlay-opacity":"","overlay-gradient":""}},"footnotes":""},"categories":[1,29],"tags":[],"class_list":["post-1122","post","type-post","status-publish","format-standard","hentry","category-general","category-portada"],"post_mailing_queue_ids":[],"_links":{"self":[{"href":"https:\/\/agora.xtec.cat\/iesllavaneres\/wp-json\/wp\/v2\/posts\/1122","targetHints":{"allow":["GET"]}}],"collection":[{"href":"https:\/\/agora.xtec.cat\/iesllavaneres\/wp-json\/wp\/v2\/posts"}],"about":[{"href":"https:\/\/agora.xtec.cat\/iesllavaneres\/wp-json\/wp\/v2\/types\/post"}],"author":[{"embeddable":true,"href":"https:\/\/agora.xtec.cat\/iesllavaneres\/wp-json\/wp\/v2\/users\/1"}],"replies":[{"embeddable":true,"href":"https:\/\/agora.xtec.cat\/iesllavaneres\/wp-json\/wp\/v2\/comments?post=1122"}],"version-history":[{"count":4,"href":"https:\/\/agora.xtec.cat\/iesllavaneres\/wp-json\/wp\/v2\/posts\/1122\/revisions"}],"predecessor-version":[{"id":1141,"href":"https:\/\/agora.xtec.cat\/iesllavaneres\/wp-json\/wp\/v2\/posts\/1122\/revisions\/1141"}],"wp:attachment":[{"href":"https:\/\/agora.xtec.cat\/iesllavaneres\/wp-json\/wp\/v2\/media?parent=1122"}],"wp:term":[{"taxonomy":"category","embeddable":true,"href":"https:\/\/agora.xtec.cat\/iesllavaneres\/wp-json\/wp\/v2\/categories?post=1122"},{"taxonomy":"post_tag","embeddable":true,"href":"https:\/\/agora.xtec.cat\/iesllavaneres\/wp-json\/wp\/v2\/tags?post=1122"}],"curies":[{"name":"wp","href":"https:\/\/api.w.org\/{rel}","templated":true}]}}