{"id":8,"count":98,"description":"<a href=\"https:\/\/preinscripcio.gencat.cat\/ca\/estudis\/batxillerat\/inici\/index.html\" target=\"_blank\" rel=\"noopener\"><strong>La preinscripci\u00f3 escolar al Batxillerat<\/strong><\/a>\r\n<p dir=\"ltr\"><span style=\"color: #000000;\"><span style=\"font-family: arial, sans-serif;\">L\u2019alumnat de 1r de BAT inicia una nova etapa de l\u2019Educaci\u00f3 Secund\u00e0ria postobligat\u00f2ria que consta de dos cursos acad\u00e8mics. El\u00a0<\/span><span style=\"font-family: arial, sans-serif;\">Batxillerat s\u2019organitza en modalitats per tal d\u2019oferir uns coneixements especialitzats d\u2019acord amb els interessos i les perspectives de\u00a0<\/span>futur de l\u2019alumnat. Les modalitats ofertes pel nostre institut s\u00f3n dues: Humanitats - Ci\u00e8ncies Socials i Ci\u00e8ncies-Tecnologia.<\/span><\/p>\r\n<p dir=\"ltr\"><span style=\"color: #000000;\"><span style=\"font-family: arial, sans-serif;\">D\u2019acord a l\u2019actual normativa, al finalitzar el Batxillerat, els alumnes que aproven totes les mat\u00e8ries obtenen\u00a0el t\u00edtol de batxillerat.\u00a0<\/span><span style=\"font-family: arial, sans-serif;\">Amb aquesta titulaci\u00f3 poden accedir a la Universitat, a Cicles Formatius de Grau Superior i Ensenyaments superiors art\u00edstics, o al\u00a0<\/span><span style=\"font-family: arial, sans-serif;\">m\u00f3n laboral. Per accedir a la universitat caldr\u00e0 haver fet les PAU. Per accedir a CGFS no ser\u00e0 necessari, per\u00f2 si en un centre hi ha\u00a0<\/span>m\u00e9s demanda que oferta, poden classificar els alumnes per nota\u00a0d\u2019expedient\u00a0de Batxillerat o fins i tot per si han fet o no les PAU.<\/span><\/p>\r\n<p dir=\"ltr\"><a href=\"https:\/\/agora.xtec.cat\/iesllavaneres\/wp-content\/uploads\/usu2229\/2026\/03\/Itineraris-i-optatives-Batxillerat-26-27.pdf\" target=\"_blank\" rel=\"noopener\"><strong>Itinerari i optatives de Batxillerat<\/strong><\/a><\/p>\r\n<p dir=\"ltr\"><span style=\"color: #000000;\"><span style=\"font-family: arial, sans-serif;\"><strong>Modalitat de Ci\u00e8ncies i Tecnologia<\/strong>:\u00a0alumnat interessat en les ci\u00e8ncies experimentals, les matem\u00e0tiques, els estudis relacionats\u00a0<\/span>amb continguts\u00a0cient\u00edficosanitaris<wbr \/>\u00a0i el m\u00f3n dels processos tecnol\u00f2gics i dels materials, instruments, aparells i m\u00e0quines.<\/span><\/p>\r\n<p dir=\"ltr\"><span style=\"color: #000000;\"><span style=\"font-family: arial, sans-serif;\"><strong>Modalitat d\u2019Humanitats i Ci\u00e8ncies socials<\/strong>:\u00a0alumnat amb inquietuds relacionades amb els estudis ling\u00fc\u00edstics i literaris, la filosofia,\u00a0<\/span><span style=\"font-family: arial, sans-serif;\">les manifestacions culturals, les ci\u00e8ncies socials, jur\u00eddiques, pol\u00edtiques i econ\u00f2miques la gesti\u00f3 i administraci\u00f3 p\u00fablica, la\u00a0<\/span>comunicaci\u00f3, les relacions p\u00fabliques, la publicitat, el turisme i altres serveis d\u2019oci.<\/span><\/p>","link":"https:\/\/agora.xtec.cat\/iesllavaneres\/categoria\/batxillerat\/","name":"Batxillerat","slug":"batxillerat","taxonomy":"category","parent":0,"meta":[],"_links":{"self":[{"href":"https:\/\/agora.xtec.cat\/iesllavaneres\/wp-json\/wp\/v2\/categories\/8","targetHints":{"allow":["GET"]}}],"collection":[{"href":"https:\/\/agora.xtec.cat\/iesllavaneres\/wp-json\/wp\/v2\/categories"}],"about":[{"href":"https:\/\/agora.xtec.cat\/iesllavaneres\/wp-json\/wp\/v2\/taxonomies\/category"}],"wp:post_type":[{"href":"https:\/\/agora.xtec.cat\/iesllavaneres\/wp-json\/wp\/v2\/posts?categories=8"}],"curies":[{"name":"wp","href":"https:\/\/api.w.org\/{rel}","templated":true}]}}