{"id":9540,"date":"2026-04-21T16:40:20","date_gmt":"2026-04-21T14:40:20","guid":{"rendered":"https:\/\/agora.xtec.cat\/iesllagostera\/?p=9540"},"modified":"2026-04-21T16:42:38","modified_gmt":"2026-04-21T14:42:38","slug":"informacio-de-les-preinscripcions-i-matricules-deso-batx-i-pfi","status":"publish","type":"post","link":"https:\/\/agora.xtec.cat\/iesllagostera\/general\/informacio-de-les-preinscripcions-i-matricules-deso-batx-i-pfi\/","title":{"rendered":"Informaci\u00f3 de les Preinscripcions i Matr\u00edcules d\u2019ESO, BATX i PFI"},"content":{"rendered":"<p>TOTA la informaci\u00f3 de les preinscripcions i matr\u00edcules d\u2019ESO, Batxillerat i PFI del curs 2026-2027 a la <a href=\"https:\/\/agora.xtec.cat\/iesllagostera\/secretaria\/preinscripcions-i-matricula\/\" target=\"_blank\" rel=\"noopener\">web<\/a>.<\/p>\n<p>\u00daLTIMA INFORMACI\u00d3:<\/p>\n<h4><a href=\"https:\/\/drive.google.com\/file\/d\/1pSILb_hlqNgGt2lR4njn7H86k8__PaLp\/view?usp=sharing\" target=\"_blank\" rel=\"noopener\">Llista de sol\u00b7licituds que han demanat el centre i l\u2019ensenyament 1ESO\u00a0<\/a><\/h4>\n<p><a href=\"https:\/\/drive.google.com\/file\/d\/1taDbTHRTJ1E8OacjErgrDOLw3rT8VWUt\/view?usp=sharing\" target=\"_blank\" rel=\"noopener\">INFORMACI\u00d3 FAM\u00cdLIES 1r BAT: CONFIRMACI\u00d3 DE PLA\u00c7A PER 2n BAT CURS 2026\/2027<\/a><\/p>\n","protected":false},"excerpt":{"rendered":"<p>TOTA la informaci\u00f3 de les preinscripcions i matr\u00edcules d\u2019ESO, Batxillerat i PFI del curs 2026-2027 a la <a href=\"https:\/\/agora.xtec.cat\/iesllagostera\/secretaria\/preinscripcions-i-matricula\/\" target=\"_blank\" rel=\"noopener\">web<\/a>.<br \/>\n\u00daLTIMA INFORMACI\u00d3:<br \/>\n<a href=\"https:\/\/drive.google.com\/file\/d\/1pSILb_hlqNgGt2lR4njn7H86k8__PaLp\/view?usp=sharing\" target=\"_blank\" rel=\"noopener\">Llista de sol\u00b7licituds que han demanat el centre i l\u2019ensenyament 1ESO\u00a0<\/a><br \/>\n<a href=\"https:\/\/drive.google.com\/file\/d\/1taDbTHRTJ1E8OacjErgrDOLw3rT8VWUt\/view?usp=sharing\" target=\"_blank\" rel=\"noopener\">INFORMACI\u00d3 FAM\u00cdLIES 1r BAT: CONFIRMACI\u00d3 DE PLA\u00c7A PER&hellip;  <a href=\"https:\/\/agora.xtec.cat\/iesllagostera\/general\/informacio-de-les-preinscripcions-i-matricules-deso-batx-i-pfi\/\" title=\"Read Informaci\u00f3 de les Preinscripcions i Matr\u00edcules d\u2019ESO, BATX i PFI\">Llegeix m\u00e9s\u00bb<\/a><\/p>\n","protected":false},"author":1,"featured_media":9446,"comment_status":"closed","ping_status":"closed","sticky":false,"template":"","format":"standard","meta":{"_bbp_topic_count":0,"_bbp_reply_count":0,"_bbp_total_topic_count":0,"_bbp_total_reply_count":0,"_bbp_voice_count":0,"_bbp_anonymous_reply_count":0,"_bbp_topic_count_hidden":0,"_bbp_reply_count_hidden":0,"_bbp_forum_subforum_count":0,"footnotes":""},"categories":[1,29],"tags":[350,349],"class_list":["post-9540","post","type-post","status-publish","format-standard","has-post-thumbnail","hentry","category-general","category-portada","tag-matricules","tag-preinscripcions"],"post_mailing_queue_ids":[],"_links":{"self":[{"href":"https:\/\/agora.xtec.cat\/iesllagostera\/wp-json\/wp\/v2\/posts\/9540","targetHints":{"allow":["GET"]}}],"collection":[{"href":"https:\/\/agora.xtec.cat\/iesllagostera\/wp-json\/wp\/v2\/posts"}],"about":[{"href":"https:\/\/agora.xtec.cat\/iesllagostera\/wp-json\/wp\/v2\/types\/post"}],"author":[{"embeddable":true,"href":"https:\/\/agora.xtec.cat\/iesllagostera\/wp-json\/wp\/v2\/users\/1"}],"replies":[{"embeddable":true,"href":"https:\/\/agora.xtec.cat\/iesllagostera\/wp-json\/wp\/v2\/comments?post=9540"}],"version-history":[{"count":2,"href":"https:\/\/agora.xtec.cat\/iesllagostera\/wp-json\/wp\/v2\/posts\/9540\/revisions"}],"predecessor-version":[{"id":9542,"href":"https:\/\/agora.xtec.cat\/iesllagostera\/wp-json\/wp\/v2\/posts\/9540\/revisions\/9542"}],"wp:featuredmedia":[{"embeddable":true,"href":"https:\/\/agora.xtec.cat\/iesllagostera\/wp-json\/wp\/v2\/media\/9446"}],"wp:attachment":[{"href":"https:\/\/agora.xtec.cat\/iesllagostera\/wp-json\/wp\/v2\/media?parent=9540"}],"wp:term":[{"taxonomy":"category","embeddable":true,"href":"https:\/\/agora.xtec.cat\/iesllagostera\/wp-json\/wp\/v2\/categories?post=9540"},{"taxonomy":"post_tag","embeddable":true,"href":"https:\/\/agora.xtec.cat\/iesllagostera\/wp-json\/wp\/v2\/tags?post=9540"}],"curies":[{"name":"wp","href":"https:\/\/api.w.org\/{rel}","templated":true}]}}