{"id":9478,"date":"2026-04-10T08:34:03","date_gmt":"2026-04-10T06:34:03","guid":{"rendered":"https:\/\/agora.xtec.cat\/iesllagostera\/?p=9478"},"modified":"2026-04-10T08:34:03","modified_gmt":"2026-04-10T06:34:03","slug":"en-buba-i-en-lakami-a-la-festa-dels-20-anys-del-projecte-rossinyol","status":"publish","type":"post","link":"https:\/\/agora.xtec.cat\/iesllagostera\/general\/en-buba-i-en-lakami-a-la-festa-dels-20-anys-del-projecte-rossinyol\/","title":{"rendered":"En Buba i en Lakami a la Festa dels 20 anys del Projecte Rossinyol"},"content":{"rendered":"<p style=\"text-align: justify;\">Ahir en Buba i en Lakami van anar a la UdG per celebrar els 20 anys del Projecte Rossinyol. Van passar una tarda divertida i diferent gaudint d\u2019un espectacle de m\u00e0gia, d\u2019un concert i d\u2019un bon berenar.<\/p>\n<p style=\"text-align: justify;\">Aquest any, el <strong>Projecte Rossinyol<\/strong> de mentoria social de la Universitat de Girona celebra vint anys de traject\u00f2ria i impacte a la comunitat, i ho va fer amb un acte commemoratiu que va tenir lloc ahir, de 17.30 a 19.30 h, a la pla\u00e7a de Sant Dom\u00e8nec de Girona.<\/p>\n<p style=\"text-align: justify;\">L&#8217;esdeveniment, organitzat per la Universitat de Girona, va comptar amb la pres\u00e8ncia de representants institucionals, estudiants, fam\u00edlies, centres educatius, ajuntaments i entitats col\u00b7laboradores.<\/p>\n<p style=\"text-align: justify;\">Durant dues d\u00e8cades, el\u00a0<a id=\"https:\/\/www.projecterossinyol.org\/\" href=\"https:\/\/www.projecterossinyol.org\/\" target=\"_blank\" rel=\"noreferrer noopener\" type=\"link\">Projecte Rossinyol<\/a> ha esdevingut molt m\u00e9s que un programa de mentoria: ha creat vincles s\u00f2lids entre estudiants universitaris i joves d&#8217;instituts, ha obert espais d&#8217;oportunitat i ha contribu\u00eft a generar comunitat. L&#8217;acte va voler recon\u00e8ixer totes les persones i institucions que han fet possible aquest recorregut compartit.<\/p>\n","protected":false},"excerpt":{"rendered":"<p>Ahir en Buba i en Lakami van anar a la UdG per celebrar els 20 anys del Projecte Rossinyol. Van passar una tarda divertida i diferent gaudint d\u2019un espectacle de m\u00e0gia, d\u2019un concert i d\u2019un bon berenar.<br \/>\nAquest any, el Projecte Rossinyol de mentoria social de&hellip;  <a href=\"https:\/\/agora.xtec.cat\/iesllagostera\/general\/en-buba-i-en-lakami-a-la-festa-dels-20-anys-del-projecte-rossinyol\/\" title=\"Read En Buba i en Lakami a la Festa dels 20 anys del Projecte Rossinyol\">Llegeix m\u00e9s\u00bb<\/a><\/p>\n","protected":false},"author":1,"featured_media":9479,"comment_status":"closed","ping_status":"closed","sticky":false,"template":"","format":"standard","meta":{"_bbp_topic_count":0,"_bbp_reply_count":0,"_bbp_total_topic_count":0,"_bbp_total_reply_count":0,"_bbp_voice_count":0,"_bbp_anonymous_reply_count":0,"_bbp_topic_count_hidden":0,"_bbp_reply_count_hidden":0,"_bbp_forum_subforum_count":0,"footnotes":""},"categories":[3,1,29],"tags":[308],"class_list":["post-9478","post","type-post","status-publish","format-standard","has-post-thumbnail","hentry","category-eso","category-general","category-portada","tag-projecte-rossinyol-udg"],"post_mailing_queue_ids":[],"_links":{"self":[{"href":"https:\/\/agora.xtec.cat\/iesllagostera\/wp-json\/wp\/v2\/posts\/9478","targetHints":{"allow":["GET"]}}],"collection":[{"href":"https:\/\/agora.xtec.cat\/iesllagostera\/wp-json\/wp\/v2\/posts"}],"about":[{"href":"https:\/\/agora.xtec.cat\/iesllagostera\/wp-json\/wp\/v2\/types\/post"}],"author":[{"embeddable":true,"href":"https:\/\/agora.xtec.cat\/iesllagostera\/wp-json\/wp\/v2\/users\/1"}],"replies":[{"embeddable":true,"href":"https:\/\/agora.xtec.cat\/iesllagostera\/wp-json\/wp\/v2\/comments?post=9478"}],"version-history":[{"count":1,"href":"https:\/\/agora.xtec.cat\/iesllagostera\/wp-json\/wp\/v2\/posts\/9478\/revisions"}],"predecessor-version":[{"id":9480,"href":"https:\/\/agora.xtec.cat\/iesllagostera\/wp-json\/wp\/v2\/posts\/9478\/revisions\/9480"}],"wp:featuredmedia":[{"embeddable":true,"href":"https:\/\/agora.xtec.cat\/iesllagostera\/wp-json\/wp\/v2\/media\/9479"}],"wp:attachment":[{"href":"https:\/\/agora.xtec.cat\/iesllagostera\/wp-json\/wp\/v2\/media?parent=9478"}],"wp:term":[{"taxonomy":"category","embeddable":true,"href":"https:\/\/agora.xtec.cat\/iesllagostera\/wp-json\/wp\/v2\/categories?post=9478"},{"taxonomy":"post_tag","embeddable":true,"href":"https:\/\/agora.xtec.cat\/iesllagostera\/wp-json\/wp\/v2\/tags?post=9478"}],"curies":[{"name":"wp","href":"https:\/\/api.w.org\/{rel}","templated":true}]}}