{"id":1077,"date":"2020-01-29T18:24:29","date_gmt":"2020-01-29T17:24:29","guid":{"rendered":"https:\/\/agora.xtec.cat\/iesllagostera\/?p=1077"},"modified":"2020-02-18T19:21:47","modified_gmt":"2020-02-18T18:21:47","slug":"sortida-2n-trimestre-4t-eso-la-pedrera-i-el-tnc","status":"publish","type":"post","link":"https:\/\/agora.xtec.cat\/iesllagostera\/general\/sortida-2n-trimestre-4t-eso-la-pedrera-i-el-tnc\/","title":{"rendered":"Sortida 2n Trimestre 4t d&#8217;ESO: La Pedrera i TNC"},"content":{"rendered":"<p>Els alumnes de 4t d&#8217;ESO han visitat La Pedrera-Casa Mil\u00e0 d&#8217;Antoni Gaud\u00ed i han anat al TNC a veure l&#8217;obra Rapha\u00eblle. <a href=\"https:\/\/photos.app.goo.gl\/sSfiZL3c7DVeu5mh8\" target=\"_blank\" rel=\"noopener noreferrer\">Fotografies<\/a>.<\/p>\n","protected":false},"excerpt":{"rendered":"<p>Els alumnes de 4t d&#8217;ESO han visitat La Pedrera-Casa Mil\u00e0 d&#8217;Antoni Gaud\u00ed i han anat al TNC a veure l&#8217;obra Rapha\u00eblle. <a href=\"https:\/\/photos.app.goo.gl\/sSfiZL3c7DVeu5mh8\" target=\"_blank\" rel=\"noopener noreferrer\">Fotografies<\/a>.<\/p>\n","protected":false},"author":1,"featured_media":1089,"comment_status":"open","ping_status":"closed","sticky":false,"template":"","format":"standard","meta":{"_bbp_topic_count":0,"_bbp_reply_count":0,"_bbp_total_topic_count":0,"_bbp_total_reply_count":0,"_bbp_voice_count":0,"_bbp_anonymous_reply_count":0,"_bbp_topic_count_hidden":0,"_bbp_reply_count_hidden":0,"_bbp_forum_subforum_count":0,"footnotes":""},"categories":[7,3,1,29],"tags":[39],"class_list":["post-1077","post","type-post","status-publish","format-standard","has-post-thumbnail","hentry","category-eso-4","category-eso","category-general","category-portada","tag-sortides"],"post_mailing_queue_ids":[],"_links":{"self":[{"href":"https:\/\/agora.xtec.cat\/iesllagostera\/wp-json\/wp\/v2\/posts\/1077","targetHints":{"allow":["GET"]}}],"collection":[{"href":"https:\/\/agora.xtec.cat\/iesllagostera\/wp-json\/wp\/v2\/posts"}],"about":[{"href":"https:\/\/agora.xtec.cat\/iesllagostera\/wp-json\/wp\/v2\/types\/post"}],"author":[{"embeddable":true,"href":"https:\/\/agora.xtec.cat\/iesllagostera\/wp-json\/wp\/v2\/users\/1"}],"replies":[{"embeddable":true,"href":"https:\/\/agora.xtec.cat\/iesllagostera\/wp-json\/wp\/v2\/comments?post=1077"}],"version-history":[{"count":3,"href":"https:\/\/agora.xtec.cat\/iesllagostera\/wp-json\/wp\/v2\/posts\/1077\/revisions"}],"predecessor-version":[{"id":1179,"href":"https:\/\/agora.xtec.cat\/iesllagostera\/wp-json\/wp\/v2\/posts\/1077\/revisions\/1179"}],"wp:featuredmedia":[{"embeddable":true,"href":"https:\/\/agora.xtec.cat\/iesllagostera\/wp-json\/wp\/v2\/media\/1089"}],"wp:attachment":[{"href":"https:\/\/agora.xtec.cat\/iesllagostera\/wp-json\/wp\/v2\/media?parent=1077"}],"wp:term":[{"taxonomy":"category","embeddable":true,"href":"https:\/\/agora.xtec.cat\/iesllagostera\/wp-json\/wp\/v2\/categories?post=1077"},{"taxonomy":"post_tag","embeddable":true,"href":"https:\/\/agora.xtec.cat\/iesllagostera\/wp-json\/wp\/v2\/tags?post=1077"}],"curies":[{"name":"wp","href":"https:\/\/api.w.org\/{rel}","templated":true}]}}