{"id":985,"date":"2018-11-06T12:15:03","date_gmt":"2018-11-06T11:15:03","guid":{"rendered":"http:\/\/agora.xtec.cat\/ieslesmarines\/?p=985"},"modified":"2018-11-06T12:15:03","modified_gmt":"2018-11-06T11:15:03","slug":"eleccions-al-consell-escolar","status":"publish","type":"post","link":"https:\/\/agora.xtec.cat\/ieslesmarines\/portada\/eleccions-al-consell-escolar\/","title":{"rendered":"ELECCIONS AL CONSELL ESCOLAR"},"content":{"rendered":"<p><span style=\"font-weight: 400;\">Informem a tota la comunitat escolar que des del 5 de novembre s\u2019ha iniciat el per\u00edode de renovaci\u00f3 dels Consells Escolars.<\/span><\/p>\n<p><span style=\"font-weight: 400;\">Els Consells es renoven per meitats cada dos anys i hi estan representats tots els sectors que conformen la comunitat educativa: el professorat, pares i mares, personal no docent, Ajuntament i alumnat. Aquest any cal renovar:<\/span><\/p>\n<ul>\n<li style=\"font-weight: 400;\"><span style=\"font-weight: 400;\">Quatre representants del sector fam\u00edlies.<\/span><\/li>\n<li style=\"font-weight: 400;\"><span style=\"font-weight: 400;\">Tres representants del sector de professorat.<\/span><\/li>\n<li style=\"font-weight: 400;\"><span style=\"font-weight: 400;\">Dos representants del sector dels alumnes.<\/span><\/li>\n<\/ul>\n<p><span style=\"font-weight: 400;\">El Consell Escolar \u00e9s l\u2019\u00f2rgan de participaci\u00f3 de la comunitat educativa en el govern dels centres escolars. \u00c9s per aix\u00f2 que us volem encoratjar a participar-hi presentant-vos com a candidats i fent \u00fas del vostre dret al vot.<\/span><\/p>\n<p><span style=\"font-weight: 400;\">CALENDARI<\/span><\/p>\n<table>\n<tbody>\n<tr>\n<td><span style=\"font-weight: 400;\">5 de novembre de 2018<\/span><\/td>\n<td><span style=\"font-weight: 400;\">Publicaci\u00f3 cens electoral del centre en el taulell d\u2019anuncis<\/span><\/td>\n<\/tr>\n<tr>\n<td><span style=\"font-weight: 400;\">9 de novembre de 2018<\/span><\/td>\n<td><span style=\"font-weight: 400;\">Sorteig per tal de designar els vocals de les meses.<\/span><\/td>\n<\/tr>\n<tr>\n<td><span style=\"font-weight: 400;\">Fins el 16 de novembre de 2018<\/span><\/td>\n<td><span style=\"font-weight: 400;\">Presentaci\u00f3 candidatures a la Secretaria del centre<\/span><\/td>\n<\/tr>\n<tr>\n<td><span style=\"font-weight: 400;\">28 de novembre de 2018<\/span><\/td>\n<td><span style=\"font-weight: 400;\">Elecci\u00f3 del sector fam\u00edlies:<\/span><\/p>\n<p><span style=\"font-weight: 400;\">Tarda 17:00-19:00<\/span><\/td>\n<\/tr>\n<tr>\n<td><span style=\"font-weight: 400;\">28 de novembre de 2018<\/span><\/td>\n<td><span style=\"font-weight: 400;\">Elecci\u00f3 del sector alumnes:<\/span><\/p>\n<p><span style=\"font-weight: 400;\">Al llarg de la jornada lectiva<\/span><\/td>\n<\/tr>\n<tr>\n<td><span style=\"font-weight: 400;\">29 de novembre de 2018<\/span><\/td>\n<td><span style=\"font-weight: 400;\">Elecci\u00f3 del sector professors:<\/span><\/p>\n<p><span style=\"font-weight: 400;\">Tarda<\/span><\/td>\n<\/tr>\n<\/tbody>\n<\/table>\n<p>&nbsp;<\/p>\n","protected":false},"excerpt":{"rendered":"<p>Informem a tota la comunitat escolar que des del 5 de novembre s\u2019ha iniciat el per\u00edode de renovaci\u00f3 dels Consells Escolars. Els Consells es renoven per meitats cada dos anys i hi estan representats tots els sectors que conformen la comunitat educativa: el professorat, pares i mares, personal no docent, Ajuntament i alumnat. Aquest any [&hellip;]<\/p>\n","protected":false},"author":1,"featured_media":986,"comment_status":"open","ping_status":"closed","sticky":false,"template":"","format":"standard","meta":{"_bbp_topic_count":0,"_bbp_reply_count":0,"_bbp_total_topic_count":0,"_bbp_total_reply_count":0,"_bbp_voice_count":0,"_bbp_anonymous_reply_count":0,"_bbp_topic_count_hidden":0,"_bbp_reply_count_hidden":0,"_bbp_forum_subforum_count":0,"site-sidebar-layout":"default","site-content-layout":"","ast-site-content-layout":"","site-content-style":"default","site-sidebar-style":"default","ast-global-header-display":"","ast-banner-title-visibility":"","ast-main-header-display":"","ast-hfb-above-header-display":"","ast-hfb-below-header-display":"","ast-hfb-mobile-header-display":"","site-post-title":"","ast-breadcrumbs-content":"","ast-featured-img":"","footer-sml-layout":"","theme-transparent-header-meta":"","adv-header-id-meta":"","stick-header-meta":"","header-above-stick-meta":"","header-main-stick-meta":"","header-below-stick-meta":"","astra-migrate-meta-layouts":"default","ast-page-background-enabled":"default","ast-page-background-meta":{"desktop":{"background-color":"var(--ast-global-color-4)","background-image":"","background-repeat":"repeat","background-position":"center center","background-size":"auto","background-attachment":"scroll","background-type":"","background-media":"","overlay-type":"","overlay-color":"","overlay-opacity":"","overlay-gradient":""},"tablet":{"background-color":"","background-image":"","background-repeat":"repeat","background-position":"center center","background-size":"auto","background-attachment":"scroll","background-type":"","background-media":"","overlay-type":"","overlay-color":"","overlay-opacity":"","overlay-gradient":""},"mobile":{"background-color":"","background-image":"","background-repeat":"repeat","background-position":"center center","background-size":"auto","background-attachment":"scroll","background-type":"","background-media":"","overlay-type":"","overlay-color":"","overlay-opacity":"","overlay-gradient":""}},"ast-content-background-meta":{"desktop":{"background-color":"var(--ast-global-color-5)","background-image":"","background-repeat":"repeat","background-position":"center center","background-size":"auto","background-attachment":"scroll","background-type":"","background-media":"","overlay-type":"","overlay-color":"","overlay-opacity":"","overlay-gradient":""},"tablet":{"background-color":"var(--ast-global-color-5)","background-image":"","background-repeat":"repeat","background-position":"center center","background-size":"auto","background-attachment":"scroll","background-type":"","background-media":"","overlay-type":"","overlay-color":"","overlay-opacity":"","overlay-gradient":""},"mobile":{"background-color":"var(--ast-global-color-5)","background-image":"","background-repeat":"repeat","background-position":"center center","background-size":"auto","background-attachment":"scroll","background-type":"","background-media":"","overlay-type":"","overlay-color":"","overlay-opacity":"","overlay-gradient":""}},"footnotes":""},"categories":[29],"tags":[],"class_list":["post-985","post","type-post","status-publish","format-standard","has-post-thumbnail","hentry","category-portada"],"post_mailing_queue_ids":[],"_links":{"self":[{"href":"https:\/\/agora.xtec.cat\/ieslesmarines\/wp-json\/wp\/v2\/posts\/985","targetHints":{"allow":["GET"]}}],"collection":[{"href":"https:\/\/agora.xtec.cat\/ieslesmarines\/wp-json\/wp\/v2\/posts"}],"about":[{"href":"https:\/\/agora.xtec.cat\/ieslesmarines\/wp-json\/wp\/v2\/types\/post"}],"author":[{"embeddable":true,"href":"https:\/\/agora.xtec.cat\/ieslesmarines\/wp-json\/wp\/v2\/users\/1"}],"replies":[{"embeddable":true,"href":"https:\/\/agora.xtec.cat\/ieslesmarines\/wp-json\/wp\/v2\/comments?post=985"}],"version-history":[{"count":1,"href":"https:\/\/agora.xtec.cat\/ieslesmarines\/wp-json\/wp\/v2\/posts\/985\/revisions"}],"predecessor-version":[{"id":987,"href":"https:\/\/agora.xtec.cat\/ieslesmarines\/wp-json\/wp\/v2\/posts\/985\/revisions\/987"}],"wp:featuredmedia":[{"embeddable":true,"href":"https:\/\/agora.xtec.cat\/ieslesmarines\/wp-json\/wp\/v2\/media\/986"}],"wp:attachment":[{"href":"https:\/\/agora.xtec.cat\/ieslesmarines\/wp-json\/wp\/v2\/media?parent=985"}],"wp:term":[{"taxonomy":"category","embeddable":true,"href":"https:\/\/agora.xtec.cat\/ieslesmarines\/wp-json\/wp\/v2\/categories?post=985"},{"taxonomy":"post_tag","embeddable":true,"href":"https:\/\/agora.xtec.cat\/ieslesmarines\/wp-json\/wp\/v2\/tags?post=985"}],"curies":[{"name":"wp","href":"https:\/\/api.w.org\/{rel}","templated":true}]}}