{"id":972,"date":"2018-10-23T12:34:40","date_gmt":"2018-10-23T10:34:40","guid":{"rendered":"http:\/\/agora.xtec.cat\/ieslesmarines\/?p=972"},"modified":"2018-10-24T13:45:47","modified_gmt":"2018-10-24T11:45:47","slug":"ciutats-defensores-dels-drets-humans","status":"publish","type":"post","link":"https:\/\/agora.xtec.cat\/ieslesmarines\/portada\/ciutats-defensores-dels-drets-humans\/","title":{"rendered":"Ciutats defensores dels drets humans"},"content":{"rendered":"<p>El passat 8 i 11 d&#8217;octubre, els alumnes de 1r i 2n de batxillerat van poder participar un any m\u00e9s en dues xerrades organitzades per l&#8217;Ajuntament de Castelldefels com a part del programa &#8220;<span style=\"font-family: arial, helvetica, sans-serif;\">Ciutats defensores dels drets humans&#8221;. En aquesta ocasi\u00f3 van poder escoltar de primera m\u00e0 els testimonis commovedors de quatre\u00a0 defensors dels drets humans als seus pa\u00efsos.\u00a0Manal Tamimi va parlar sobre la vulneraci\u00f3 sistem\u00e0tica dels drets del poble palest\u00ed. L&#8217;activista hondurenya Margarita Pineda va exposar la lluita dels pobles ind\u00edgenes del seu pa\u00eds contra les concessions irregulars de rius i terrenys a empreses mineres i projectes hidroel\u00e8ctrics en les seves terres. El senegal\u00e8s Spitou Mendy va compartir la seva experi\u00e8ncia en la defensa dels drets socials i laborals dels treballadors i treballadores als hivernacles al camp d&#8217;Almeria. Per \u00faltim, la mexicana Janahuy Paredes, va oferir el seu colpidor testimoni com a filla de desaparegut i militant en la promoci\u00f3 i defensa dels drets humans al seu pa\u00eds. Despr\u00e9s de presentar-nos la situaci\u00f3 que estan vivint, els nostres alumnes van tenir la possibilitat de fer preguntes, totes elles molt interessants. Felicitem als nostres nois i noies de batxillerat pel respecte i inter\u00e8s que van mostrar en tot moment. A aquest <a href=\"https:\/\/photos.app.goo.gl\/ES23h8sL32hrkb4W9\" target=\"_blank\" rel=\"noopener\">link<\/a> trobar\u00e0s una selecci\u00f3 de fotografies d&#8217;aquestes dues xerrades.<\/span><\/p>\n","protected":false},"excerpt":{"rendered":"<p>El passat 8 i 11 d&#8217;octubre, els alumnes de 1r i 2n de batxillerat van poder participar un any m\u00e9s en dues xerrades organitzades per l&#8217;Ajuntament de Castelldefels com a part del programa &#8220;Ciutats defensores dels drets humans&#8221;. En aquesta ocasi\u00f3 van poder escoltar de primera m\u00e0 els testimonis commovedors de quatre\u00a0 defensors dels drets [&hellip;]<\/p>\n","protected":false},"author":1,"featured_media":973,"comment_status":"open","ping_status":"closed","sticky":false,"template":"","format":"standard","meta":{"_bbp_topic_count":0,"_bbp_reply_count":0,"_bbp_total_topic_count":0,"_bbp_total_reply_count":0,"_bbp_voice_count":0,"_bbp_anonymous_reply_count":0,"_bbp_topic_count_hidden":0,"_bbp_reply_count_hidden":0,"_bbp_forum_subforum_count":0,"site-sidebar-layout":"default","site-content-layout":"","ast-site-content-layout":"","site-content-style":"default","site-sidebar-style":"default","ast-global-header-display":"","ast-banner-title-visibility":"","ast-main-header-display":"","ast-hfb-above-header-display":"","ast-hfb-below-header-display":"","ast-hfb-mobile-header-display":"","site-post-title":"","ast-breadcrumbs-content":"","ast-featured-img":"","footer-sml-layout":"","theme-transparent-header-meta":"","adv-header-id-meta":"","stick-header-meta":"","header-above-stick-meta":"","header-main-stick-meta":"","header-below-stick-meta":"","astra-migrate-meta-layouts":"default","ast-page-background-enabled":"default","ast-page-background-meta":{"desktop":{"background-color":"var(--ast-global-color-4)","background-image":"","background-repeat":"repeat","background-position":"center center","background-size":"auto","background-attachment":"scroll","background-type":"","background-media":"","overlay-type":"","overlay-color":"","overlay-opacity":"","overlay-gradient":""},"tablet":{"background-color":"","background-image":"","background-repeat":"repeat","background-position":"center center","background-size":"auto","background-attachment":"scroll","background-type":"","background-media":"","overlay-type":"","overlay-color":"","overlay-opacity":"","overlay-gradient":""},"mobile":{"background-color":"","background-image":"","background-repeat":"repeat","background-position":"center center","background-size":"auto","background-attachment":"scroll","background-type":"","background-media":"","overlay-type":"","overlay-color":"","overlay-opacity":"","overlay-gradient":""}},"ast-content-background-meta":{"desktop":{"background-color":"var(--ast-global-color-5)","background-image":"","background-repeat":"repeat","background-position":"center center","background-size":"auto","background-attachment":"scroll","background-type":"","background-media":"","overlay-type":"","overlay-color":"","overlay-opacity":"","overlay-gradient":""},"tablet":{"background-color":"var(--ast-global-color-5)","background-image":"","background-repeat":"repeat","background-position":"center center","background-size":"auto","background-attachment":"scroll","background-type":"","background-media":"","overlay-type":"","overlay-color":"","overlay-opacity":"","overlay-gradient":""},"mobile":{"background-color":"var(--ast-global-color-5)","background-image":"","background-repeat":"repeat","background-position":"center center","background-size":"auto","background-attachment":"scroll","background-type":"","background-media":"","overlay-type":"","overlay-color":"","overlay-opacity":"","overlay-gradient":""}},"footnotes":""},"categories":[29],"tags":[],"class_list":["post-972","post","type-post","status-publish","format-standard","has-post-thumbnail","hentry","category-portada"],"post_mailing_queue_ids":[],"_links":{"self":[{"href":"https:\/\/agora.xtec.cat\/ieslesmarines\/wp-json\/wp\/v2\/posts\/972","targetHints":{"allow":["GET"]}}],"collection":[{"href":"https:\/\/agora.xtec.cat\/ieslesmarines\/wp-json\/wp\/v2\/posts"}],"about":[{"href":"https:\/\/agora.xtec.cat\/ieslesmarines\/wp-json\/wp\/v2\/types\/post"}],"author":[{"embeddable":true,"href":"https:\/\/agora.xtec.cat\/ieslesmarines\/wp-json\/wp\/v2\/users\/1"}],"replies":[{"embeddable":true,"href":"https:\/\/agora.xtec.cat\/ieslesmarines\/wp-json\/wp\/v2\/comments?post=972"}],"version-history":[{"count":3,"href":"https:\/\/agora.xtec.cat\/ieslesmarines\/wp-json\/wp\/v2\/posts\/972\/revisions"}],"predecessor-version":[{"id":977,"href":"https:\/\/agora.xtec.cat\/ieslesmarines\/wp-json\/wp\/v2\/posts\/972\/revisions\/977"}],"wp:featuredmedia":[{"embeddable":true,"href":"https:\/\/agora.xtec.cat\/ieslesmarines\/wp-json\/wp\/v2\/media\/973"}],"wp:attachment":[{"href":"https:\/\/agora.xtec.cat\/ieslesmarines\/wp-json\/wp\/v2\/media?parent=972"}],"wp:term":[{"taxonomy":"category","embeddable":true,"href":"https:\/\/agora.xtec.cat\/ieslesmarines\/wp-json\/wp\/v2\/categories?post=972"},{"taxonomy":"post_tag","embeddable":true,"href":"https:\/\/agora.xtec.cat\/ieslesmarines\/wp-json\/wp\/v2\/tags?post=972"}],"curies":[{"name":"wp","href":"https:\/\/api.w.org\/{rel}","templated":true}]}}