{"id":831,"date":"2018-07-02T12:57:39","date_gmt":"2018-07-02T10:57:39","guid":{"rendered":"http:\/\/agora.xtec.cat\/ieslesmarines\/?p=831"},"modified":"2018-07-02T13:03:11","modified_gmt":"2018-07-02T11:03:11","slug":"lliurament-de-premis-les-marines-2018","status":"publish","type":"post","link":"https:\/\/agora.xtec.cat\/ieslesmarines\/general\/lliurament-de-premis-les-marines-2018\/","title":{"rendered":"Lliurament de Premis Les Marines 2018"},"content":{"rendered":"<p>El passat dilluns 25 de juny va tenir lloc el lliurament de la primera edici\u00f3 dels Premis Les Marines a l&#8217;\u00e8xit educatiu i a l&#8217;esfor\u00e7. Celebrem per primer any aquests premis perqu\u00e8 creiem que cal un reconeixement a les persones que, a m\u00e9s de tenir les capacitats que requereix aquest sistema educatiu, s&#8217;han esfor\u00e7at per comprendre i aprendre. Per nosaltres formar els i les adolescents significa dotar-les d&#8217;una s\u00e8rie d&#8217;habilitats i eines que els hi puguin servir per anar pel m\u00f3n i sobretot per ser millors persones. Que estimin con\u00e8ixer i aprendre com a valor per enriquir aquest m\u00f3n que a vegades sembla tan buit. Creatives per poder solucionar els problemes que puguin apar\u00e8ixer en el dia a dia en la relaci\u00f3 amb els altres. I cr\u00edtiques per poder millorar i transformar la quotidianitat m\u00e9s propera amb les seves aportacions. Volem potenciar les ganes d&#8217;aprendre, l&#8217;entusiasme, la motivaci\u00f3 i volem recuperar valors com la voluntat, la paci\u00e8ncia, l&#8217;espera \u00a0i l&#8217;esfor\u00e7 que s\u00f3n tan dif\u00edcils de trobar en una societat on tot s&#8217;ha tornat r\u00e0pid i immediat. El nostre \u00e8xit educatiu com a centre ser\u00e0 el creixement \u00edntegre de tots els que en formen part, la formaci\u00f3 de cadascuna de les persones que el conformen i el potenciar els valors que necess\u00e0riament s&#8217;han de recuperar per poder tenir una societat millor.<\/p>\n<p style=\"text-align: center;\">Enhorabona a tot l&#8217;alumnat premiat!<\/p>\n<table dir=\"ltr\" border=\"1\" cellspacing=\"0\" cellpadding=\"0\">\n<colgroup>\n<col width=\"121\" \/>\n<col width=\"369\" \/>\n<col width=\"582\" \/><\/colgroup>\n<tbody>\n<tr>\n<td><\/td>\n<td data-sheets-value=\"{&quot;1&quot;:2,&quot;2&quot;:&quot;Premis esfor\u00e7&quot;}\">Premis esfor\u00e7<\/td>\n<td data-sheets-value=\"{&quot;1&quot;:2,&quot;2&quot;:&quot;Premis expedient&quot;}\">Premis expedient<\/td>\n<\/tr>\n<tr>\n<td data-sheets-value=\"{&quot;1&quot;:2,&quot;2&quot;:&quot;1r ESO A&quot;}\">1r ESO A<\/td>\n<td data-sheets-value=\"{&quot;1&quot;:2,&quot;2&quot;:&quot;Victoria Pe\u00f1aherrera Mendoza&quot;}\">Victoria Pe\u00f1aherrera Mendoza<\/td>\n<td data-sheets-value=\"{&quot;1&quot;:2,&quot;2&quot;:&quot;Paula Navarro Montalvo&quot;}\">Paula Navarro Montalvo<\/td>\n<\/tr>\n<tr>\n<td data-sheets-value=\"{&quot;1&quot;:2,&quot;2&quot;:&quot;1r ESO B&quot;}\">1r ESO B<\/td>\n<td data-sheets-value=\"{&quot;1&quot;:2,&quot;2&quot;:&quot;Iria Tremosa Castro&quot;}\">Iria Tremosa Castro<\/td>\n<td data-sheets-value=\"{&quot;1&quot;:2,&quot;2&quot;:&quot;- - - -&quot;}\"><\/td>\n<\/tr>\n<tr>\n<td data-sheets-value=\"{&quot;1&quot;:2,&quot;2&quot;:&quot;1r ESO C&quot;}\">1r ESO C<\/td>\n<td data-sheets-value=\"{&quot;1&quot;:2,&quot;2&quot;:&quot;Uma Majorel &quot;}\">Uma Majorel<\/td>\n<td data-sheets-value=\"{&quot;1&quot;:2,&quot;2&quot;:&quot;Isabel Desire\u00e9 Eriksson + Mar Toledo Carreras&quot;}\">Isabel Desire\u00e9 Eriksson + Mar Toledo Carreras<\/td>\n<\/tr>\n<tr>\n<td data-sheets-value=\"{&quot;1&quot;:2,&quot;2&quot;:&quot;1r ESO D&quot;}\">1r ESO D<\/td>\n<td data-sheets-value=\"{&quot;1&quot;:2,&quot;2&quot;:&quot;Ivan Luque Garcia + Janira Rivera Rodero&quot;}\">Ivan Luque Garcia + Janira Rivera Rodero<\/td>\n<td data-sheets-value=\"{&quot;1&quot;:2,&quot;2&quot;:&quot;Mireia Camacho Ramirez&quot;}\">Mireia Camacho Ramirez<\/td>\n<\/tr>\n<tr>\n<td data-sheets-value=\"{&quot;1&quot;:2,&quot;2&quot;:&quot;1r ESO E&quot;}\">1r ESO E<\/td>\n<td data-sheets-value=\"{&quot;1&quot;:2,&quot;2&quot;:&quot;Irene Iba\u00f1ez Ferrer&quot;}\">Irene Iba\u00f1ez Ferrer<\/td>\n<td data-sheets-value=\"{&quot;1&quot;:2,&quot;2&quot;:&quot;Adri\u00e0 Franc\u00e9s Paz + Avril Torn\u00e9 de Leon + Pau Pedrej\u00f3n Sobrino&quot;}\">Adri\u00e0 Franc\u00e9s Paz + Avril Torn\u00e9 de Leon + Pau Pedrej\u00f3n Sobrino<\/td>\n<\/tr>\n<tr>\n<td><\/td>\n<td><\/td>\n<td><\/td>\n<\/tr>\n<tr>\n<td data-sheets-value=\"{&quot;1&quot;:2,&quot;2&quot;:&quot;2n ESO A&quot;}\">2n ESO A<\/td>\n<td data-sheets-value=\"{&quot;1&quot;:2,&quot;2&quot;:&quot;Cintia Supe&quot;}\">Cintia Supe<\/td>\n<td data-sheets-value=\"{&quot;1&quot;:2,&quot;2&quot;:&quot;Sara Arcusa + Valeria Conte Mart\u00edn + In\u00e9s Aguilera Lara&quot;}\">Sara Arcusa + Valeria Conte Mart\u00edn + In\u00e9s Aguilera Lara<\/td>\n<\/tr>\n<tr>\n<td data-sheets-value=\"{&quot;1&quot;:2,&quot;2&quot;:&quot;2n ESO B&quot;}\">2n ESO B<\/td>\n<td data-sheets-value=\"{&quot;1&quot;:2,&quot;2&quot;:&quot;- - - - &quot;}\">&#8211; &#8211; &#8211; &#8211;<\/td>\n<td data-sheets-value=\"{&quot;1&quot;:2,&quot;2&quot;:&quot;Angel Gallardo L\u00f3pez&quot;}\">Angel Gallardo L\u00f3pez<\/td>\n<\/tr>\n<tr>\n<td data-sheets-value=\"{&quot;1&quot;:2,&quot;2&quot;:&quot;2n ESO C&quot;}\">2n ESO C<\/td>\n<td data-sheets-value=\"{&quot;1&quot;:2,&quot;2&quot;:&quot;Alba Martin-Mora Sans&quot;}\">Alba Martin-Mora Sans<\/td>\n<td data-sheets-value=\"{&quot;1&quot;:2,&quot;2&quot;:&quot;- - - -&quot;}\"><\/td>\n<\/tr>\n<tr>\n<td data-sheets-value=\"{&quot;1&quot;:2,&quot;2&quot;:&quot;2n ESO D&quot;}\">2n ESO D<\/td>\n<td data-sheets-value=\"{&quot;1&quot;:2,&quot;2&quot;:&quot;Andrea Maqueda Yedra + Adriana Salido Arellano&quot;}\">Andrea Maqueda Yedra + Adriana Salido Arellano<\/td>\n<td data-sheets-value=\"{&quot;1&quot;:2,&quot;2&quot;:&quot;Marin\u00e9 Kasparian Abraijan&quot;}\">Marin\u00e9 Kasparian Abraijan<\/td>\n<\/tr>\n<tr>\n<td data-sheets-value=\"{&quot;1&quot;:2,&quot;2&quot;:&quot;2n ESO E&quot;}\">2n ESO E<\/td>\n<td data-sheets-value=\"{&quot;1&quot;:2,&quot;2&quot;:&quot;Kevin Villa\u00e9cija de Ana&quot;}\">Kevin Villa\u00e9cija de Ana<\/td>\n<td data-sheets-value=\"{&quot;1&quot;:2,&quot;2&quot;:&quot;- - - -&quot;}\"><\/td>\n<\/tr>\n<tr>\n<td><\/td>\n<td><\/td>\n<td><\/td>\n<\/tr>\n<tr>\n<td data-sheets-value=\"{&quot;1&quot;:2,&quot;2&quot;:&quot;3r ESO A&quot;}\">3r ESO A<\/td>\n<td data-sheets-value=\"{&quot;1&quot;:2,&quot;2&quot;:&quot;V\u00edctor Mart\u00ednez Alonso&quot;}\">V\u00edctor Mart\u00ednez Alonso<\/td>\n<td data-sheets-value=\"{&quot;1&quot;:2,&quot;2&quot;:&quot;Laura Fern\u00e1ndez Riudebas + Manel Montany\u00e0 Robles &quot;}\">Laura Fern\u00e1ndez Riudebas + Manel Montany\u00e0 Robles<\/td>\n<\/tr>\n<tr>\n<td data-sheets-value=\"{&quot;1&quot;:2,&quot;2&quot;:&quot;3r ESO B&quot;}\">3r ESO B<\/td>\n<td data-sheets-value=\"{&quot;1&quot;:2,&quot;2&quot;:&quot;Berta Shun Ferrero Jara&quot;}\">Berta Shun Ferrero Jara<\/td>\n<td data-sheets-value=\"{&quot;1&quot;:2,&quot;2&quot;:&quot;Alexia Cort\u00e9s Hinojosa + Ares Luengo Sam\u00e0 &quot;}\">Alexia Cort\u00e9s Hinojosa + Ares Luengo Sam\u00e0<\/td>\n<\/tr>\n<tr>\n<td data-sheets-value=\"{&quot;1&quot;:2,&quot;2&quot;:&quot;3r ESO C&quot;}\">3r ESO C<\/td>\n<td data-sheets-value=\"{&quot;1&quot;:2,&quot;2&quot;:&quot;Gijs Hooijkaas&quot;}\">Gijs Hooijkaas<\/td>\n<td data-sheets-value=\"{&quot;1&quot;:2,&quot;2&quot;:&quot;Emma Barrag\u00e1n Cabello + Erin Gribben Hankey &quot;}\">Emma Barrag\u00e1n Cabello + Erin Gribben Hankey<\/td>\n<\/tr>\n<\/tbody>\n<\/table>\n<p>L&#8217;acte va contar amb la participaci\u00f3 de la Dana Fuster, la Maria Serrate, l&#8217;Emma Guerra, l&#8217;Anna Maxencs, l&#8217;Ana Garc\u00eda, l&#8217;Andrea Gonz\u00e1lez i la Gabriela Stefanova i la Lucia Parera, totes elles alumnes de l&#8217;optativa d&#8217;expressi\u00f3 art\u00edstica de segon d&#8217;ESO, que van fer un muntatge esc\u00e8nic sobre els valors de l&#8217;esfor\u00e7 i l&#8217;excel\u00b7l\u00e8ncia. A aquest <a href=\"https:\/\/photos.app.goo.gl\/XPKbpNvZFFoje125A\" target=\"_blank\" rel=\"noopener noreferrer\">enlla\u00e7<\/a> trobareu una selecci\u00f3 de fotografies d&#8217;aquesta primera edici\u00f3 dels Premis Les Marines.<\/p>\n","protected":false},"excerpt":{"rendered":"<p>El passat dilluns 25 de juny va tenir lloc el lliurament de la primera edici\u00f3 dels Premis Les Marines a l&#8217;\u00e8xit educatiu i a l&#8217;esfor\u00e7. Celebrem per primer any aquests premis perqu\u00e8 creiem que cal un reconeixement a les persones que, a m\u00e9s de tenir les capacitats que requereix aquest sistema educatiu, s&#8217;han esfor\u00e7at per [&hellip;]<\/p>\n","protected":false},"author":1,"featured_media":832,"comment_status":"open","ping_status":"closed","sticky":false,"template":"","format":"standard","meta":{"_bbp_topic_count":0,"_bbp_reply_count":0,"_bbp_total_topic_count":0,"_bbp_total_reply_count":0,"_bbp_voice_count":0,"_bbp_anonymous_reply_count":0,"_bbp_topic_count_hidden":0,"_bbp_reply_count_hidden":0,"_bbp_forum_subforum_count":0,"site-sidebar-layout":"default","site-content-layout":"","ast-site-content-layout":"","site-content-style":"default","site-sidebar-style":"default","ast-global-header-display":"","ast-banner-title-visibility":"","ast-main-header-display":"","ast-hfb-above-header-display":"","ast-hfb-below-header-display":"","ast-hfb-mobile-header-display":"","site-post-title":"","ast-breadcrumbs-content":"","ast-featured-img":"","footer-sml-layout":"","theme-transparent-header-meta":"","adv-header-id-meta":"","stick-header-meta":"","header-above-stick-meta":"","header-main-stick-meta":"","header-below-stick-meta":"","astra-migrate-meta-layouts":"default","ast-page-background-enabled":"default","ast-page-background-meta":{"desktop":{"background-color":"var(--ast-global-color-4)","background-image":"","background-repeat":"repeat","background-position":"center center","background-size":"auto","background-attachment":"scroll","background-type":"","background-media":"","overlay-type":"","overlay-color":"","overlay-opacity":"","overlay-gradient":""},"tablet":{"background-color":"","background-image":"","background-repeat":"repeat","background-position":"center center","background-size":"auto","background-attachment":"scroll","background-type":"","background-media":"","overlay-type":"","overlay-color":"","overlay-opacity":"","overlay-gradient":""},"mobile":{"background-color":"","background-image":"","background-repeat":"repeat","background-position":"center center","background-size":"auto","background-attachment":"scroll","background-type":"","background-media":"","overlay-type":"","overlay-color":"","overlay-opacity":"","overlay-gradient":""}},"ast-content-background-meta":{"desktop":{"background-color":"var(--ast-global-color-5)","background-image":"","background-repeat":"repeat","background-position":"center center","background-size":"auto","background-attachment":"scroll","background-type":"","background-media":"","overlay-type":"","overlay-color":"","overlay-opacity":"","overlay-gradient":""},"tablet":{"background-color":"var(--ast-global-color-5)","background-image":"","background-repeat":"repeat","background-position":"center center","background-size":"auto","background-attachment":"scroll","background-type":"","background-media":"","overlay-type":"","overlay-color":"","overlay-opacity":"","overlay-gradient":""},"mobile":{"background-color":"var(--ast-global-color-5)","background-image":"","background-repeat":"repeat","background-position":"center center","background-size":"auto","background-attachment":"scroll","background-type":"","background-media":"","overlay-type":"","overlay-color":"","overlay-opacity":"","overlay-gradient":""}},"footnotes":""},"categories":[1,29],"tags":[],"class_list":["post-831","post","type-post","status-publish","format-standard","has-post-thumbnail","hentry","category-general","category-portada"],"post_mailing_queue_ids":[],"_links":{"self":[{"href":"https:\/\/agora.xtec.cat\/ieslesmarines\/wp-json\/wp\/v2\/posts\/831","targetHints":{"allow":["GET"]}}],"collection":[{"href":"https:\/\/agora.xtec.cat\/ieslesmarines\/wp-json\/wp\/v2\/posts"}],"about":[{"href":"https:\/\/agora.xtec.cat\/ieslesmarines\/wp-json\/wp\/v2\/types\/post"}],"author":[{"embeddable":true,"href":"https:\/\/agora.xtec.cat\/ieslesmarines\/wp-json\/wp\/v2\/users\/1"}],"replies":[{"embeddable":true,"href":"https:\/\/agora.xtec.cat\/ieslesmarines\/wp-json\/wp\/v2\/comments?post=831"}],"version-history":[{"count":3,"href":"https:\/\/agora.xtec.cat\/ieslesmarines\/wp-json\/wp\/v2\/posts\/831\/revisions"}],"predecessor-version":[{"id":835,"href":"https:\/\/agora.xtec.cat\/ieslesmarines\/wp-json\/wp\/v2\/posts\/831\/revisions\/835"}],"wp:featuredmedia":[{"embeddable":true,"href":"https:\/\/agora.xtec.cat\/ieslesmarines\/wp-json\/wp\/v2\/media\/832"}],"wp:attachment":[{"href":"https:\/\/agora.xtec.cat\/ieslesmarines\/wp-json\/wp\/v2\/media?parent=831"}],"wp:term":[{"taxonomy":"category","embeddable":true,"href":"https:\/\/agora.xtec.cat\/ieslesmarines\/wp-json\/wp\/v2\/categories?post=831"},{"taxonomy":"post_tag","embeddable":true,"href":"https:\/\/agora.xtec.cat\/ieslesmarines\/wp-json\/wp\/v2\/tags?post=831"}],"curies":[{"name":"wp","href":"https:\/\/api.w.org\/{rel}","templated":true}]}}