{"id":782,"date":"2018-05-28T12:27:06","date_gmt":"2018-05-28T10:27:06","guid":{"rendered":"http:\/\/agora.xtec.cat\/ieslesmarines\/?p=782"},"modified":"2018-05-28T12:27:06","modified_gmt":"2018-05-28T10:27:06","slug":"el-projecte-digital-a-marinada-radio","status":"publish","type":"post","link":"https:\/\/agora.xtec.cat\/ieslesmarines\/portada\/el-projecte-digital-a-marinada-radio\/","title":{"rendered":"El projecte digital a Marinada R\u00e0dio"},"content":{"rendered":"<p>En aquest curs l&#8217;<em>Institut Les Marines<\/em> ha implantat, a 1r i 3r d&#8217;ESO, el projecte digital, una iniciativa que pret\u00e9n adaptar l&#8217;ensenyament als nous temps. Aix\u00f2 vol dir utilitzar els ordinadors a l&#8217;aula com a eina de treball. A <em>Marinada R\u00e0dio<\/em> hem volgut parlar amb algunes de les persones que l&#8217;han fet possible, aix\u00ed com amb alguns dels protagonistes principals, \u00e9s a dir els alumnes, perqu\u00e8 ens la valorin. Aquest projecte no \u00e9s del tot nou. Com ens explica Maria del Mar Mayoral, la nostra cap d&#8217;estudis, ja es aplicar fa un temps, concretament al curs 2009-2010.<\/p>\n<p>La professora Al\u00edcia Fuentes es va encarregar de coordinar les tasques per establir les\u00a0bases d&#8217;aquest projecte. Joan Colom s&#8217;ha encarregat del correcte funcionament de la xarxa i de resoldre els\u00a0problemes relacionats amb ella. Alumnes de 1r i de 3r d&#8217;ESO ens comenten com han trobat aquesta nova proposta pedag\u00f2gica.<\/p>\n<p>Fes clic en aquests enlla\u00e7os per sentir l&#8217;<a href=\"https:\/\/soundcloud.com\/user-704166567\/projecte-digital-audio\" target=\"_blank\" rel=\"noopener noreferrer\">\u00e0udio del programa<\/a> i veure una selecci\u00f3 de <a href=\"https:\/\/photos.app.goo.gl\/oCLiIP4sRiBveCwM2\" target=\"_blank\" rel=\"noopener noreferrer\">fotografies<\/a>.<\/p>\n<p>&nbsp;<\/p>\n","protected":false},"excerpt":{"rendered":"<p>En aquest curs l&#8217;Institut Les Marines ha implantat, a 1r i 3r d&#8217;ESO, el projecte digital, una iniciativa que pret\u00e9n adaptar l&#8217;ensenyament als nous temps. Aix\u00f2 vol dir utilitzar els ordinadors a l&#8217;aula com a eina de treball. A Marinada R\u00e0dio hem volgut parlar amb algunes de les persones que l&#8217;han fet possible, aix\u00ed com [&hellip;]<\/p>\n","protected":false},"author":1,"featured_media":783,"comment_status":"open","ping_status":"closed","sticky":false,"template":"","format":"standard","meta":{"_bbp_topic_count":0,"_bbp_reply_count":0,"_bbp_total_topic_count":0,"_bbp_total_reply_count":0,"_bbp_voice_count":0,"_bbp_anonymous_reply_count":0,"_bbp_topic_count_hidden":0,"_bbp_reply_count_hidden":0,"_bbp_forum_subforum_count":0,"site-sidebar-layout":"default","site-content-layout":"","ast-site-content-layout":"","site-content-style":"default","site-sidebar-style":"default","ast-global-header-display":"","ast-banner-title-visibility":"","ast-main-header-display":"","ast-hfb-above-header-display":"","ast-hfb-below-header-display":"","ast-hfb-mobile-header-display":"","site-post-title":"","ast-breadcrumbs-content":"","ast-featured-img":"","footer-sml-layout":"","theme-transparent-header-meta":"","adv-header-id-meta":"","stick-header-meta":"","header-above-stick-meta":"","header-main-stick-meta":"","header-below-stick-meta":"","astra-migrate-meta-layouts":"default","ast-page-background-enabled":"default","ast-page-background-meta":{"desktop":{"background-color":"var(--ast-global-color-4)","background-image":"","background-repeat":"repeat","background-position":"center center","background-size":"auto","background-attachment":"scroll","background-type":"","background-media":"","overlay-type":"","overlay-color":"","overlay-opacity":"","overlay-gradient":""},"tablet":{"background-color":"","background-image":"","background-repeat":"repeat","background-position":"center center","background-size":"auto","background-attachment":"scroll","background-type":"","background-media":"","overlay-type":"","overlay-color":"","overlay-opacity":"","overlay-gradient":""},"mobile":{"background-color":"","background-image":"","background-repeat":"repeat","background-position":"center center","background-size":"auto","background-attachment":"scroll","background-type":"","background-media":"","overlay-type":"","overlay-color":"","overlay-opacity":"","overlay-gradient":""}},"ast-content-background-meta":{"desktop":{"background-color":"var(--ast-global-color-5)","background-image":"","background-repeat":"repeat","background-position":"center center","background-size":"auto","background-attachment":"scroll","background-type":"","background-media":"","overlay-type":"","overlay-color":"","overlay-opacity":"","overlay-gradient":""},"tablet":{"background-color":"var(--ast-global-color-5)","background-image":"","background-repeat":"repeat","background-position":"center center","background-size":"auto","background-attachment":"scroll","background-type":"","background-media":"","overlay-type":"","overlay-color":"","overlay-opacity":"","overlay-gradient":""},"mobile":{"background-color":"var(--ast-global-color-5)","background-image":"","background-repeat":"repeat","background-position":"center center","background-size":"auto","background-attachment":"scroll","background-type":"","background-media":"","overlay-type":"","overlay-color":"","overlay-opacity":"","overlay-gradient":""}},"footnotes":""},"categories":[29],"tags":[],"class_list":["post-782","post","type-post","status-publish","format-standard","has-post-thumbnail","hentry","category-portada"],"post_mailing_queue_ids":[],"_links":{"self":[{"href":"https:\/\/agora.xtec.cat\/ieslesmarines\/wp-json\/wp\/v2\/posts\/782","targetHints":{"allow":["GET"]}}],"collection":[{"href":"https:\/\/agora.xtec.cat\/ieslesmarines\/wp-json\/wp\/v2\/posts"}],"about":[{"href":"https:\/\/agora.xtec.cat\/ieslesmarines\/wp-json\/wp\/v2\/types\/post"}],"author":[{"embeddable":true,"href":"https:\/\/agora.xtec.cat\/ieslesmarines\/wp-json\/wp\/v2\/users\/1"}],"replies":[{"embeddable":true,"href":"https:\/\/agora.xtec.cat\/ieslesmarines\/wp-json\/wp\/v2\/comments?post=782"}],"version-history":[{"count":1,"href":"https:\/\/agora.xtec.cat\/ieslesmarines\/wp-json\/wp\/v2\/posts\/782\/revisions"}],"predecessor-version":[{"id":784,"href":"https:\/\/agora.xtec.cat\/ieslesmarines\/wp-json\/wp\/v2\/posts\/782\/revisions\/784"}],"wp:featuredmedia":[{"embeddable":true,"href":"https:\/\/agora.xtec.cat\/ieslesmarines\/wp-json\/wp\/v2\/media\/783"}],"wp:attachment":[{"href":"https:\/\/agora.xtec.cat\/ieslesmarines\/wp-json\/wp\/v2\/media?parent=782"}],"wp:term":[{"taxonomy":"category","embeddable":true,"href":"https:\/\/agora.xtec.cat\/ieslesmarines\/wp-json\/wp\/v2\/categories?post=782"},{"taxonomy":"post_tag","embeddable":true,"href":"https:\/\/agora.xtec.cat\/ieslesmarines\/wp-json\/wp\/v2\/tags?post=782"}],"curies":[{"name":"wp","href":"https:\/\/api.w.org\/{rel}","templated":true}]}}