{"id":444,"date":"2017-03-21T18:18:25","date_gmt":"2017-03-21T17:18:25","guid":{"rendered":"http:\/\/agora.xtec.cat\/ieslesmarines\/?p=444"},"modified":"2017-03-21T18:19:38","modified_gmt":"2017-03-21T17:19:38","slug":"concurs-de-curts-no-da-igual","status":"publish","type":"post","link":"https:\/\/agora.xtec.cat\/ieslesmarines\/general\/concurs-de-curts-no-da-igual\/","title":{"rendered":"Concurs de curts &#8220;No da igual&#8221;"},"content":{"rendered":"<p>La gala de lliurament dels premis del concurs de curts NO DA IGUAL arribava el passat 10 de mar\u00e7 a la setena edici\u00f3 amb un cerim\u00f2nia que es va celebrar al Teatre Plaza i que va comptar amb m\u00e9s de 200 persones assistents. El certamen se celebra cada any dins del programa de les Jornades de les Dones.<\/p>\n<p><strong>La participaci\u00f3 de l\u2019alumnat de l\u2019Institut Les Marines fou reconeguda amb diversos premis:<\/strong><\/p>\n<p>El primer premi <a href=\"http:\/\/www.castelldefelstv.org\/taques-1er-premi-nodaigual-2017\/\"><strong><em>Taques<\/em><\/strong><\/a> de Maria Brullas Moreno, Marta Arbizu Macan\u00e1s i Laura Franco Martos de l&#8217;Institut Les Marines, dotat de 300\u20ac, estatueta i diplomes.<\/p>\n<p>El tercer premi al curtmetratge <a href=\"http:\/\/www.castelldefelstv.org\/fotografias-3er-premi-nodaigual-2017\/\"><strong><em>Fotograf\u00edas<\/em><\/strong><\/a> de Marina del Villar Rojas de l&#8217;Institut Les Marines, dotat de 100\u20ac, estatueta i diplomes.<\/p>\n<p>Respecte les mencions especials es van donar estatuetes i diplomes per als guanyadors:<\/p>\n<p>Millor escenificaci\u00f3 pel curt <strong><em>Todo y ser mujer<\/em><\/strong> de Ismael Castillo i Berta Urgell\u00e9s Mir de l&#8217;institut Les Marines.<\/p>\n<ul>\n<li>Millor fotografia: <strong><em>The Same<\/em><\/strong> de Carla P\u00e9rez Machota i Celina DiPaulo Bessio del de l&#8217;institut Les Marines.<\/li>\n<\/ul>\n<p>Es va donar dos premis als instituts, un d\u2019ells a <strong>l&#8217;Institut les Marines<\/strong> per ser l&#8217;institut al qual pertany el curt guanyador del primer premi.<\/p>\n<p>Trobareu m\u00e9s informaci\u00f3 de l\u2019acte en aquest <a href=\"https:\/\/www.castelldefels.org\/ca\/hemeroteca.asp?id=11873&amp;total=&amp;pr=&amp;ul=&amp;IdArea=12&amp;SelMes=3&amp;SelAny=2017\">enlla\u00e7<\/a> i podreu veure els v\u00eddeos premiats.<\/p>\n<p>Donem l\u2019enhorabona a tots els alumnes premiats i fem menci\u00f3 especial del professor Jos\u00e9 Antonio L\u00f3pez per la seva implicaci\u00f3 amb tot el nostre alumnat que participa en aquest concurs.<\/p>\n","protected":false},"excerpt":{"rendered":"<p>La gala de lliurament dels premis del concurs de curts NO DA IGUAL arribava el passat 10 de mar\u00e7 a la setena edici\u00f3 amb un cerim\u00f2nia que es va celebrar al Teatre Plaza i que va comptar amb m\u00e9s de 200 persones assistents. El certamen se celebra cada any dins del programa de les Jornades [&hellip;]<\/p>\n","protected":false},"author":1,"featured_media":0,"comment_status":"open","ping_status":"open","sticky":false,"template":"","format":"standard","meta":{"_bbp_topic_count":0,"_bbp_reply_count":0,"_bbp_total_topic_count":0,"_bbp_total_reply_count":0,"_bbp_voice_count":0,"_bbp_anonymous_reply_count":0,"_bbp_topic_count_hidden":0,"_bbp_reply_count_hidden":0,"_bbp_forum_subforum_count":0,"site-sidebar-layout":"default","site-content-layout":"","ast-site-content-layout":"","site-content-style":"default","site-sidebar-style":"default","ast-global-header-display":"","ast-banner-title-visibility":"","ast-main-header-display":"","ast-hfb-above-header-display":"","ast-hfb-below-header-display":"","ast-hfb-mobile-header-display":"","site-post-title":"","ast-breadcrumbs-content":"","ast-featured-img":"","footer-sml-layout":"","theme-transparent-header-meta":"","adv-header-id-meta":"","stick-header-meta":"","header-above-stick-meta":"","header-main-stick-meta":"","header-below-stick-meta":"","astra-migrate-meta-layouts":"default","ast-page-background-enabled":"default","ast-page-background-meta":{"desktop":{"background-color":"var(--ast-global-color-4)","background-image":"","background-repeat":"repeat","background-position":"center center","background-size":"auto","background-attachment":"scroll","background-type":"","background-media":"","overlay-type":"","overlay-color":"","overlay-opacity":"","overlay-gradient":""},"tablet":{"background-color":"","background-image":"","background-repeat":"repeat","background-position":"center center","background-size":"auto","background-attachment":"scroll","background-type":"","background-media":"","overlay-type":"","overlay-color":"","overlay-opacity":"","overlay-gradient":""},"mobile":{"background-color":"","background-image":"","background-repeat":"repeat","background-position":"center center","background-size":"auto","background-attachment":"scroll","background-type":"","background-media":"","overlay-type":"","overlay-color":"","overlay-opacity":"","overlay-gradient":""}},"ast-content-background-meta":{"desktop":{"background-color":"var(--ast-global-color-5)","background-image":"","background-repeat":"repeat","background-position":"center center","background-size":"auto","background-attachment":"scroll","background-type":"","background-media":"","overlay-type":"","overlay-color":"","overlay-opacity":"","overlay-gradient":""},"tablet":{"background-color":"var(--ast-global-color-5)","background-image":"","background-repeat":"repeat","background-position":"center center","background-size":"auto","background-attachment":"scroll","background-type":"","background-media":"","overlay-type":"","overlay-color":"","overlay-opacity":"","overlay-gradient":""},"mobile":{"background-color":"var(--ast-global-color-5)","background-image":"","background-repeat":"repeat","background-position":"center center","background-size":"auto","background-attachment":"scroll","background-type":"","background-media":"","overlay-type":"","overlay-color":"","overlay-opacity":"","overlay-gradient":""}},"footnotes":""},"categories":[1,29],"tags":[],"class_list":["post-444","post","type-post","status-publish","format-standard","hentry","category-general","category-portada"],"post_mailing_queue_ids":[],"_links":{"self":[{"href":"https:\/\/agora.xtec.cat\/ieslesmarines\/wp-json\/wp\/v2\/posts\/444","targetHints":{"allow":["GET"]}}],"collection":[{"href":"https:\/\/agora.xtec.cat\/ieslesmarines\/wp-json\/wp\/v2\/posts"}],"about":[{"href":"https:\/\/agora.xtec.cat\/ieslesmarines\/wp-json\/wp\/v2\/types\/post"}],"author":[{"embeddable":true,"href":"https:\/\/agora.xtec.cat\/ieslesmarines\/wp-json\/wp\/v2\/users\/1"}],"replies":[{"embeddable":true,"href":"https:\/\/agora.xtec.cat\/ieslesmarines\/wp-json\/wp\/v2\/comments?post=444"}],"version-history":[{"count":1,"href":"https:\/\/agora.xtec.cat\/ieslesmarines\/wp-json\/wp\/v2\/posts\/444\/revisions"}],"predecessor-version":[{"id":445,"href":"https:\/\/agora.xtec.cat\/ieslesmarines\/wp-json\/wp\/v2\/posts\/444\/revisions\/445"}],"wp:attachment":[{"href":"https:\/\/agora.xtec.cat\/ieslesmarines\/wp-json\/wp\/v2\/media?parent=444"}],"wp:term":[{"taxonomy":"category","embeddable":true,"href":"https:\/\/agora.xtec.cat\/ieslesmarines\/wp-json\/wp\/v2\/categories?post=444"},{"taxonomy":"post_tag","embeddable":true,"href":"https:\/\/agora.xtec.cat\/ieslesmarines\/wp-json\/wp\/v2\/tags?post=444"}],"curies":[{"name":"wp","href":"https:\/\/api.w.org\/{rel}","templated":true}]}}