{"id":422,"date":"2017-02-23T11:57:51","date_gmt":"2017-02-23T10:57:51","guid":{"rendered":"http:\/\/agora.xtec.cat\/ieslesmarines\/?p=422"},"modified":"2017-02-23T12:07:44","modified_gmt":"2017-02-23T11:07:44","slug":"les-marines-participa-a-la-lliga-de-debat","status":"publish","type":"post","link":"https:\/\/agora.xtec.cat\/ieslesmarines\/portada\/les-marines-participa-a-la-lliga-de-debat\/","title":{"rendered":"Les Marines participa a la Lliga de Debat"},"content":{"rendered":"<p>En el sumptu\u00f3s marc del Paranimf i l\u2019Aula Magna de la Universitat de\u00a0 Barcelona, tingu\u00e9 lloc, els dies 20 i 21 de febrer, la Lliga de Debat, organitzada per la Xarxa Vives d\u2019Universitats.<\/p>\n<p>Ja us avancem que no v\u00e0rem guanyar, per\u00f2 vam gaudir de la veu de locutor d\u2019 Enrique Torres, a l\u2019<em>exordium<\/em> ; de la empenta del Pau Clavera, a la <em>narratio<\/em>; de l\u2019 agudesa d\u2019Agustina Santullo, amb la seva <em>elocutio<\/em>, la s\u00edntesi de J\u00falia Farrero, a la recapitulaci\u00f3 de la <em>peroratio<\/em> i la improvisaci\u00f3\u00a0 del Gerard Requena amb la seva <em>argumentatio (- inventio).<\/em><\/p>\n<p>Els 140 car\u00e0cters del tuit no permeten elaborar discursos molt estructurats i convincents, per\u00f2 sense dubte, la bona orat\u00f2ria esdev\u00e9 una eina imprescindible per exposar els treballs de s\u00edntesi, el treball de recerca, i el treball de trobar feina o conquerir a les persones del voltant, per aix\u00f2 hem d\u2019anar m\u00e9s enll\u00e0 del whatssap\u00a0 o l\u2019esl\u00f2gan matusser. Com a \u00e8ssers socials que som, les nostres relacions depenen de les nostres habilitats i capacitats de comunicaci\u00f3, i aix\u00f2 \u00e9s el que vam practicar en aquesta competici\u00f3, en la qual van participar els nostres alumnes Agustina Santullo, J\u00falia Farrero, Gerard Requena, Pau Clavera i Enrique Torres. <a href=\"https:\/\/goo.gl\/photos\/pyZXyNK21n5ZA5ey9\" target=\"_blank\">Aqu\u00ed<\/a> trobar\u00e0s fotografies d&#8217;aquesta jornada.<\/p>\n<p>&nbsp;<\/p>\n<p>&nbsp;<\/p>\n","protected":false},"excerpt":{"rendered":"<p>En el sumptu\u00f3s marc del Paranimf i l\u2019Aula Magna de la Universitat de\u00a0 Barcelona, tingu\u00e9 lloc, els dies 20 i 21 de febrer, la Lliga de Debat, organitzada per la Xarxa Vives d\u2019Universitats. Ja us avancem que no v\u00e0rem guanyar, per\u00f2 vam gaudir de la veu de locutor d\u2019 Enrique Torres, a l\u2019exordium ; de [&hellip;]<\/p>\n","protected":false},"author":1,"featured_media":425,"comment_status":"open","ping_status":"open","sticky":false,"template":"","format":"standard","meta":{"_bbp_topic_count":0,"_bbp_reply_count":0,"_bbp_total_topic_count":0,"_bbp_total_reply_count":0,"_bbp_voice_count":0,"_bbp_anonymous_reply_count":0,"_bbp_topic_count_hidden":0,"_bbp_reply_count_hidden":0,"_bbp_forum_subforum_count":0,"site-sidebar-layout":"default","site-content-layout":"","ast-site-content-layout":"","site-content-style":"default","site-sidebar-style":"default","ast-global-header-display":"","ast-banner-title-visibility":"","ast-main-header-display":"","ast-hfb-above-header-display":"","ast-hfb-below-header-display":"","ast-hfb-mobile-header-display":"","site-post-title":"","ast-breadcrumbs-content":"","ast-featured-img":"","footer-sml-layout":"","theme-transparent-header-meta":"","adv-header-id-meta":"","stick-header-meta":"","header-above-stick-meta":"","header-main-stick-meta":"","header-below-stick-meta":"","astra-migrate-meta-layouts":"default","ast-page-background-enabled":"default","ast-page-background-meta":{"desktop":{"background-color":"var(--ast-global-color-4)","background-image":"","background-repeat":"repeat","background-position":"center center","background-size":"auto","background-attachment":"scroll","background-type":"","background-media":"","overlay-type":"","overlay-color":"","overlay-opacity":"","overlay-gradient":""},"tablet":{"background-color":"","background-image":"","background-repeat":"repeat","background-position":"center center","background-size":"auto","background-attachment":"scroll","background-type":"","background-media":"","overlay-type":"","overlay-color":"","overlay-opacity":"","overlay-gradient":""},"mobile":{"background-color":"","background-image":"","background-repeat":"repeat","background-position":"center center","background-size":"auto","background-attachment":"scroll","background-type":"","background-media":"","overlay-type":"","overlay-color":"","overlay-opacity":"","overlay-gradient":""}},"ast-content-background-meta":{"desktop":{"background-color":"var(--ast-global-color-5)","background-image":"","background-repeat":"repeat","background-position":"center center","background-size":"auto","background-attachment":"scroll","background-type":"","background-media":"","overlay-type":"","overlay-color":"","overlay-opacity":"","overlay-gradient":""},"tablet":{"background-color":"var(--ast-global-color-5)","background-image":"","background-repeat":"repeat","background-position":"center center","background-size":"auto","background-attachment":"scroll","background-type":"","background-media":"","overlay-type":"","overlay-color":"","overlay-opacity":"","overlay-gradient":""},"mobile":{"background-color":"var(--ast-global-color-5)","background-image":"","background-repeat":"repeat","background-position":"center center","background-size":"auto","background-attachment":"scroll","background-type":"","background-media":"","overlay-type":"","overlay-color":"","overlay-opacity":"","overlay-gradient":""}},"footnotes":""},"categories":[29],"tags":[],"class_list":["post-422","post","type-post","status-publish","format-standard","has-post-thumbnail","hentry","category-portada"],"post_mailing_queue_ids":[],"_links":{"self":[{"href":"https:\/\/agora.xtec.cat\/ieslesmarines\/wp-json\/wp\/v2\/posts\/422","targetHints":{"allow":["GET"]}}],"collection":[{"href":"https:\/\/agora.xtec.cat\/ieslesmarines\/wp-json\/wp\/v2\/posts"}],"about":[{"href":"https:\/\/agora.xtec.cat\/ieslesmarines\/wp-json\/wp\/v2\/types\/post"}],"author":[{"embeddable":true,"href":"https:\/\/agora.xtec.cat\/ieslesmarines\/wp-json\/wp\/v2\/users\/1"}],"replies":[{"embeddable":true,"href":"https:\/\/agora.xtec.cat\/ieslesmarines\/wp-json\/wp\/v2\/comments?post=422"}],"version-history":[{"count":2,"href":"https:\/\/agora.xtec.cat\/ieslesmarines\/wp-json\/wp\/v2\/posts\/422\/revisions"}],"predecessor-version":[{"id":426,"href":"https:\/\/agora.xtec.cat\/ieslesmarines\/wp-json\/wp\/v2\/posts\/422\/revisions\/426"}],"wp:featuredmedia":[{"embeddable":true,"href":"https:\/\/agora.xtec.cat\/ieslesmarines\/wp-json\/wp\/v2\/media\/425"}],"wp:attachment":[{"href":"https:\/\/agora.xtec.cat\/ieslesmarines\/wp-json\/wp\/v2\/media?parent=422"}],"wp:term":[{"taxonomy":"category","embeddable":true,"href":"https:\/\/agora.xtec.cat\/ieslesmarines\/wp-json\/wp\/v2\/categories?post=422"},{"taxonomy":"post_tag","embeddable":true,"href":"https:\/\/agora.xtec.cat\/ieslesmarines\/wp-json\/wp\/v2\/tags?post=422"}],"curies":[{"name":"wp","href":"https:\/\/api.w.org\/{rel}","templated":true}]}}