{"id":1759,"date":"2020-11-16T19:08:37","date_gmt":"2020-11-16T18:08:37","guid":{"rendered":"http:\/\/agora.xtec.cat\/ieslesmarines\/?p=1759"},"modified":"2020-11-16T19:08:37","modified_gmt":"2020-11-16T18:08:37","slug":"disseny-dun-objecte-funcional","status":"publish","type":"post","link":"https:\/\/agora.xtec.cat\/ieslesmarines\/general\/disseny-dun-objecte-funcional\/","title":{"rendered":"Disseny d&#8217;un objecte funcional"},"content":{"rendered":"<p><img loading=\"lazy\" decoding=\"async\" class=\"\" src=\"https:\/\/agora.xtec.cat\/ieslesmarines\/wp-content\/uploads\/usu619\/2020\/11\/fase-6-del-projecte-30-oct-2020-14_11.png\" width=\"590\" height=\"435\" \/><\/p>\n<p>Des de l&#8217;optativa de Visual i Pl\u00e0stica hem realitzat el disseny d&#8217;un objecte funcional per a un dels patis interiors de l&#8217;institut (el pati de terra). La idea ha consistit en realitzar un objecte que tingui un disseny funcional on els alumnes puguin passar m\u00e9s temps al pati. Hem treballat amb diferents vistes del sistema di\u00e8dric, la perspectiva isom\u00e8trica, les escales en el pl\u00e0nol i les maquetes de plastilina, aix\u00ed com el muntatge i les revistes digitals. Pots veure algunes de les propostes en aquests links!<br \/>\n<a href=\"https:\/\/madmagz.com\/magazine\/1823918#\/\" target=\"_blank\" rel=\"noopener noreferrer\">objecte 1<\/a><\/p>\n<p><a href=\"https:\/\/www.flipsnack.com\/jhonalex23\/disseny-d-un-objecte-funcional-dnf6m53xu3.html\" target=\"_blank\" rel=\"noopener noreferrer\">objecte 2<\/a><\/p>\n<p><a href=\"https:\/\/www.canva.com\/design\/DAEM9TSfT6o\/jtNikI3j_RJjOSrykrlz7g\/view?utm_content=DAEM9TSfT6o&amp;utm_campaign=designshare&amp;utm_medium=link&amp;utm_source=publishsharelink\" target=\"_blank\" rel=\"noopener noreferrer\">objecte 3<\/a><\/p>\n<p><a href=\"https:\/\/madmagz.com\/magazine\/1823707#\/\" target=\"_blank\" rel=\"noopener noreferrer\">objecte 4<\/a><\/p>\n<p><a href=\"https:\/\/view.genial.ly\/5fad7593be29f80d1749c8e4\/interactive-content-hey-yo\" target=\"_blank\" rel=\"noopener noreferrer\">objecte 5<\/a><\/p>\n<p><a href=\"https:\/\/madmagz.com\/magazine\/1823530#\/\" target=\"_blank\" rel=\"noopener noreferrer\">objecte 6<\/a><\/p>\n","protected":false},"excerpt":{"rendered":"<p>Des de l&#8217;optativa de Visual i Pl\u00e0stica hem realitzat el disseny d&#8217;un objecte funcional per a un dels patis interiors de l&#8217;institut (el pati de terra). La idea ha consistit en realitzar un objecte que tingui un disseny funcional on els alumnes puguin passar m\u00e9s temps al pati. Hem treballat amb diferents vistes del sistema [&hellip;]<\/p>\n","protected":false},"author":1,"featured_media":1760,"comment_status":"closed","ping_status":"closed","sticky":false,"template":"","format":"standard","meta":{"_bbp_topic_count":0,"_bbp_reply_count":0,"_bbp_total_topic_count":0,"_bbp_total_reply_count":0,"_bbp_voice_count":0,"_bbp_anonymous_reply_count":0,"_bbp_topic_count_hidden":0,"_bbp_reply_count_hidden":0,"_bbp_forum_subforum_count":0,"site-sidebar-layout":"default","site-content-layout":"","ast-site-content-layout":"","site-content-style":"default","site-sidebar-style":"default","ast-global-header-display":"","ast-banner-title-visibility":"","ast-main-header-display":"","ast-hfb-above-header-display":"","ast-hfb-below-header-display":"","ast-hfb-mobile-header-display":"","site-post-title":"","ast-breadcrumbs-content":"","ast-featured-img":"","footer-sml-layout":"","theme-transparent-header-meta":"","adv-header-id-meta":"","stick-header-meta":"","header-above-stick-meta":"","header-main-stick-meta":"","header-below-stick-meta":"","astra-migrate-meta-layouts":"default","ast-page-background-enabled":"default","ast-page-background-meta":{"desktop":{"background-color":"var(--ast-global-color-4)","background-image":"","background-repeat":"repeat","background-position":"center center","background-size":"auto","background-attachment":"scroll","background-type":"","background-media":"","overlay-type":"","overlay-color":"","overlay-opacity":"","overlay-gradient":""},"tablet":{"background-color":"","background-image":"","background-repeat":"repeat","background-position":"center center","background-size":"auto","background-attachment":"scroll","background-type":"","background-media":"","overlay-type":"","overlay-color":"","overlay-opacity":"","overlay-gradient":""},"mobile":{"background-color":"","background-image":"","background-repeat":"repeat","background-position":"center center","background-size":"auto","background-attachment":"scroll","background-type":"","background-media":"","overlay-type":"","overlay-color":"","overlay-opacity":"","overlay-gradient":""}},"ast-content-background-meta":{"desktop":{"background-color":"var(--ast-global-color-5)","background-image":"","background-repeat":"repeat","background-position":"center center","background-size":"auto","background-attachment":"scroll","background-type":"","background-media":"","overlay-type":"","overlay-color":"","overlay-opacity":"","overlay-gradient":""},"tablet":{"background-color":"var(--ast-global-color-5)","background-image":"","background-repeat":"repeat","background-position":"center center","background-size":"auto","background-attachment":"scroll","background-type":"","background-media":"","overlay-type":"","overlay-color":"","overlay-opacity":"","overlay-gradient":""},"mobile":{"background-color":"var(--ast-global-color-5)","background-image":"","background-repeat":"repeat","background-position":"center center","background-size":"auto","background-attachment":"scroll","background-type":"","background-media":"","overlay-type":"","overlay-color":"","overlay-opacity":"","overlay-gradient":""}},"footnotes":""},"categories":[1,29],"tags":[],"class_list":["post-1759","post","type-post","status-publish","format-standard","has-post-thumbnail","hentry","category-general","category-portada"],"post_mailing_queue_ids":[],"_links":{"self":[{"href":"https:\/\/agora.xtec.cat\/ieslesmarines\/wp-json\/wp\/v2\/posts\/1759","targetHints":{"allow":["GET"]}}],"collection":[{"href":"https:\/\/agora.xtec.cat\/ieslesmarines\/wp-json\/wp\/v2\/posts"}],"about":[{"href":"https:\/\/agora.xtec.cat\/ieslesmarines\/wp-json\/wp\/v2\/types\/post"}],"author":[{"embeddable":true,"href":"https:\/\/agora.xtec.cat\/ieslesmarines\/wp-json\/wp\/v2\/users\/1"}],"replies":[{"embeddable":true,"href":"https:\/\/agora.xtec.cat\/ieslesmarines\/wp-json\/wp\/v2\/comments?post=1759"}],"version-history":[{"count":2,"href":"https:\/\/agora.xtec.cat\/ieslesmarines\/wp-json\/wp\/v2\/posts\/1759\/revisions"}],"predecessor-version":[{"id":1762,"href":"https:\/\/agora.xtec.cat\/ieslesmarines\/wp-json\/wp\/v2\/posts\/1759\/revisions\/1762"}],"wp:featuredmedia":[{"embeddable":true,"href":"https:\/\/agora.xtec.cat\/ieslesmarines\/wp-json\/wp\/v2\/media\/1760"}],"wp:attachment":[{"href":"https:\/\/agora.xtec.cat\/ieslesmarines\/wp-json\/wp\/v2\/media?parent=1759"}],"wp:term":[{"taxonomy":"category","embeddable":true,"href":"https:\/\/agora.xtec.cat\/ieslesmarines\/wp-json\/wp\/v2\/categories?post=1759"},{"taxonomy":"post_tag","embeddable":true,"href":"https:\/\/agora.xtec.cat\/ieslesmarines\/wp-json\/wp\/v2\/tags?post=1759"}],"curies":[{"name":"wp","href":"https:\/\/api.w.org\/{rel}","templated":true}]}}